{"id":2063,"date":"2020-11-26T01:41:24","date_gmt":"2020-11-26T01:41:24","guid":{"rendered":"http:\/\/esreviral.com\/?p=2063"},"modified":"2020-11-26T01:41:24","modified_gmt":"2020-11-26T01:41:24","slug":"enfotos-monumentos-de-la-ciudad-se-iluminaron-en-honor-a-maradona","status":"publish","type":"post","link":"https:\/\/esreviral.com\/?p=2063","title":{"rendered":"En Fotos: Monumentos de la Ciudad se iluminaron en honor a Maradona"},"content":{"rendered":"\n<p>El Gobierno de la Ciudad ilumina monumentos y fachadas de edificios porte\u00f1os&nbsp;<strong>con los colores de la bandera argentina<\/strong>, en homenaje al ex futbolista Diego Armando Maradona, quien falleci\u00f3 este 25 de noviembre a los 60 a\u00f1os.<\/p>\n\n\n\n<p>La iluminaci\u00f3n comenz\u00f3 este mi\u00e9rcoles a las 19 y finalizar\u00e1 a las 6 del jueves. Y se extender\u00e1&nbsp;<strong>durante los pr\u00f3ximos tres d\u00edas<\/strong>.<\/p>\n\n\n\n<figure class=\"wp-block-image size-large\"><img decoding=\"async\" src=\"https:\/\/www.buenosaires.gob.ar\/sites\/gcaba\/files\/field\/image\/diego_4.jpg\" alt=\"\"\/><\/figure>\n\n\n\n<p>La bandera argentina se refleja en el Obelisco, el Cabildo, la Pir\u00e1mide de Mayo, el Planetario, el Monumento a los Espa\u00f1oles, la Torre Monumental, la Facultad de Ingenier\u00eda, la Usina del Arte, el Palacio Lezama y la Plaza de los Dos Congresos.<\/p>\n\n\n\n<p>Tambi\u00e9n en el Puente de la Mujer el jueves 26 y el viernes 27 de noviembre, y en la Floralis Gen\u00e9rica (s\u00f3lo el jueves 26).<\/p>\n\n\n\n<p>Por otra parte, la leyenda&nbsp;<strong>GRACIAS D1EG0<\/strong>&nbsp;se coloc\u00f3 en&nbsp;<strong>alrededor de 110 carteles de leyenda variable<\/strong>&nbsp;de las calles, las l\u00edneas de subte y las autopistas porte\u00f1as.<\/p>\n\n\n\n<figure class=\"wp-block-image\"><img decoding=\"async\" src=\"https:\/\/www.buenosaires.gob.ar\/sites\/gcaba\/files\/field\/image\/dsc_0820_0.jpg\" alt=\"Monumentos y fachadas de edificios porte\u00f1os se iluminan en tributo al \u00eddolo que se fue\" title=\"GCBA\"\/><figcaption>GCBA<\/figcaption><\/figure>\n\n\n\n<p>El Jefe de Gobierno porte\u00f1o, Horacio Rodr\u00edguez Larreta, decret\u00f3 un&nbsp;<strong>duelo durante los pr\u00f3ximos tres d\u00edas en la Ciudad<\/strong>, al considerar que \u00abDiego Armando Maradona fue uno de los mayores referentes de la historia deportiva del pa\u00eds y del mundo\u201d. A su vez, lo despidi\u00f3 a trav\u00e9s de la red social Twitter: \u201cHasta siempre, Diego. Eternamente agradecido por todas las alegr\u00edas que nos diste\u00bb.<\/p>\n\n\n\n<p>Tanto la Bandera Nacional como la Bandera de la Ciudad Aut\u00f3noma de Buenos Aires permanecer\u00e1n&nbsp;<strong>izadas a media asta<\/strong>&nbsp;en todos los edificios p\u00fablicos del Gobierno porte\u00f1o durante los d\u00edas de duelo.<\/p>\n\n\n\n<figure class=\"wp-block-image\"><img decoding=\"async\" src=\"https:\/\/www.buenosaires.gob.ar\/sites\/gcaba\/files\/field\/image\/20201126070133__mg_9720.jpg\" alt=\"Monumentos y fachadas de edificios porte\u00f1os se iluminan en tributo al \u00eddolo que se fue\" title=\"CGBA\"\/><\/figure>\n\n\n\n<figure class=\"wp-block-image size-large\"><img decoding=\"async\" src=\"http:\/\/esreviral.com\/wp-content\/uploads\/2020\/11\/diego_2.jpg\" alt=\"\" class=\"wp-image-2064\"\/><\/figure>\n\n\n\n<figure class=\"wp-block-image size-large\"><img decoding=\"async\" src=\"http:\/\/esreviral.com\/wp-content\/uploads\/2020\/11\/diego_3.jpg\" alt=\"\" class=\"wp-image-2065\"\/><\/figure>\n","protected":false},"excerpt":{"rendered":"<p>En homenaje al fallecido ex futbolista, lucir\u00e1n los colores de la bandera Argentina durante los tres d\u00edas de duelo nacional, entre las 19 y las 6<\/p>\n","protected":false},"author":2,"featured_media":2067,"comment_status":"open","ping_status":"open","sticky":false,"template":"","format":"standard","meta":{"jnews-multi-image_gallery":[],"jnews_single_post":[],"jnews_primary_category":[],"jnews_social_meta":[],"jnews_review":[],"enable_review":"","type":"","name":"","summary":"","brand":"","sku":"","good":[],"bad":[],"score_override":"","override_value":"","rating":[],"price":[],"jnews_override_counter":[],"jnews_post_split":[],"footnotes":""},"categories":[58,48],"tags":[124,177],"class_list":["post-2063","post","type-post","status-publish","format-standard","has-post-thumbnail","hentry","category-argentina","category-deportes","tag-buenos-aires","tag-maradona"],"amp_enabled":true,"_links":{"self":[{"href":"https:\/\/esreviral.com\/index.php?rest_route=\/wp\/v2\/posts\/2063"}],"collection":[{"href":"https:\/\/esreviral.com\/index.php?rest_route=\/wp\/v2\/posts"}],"about":[{"href":"https:\/\/esreviral.com\/index.php?rest_route=\/wp\/v2\/types\/post"}],"author":[{"embeddable":true,"href":"https:\/\/esreviral.com\/index.php?rest_route=\/wp\/v2\/users\/2"}],"replies":[{"embeddable":true,"href":"https:\/\/esreviral.com\/index.php?rest_route=%2Fwp%2Fv2%2Fcomments&post=2063"}],"version-history":[{"count":0,"href":"https:\/\/esreviral.com\/index.php?rest_route=\/wp\/v2\/posts\/2063\/revisions"}],"wp:featuredmedia":[{"embeddable":true,"href":"https:\/\/esreviral.com\/index.php?rest_route=\/"}],"wp:attachment":[{"href":"https:\/\/esreviral.com\/index.php?rest_route=%2Fwp%2Fv2%2Fmedia&parent=2063"}],"wp:term":[{"taxonomy":"category","embeddable":true,"href":"https:\/\/esreviral.com\/index.php?rest_route=%2Fwp%2Fv2%2Fcategories&post=2063"},{"taxonomy":"post_tag","embeddable":true,"href":"https:\/\/esreviral.com\/index.php?rest_route=%2Fwp%2Fv2%2Ftags&post=2063"}],"curies":[{"name":"wp","href":"https:\/\/api.w.org\/{rel}","templated":true}]}}