{"id":20583,"date":"2022-07-11T09:02:18","date_gmt":"2022-07-11T12:02:18","guid":{"rendered":"https:\/\/esreviral.com\/?p=20583"},"modified":"2022-07-11T09:02:18","modified_gmt":"2022-07-11T12:02:18","slug":"un-joven-de-18-anos-murio-tras-la-feroz-balacera-en-el-clasico-de-la-primera-c-entre-lujan-y-alem","status":"publish","type":"post","link":"https:\/\/esreviral.com\/?p=20583","title":{"rendered":"Un joven de 18 a\u00f1os muri\u00f3 tras la feroz balacera en el cl\u00e1sico de la primera C entre Luj\u00e1n y Alem"},"content":{"rendered":"\n<p class=\"has-drop-cap\">El cl\u00e1sico de la primera C entre<strong>&nbsp;Luj\u00e1n y Alem,<\/strong>&nbsp;por la cuarta fecha del torneo del ascenso que lidera Deportivo Espa\u00f1ol,&nbsp;<strong>fue suspendido ayer a los 14 minutos del primer tiempo&nbsp;<\/strong>cuando igualaban sin goles, debido a una serie de<strong>&nbsp;incidentes que se desencadenaron tras la explosi\u00f3n de una bomba de estruendo&nbsp;<\/strong>cerca del banco de suplentes del conjunto visitante. Esta detonaci\u00f3n y el intento de ingreso de un grupo de barras con armas al predio fueron los detonantes para un feroz&nbsp;<strong>enfrentamiento entre hinchas y efectivos de la Polic\u00eda<\/strong>&nbsp;en las afueras del estadio, donde hubo&nbsp;<strong>tiros y corridas.<\/strong><\/p>\n\n\n\n<p>En la ma\u00f1ana de este lunes se confirm\u00f3 que\u00a0<strong>un joven de 18 a\u00f1os que formaba parte de la veintena de heridos por la balacera, y que ya ten\u00eda muerte cerebral por el impacto de los proyectiles en su cuerpo, falleci\u00f3.\u00a0<\/strong>Seg\u00fan informaron en<em>\u00a0LN+<\/em>, hab\u00eda ido a ver el partido y termin\u00f3 lesionado tras el cruce de barras, por lo que fue trasladado a un hospital de la zona.<\/p>\n\n\n\n<p>El cl\u00e1sico del oeste se desarrollaba el domingo sin emoci\u00f3n en el estadio Municipal de Luj\u00e1n, cuando\u00a0<strong>a los 14 de minutos de juego, desde la hinchada local arrojaron una bomba de estruendo que cay\u00f3 cerca del banco de suplentes de la visita.<\/strong>\u00a0Esta violenta acci\u00f3n impuls\u00f3 al \u00e1rbitro Nicol\u00e1s Kresta a\u00a0<strong>interrumpir moment\u00e1neamente el encuentro<\/strong>, con la esperanza de que los \u00e1nimos en el estadio se calmaran. Sin embargo, la tensi\u00f3n aument\u00f3 y, entonces, unos minutos m\u00e1s tarde tom\u00f3 la decisi\u00f3n de suspender el partido de manera definitiva.<\/p>\n\n\n\n<p>Con la cancelaci\u00f3n del encuentro, la hinchada comenz\u00f3 a salir del estadio y ya en las afueras, en la calle Carlos Pellegrini, empezaron las detonaciones con armas de fuego debido a un<strong>\u00a0enfrentamiento entre un grupo de barras de Alem armados<\/strong>, que llegaron en ese momento al estadio en un autom\u00f3vil particular y quisieron entrar a la cancha, y simpatizantes de Luj\u00e1n.<\/p>\n\n\n\n<figure class=\"wp-block-embed is-type-video is-provider-youtube wp-block-embed-youtube wp-embed-aspect-16-9 wp-has-aspect-ratio\"><div class=\"wp-block-embed__wrapper\">\n<div class=\"jeg_video_container jeg_video_content\"><iframe title=\"M\u00e1s im\u00e1genes de los graves incidentes en el cl\u00e1sico entre Luj\u00e1n y Alem\" width=\"500\" height=\"281\" src=\"https:\/\/www.youtube.com\/embed\/vIFanj_jQto?feature=oembed\" frameborder=\"0\" allow=\"accelerometer; autoplay; clipboard-write; encrypted-media; gyroscope; picture-in-picture; web-share\" referrerpolicy=\"strict-origin-when-cross-origin\" allowfullscreen><\/iframe><\/div>\n<\/div><\/figure>\n\n\n\n<p>Como resultado de los los incidentes, que la Polic\u00eda intent\u00f3 dispersar con balas de goma y gases lacrim\u00f3genos, hubo\u00a0<strong>20<\/strong>\u00a0<strong>personas heridas, entre polic\u00edas e hinchas.<\/strong>\u00a0Siete habr\u00edan recibido disparos de armas de fuego, informaron los bomberos voluntarios que se acercaron al estadio, seg\u00fan public\u00f3 el portal<em>\u00a0Luj\u00e1n En L\u00ednea,\u00a0<\/em>y seis de ellos estar\u00edan en grave estado. Los lesionados fueron trasladados al Hospital de Luj\u00e1n y a la cl\u00ednica privada G\u00fcemes, en la misma ciudad.<\/p>\n\n\n\n<p class=\"has-text-align-right\"><strong><em>L<\/em><\/strong><em><strong>A NACION<\/strong>.-<\/em><\/p>\n","protected":false},"excerpt":{"rendered":"<p>A los 14 de minutos de juego, una bomba de estruendo cay\u00f3 en las cercan\u00edas del banco de suplentes y el \u00e1rbitro interrumpi\u00f3 el partido; eso y el intento de un grupo de irrumpir en el estadio con armas deton\u00f3 el enfrentamiento entre los hinchas<\/p>\n","protected":false},"author":2,"featured_media":20584,"comment_status":"open","ping_status":"open","sticky":false,"template":"","format":"standard","meta":{"jnews-multi-image_gallery":[],"jnews_single_post":[],"jnews_primary_category":[],"jnews_social_meta":[],"jnews_review":[],"enable_review":"","type":"","name":"","summary":"","brand":"","sku":"","good":[],"bad":[],"score_override":"","override_value":"","rating":[],"price":[],"jnews_override_counter":[],"jnews_post_split":[],"footnotes":""},"categories":[64],"tags":[44,49,3127,940,45],"class_list":["post-20583","post","type-post","status-publish","format-standard","has-post-thumbnail","hentry","category-sucesos","tag-argentina","tag-deportes","tag-futbol-de-ascenso","tag-inseguridad","tag-noticias"],"amp_enabled":true,"_links":{"self":[{"href":"https:\/\/esreviral.com\/index.php?rest_route=\/wp\/v2\/posts\/20583"}],"collection":[{"href":"https:\/\/esreviral.com\/index.php?rest_route=\/wp\/v2\/posts"}],"about":[{"href":"https:\/\/esreviral.com\/index.php?rest_route=\/wp\/v2\/types\/post"}],"author":[{"embeddable":true,"href":"https:\/\/esreviral.com\/index.php?rest_route=\/wp\/v2\/users\/2"}],"replies":[{"embeddable":true,"href":"https:\/\/esreviral.com\/index.php?rest_route=%2Fwp%2Fv2%2Fcomments&post=20583"}],"version-history":[{"count":0,"href":"https:\/\/esreviral.com\/index.php?rest_route=\/wp\/v2\/posts\/20583\/revisions"}],"wp:featuredmedia":[{"embeddable":true,"href":"https:\/\/esreviral.com\/index.php?rest_route=\/"}],"wp:attachment":[{"href":"https:\/\/esreviral.com\/index.php?rest_route=%2Fwp%2Fv2%2Fmedia&parent=20583"}],"wp:term":[{"taxonomy":"category","embeddable":true,"href":"https:\/\/esreviral.com\/index.php?rest_route=%2Fwp%2Fv2%2Fcategories&post=20583"},{"taxonomy":"post_tag","embeddable":true,"href":"https:\/\/esreviral.com\/index.php?rest_route=%2Fwp%2Fv2%2Ftags&post=20583"}],"curies":[{"name":"wp","href":"https:\/\/api.w.org\/{rel}","templated":true}]}}