{"id":20580,"date":"2022-07-11T08:54:13","date_gmt":"2022-07-11T11:54:13","guid":{"rendered":"https:\/\/esreviral.com\/?p=20580"},"modified":"2022-07-11T08:54:13","modified_gmt":"2022-07-11T11:54:13","slug":"coronavirus-en-argentina-confirman-31-845-nuevos-casos-en-los-ultimos-7-dias-un-39-mas-que-la-semana-pasada","status":"publish","type":"post","link":"https:\/\/esreviral.com\/?p=20580","title":{"rendered":"Coronavirus en Argentina: confirman 31.845 nuevos casos en los \u00faltimos 7 d\u00edas, un 39% m\u00e1s que la semana pasada"},"content":{"rendered":"\n<p class=\"has-drop-cap\">El\u00a0Ministerio de Salud\u00a0inform\u00f3 este domingo que en los \u00faltimos 7 d\u00edas se detectaron\u00a0<strong>31.845 nuevos casos<\/strong>\u00a0de\u00a0coronavirus\u00a0en la Argentina, mientras que las provincias reportaron\u00a0<strong>otras 36 muertes\u00a0<\/strong>por la enfermedad\u00a0pand\u00e9mica.<\/p>\n\n\n\n<p>Los contagios subieron un 39% respecto de la semana pasada (cuando se hab\u00eda confirmado 27.154), mientras que hubo una baja del 7% en los fallecimientos.&nbsp;<\/p>\n\n\n\n<p>De esta forma, el pa\u00eds alcanz\u00f3 las 9.426.171 infecciones detectadas desde marzo de 2020 y los 129.145 casos mortales. En ambos par\u00e1metros, se trata de la 14\u00b0 cifra m\u00e1s alta a nivel mundial, seg\u00fan los registros del sitio Worldometers.<\/p>\n\n\n\n<figure class=\"wp-block-image size-large\"><img decoding=\"async\" src=\"https:\/\/www.clarin.com\/img\/2022\/04\/10\/argentina-es-el-14-pais___eqmebYkj7_720x0__1.jpg\" alt=\"\"\/><\/figure>\n\n\n\n<p>Este nuevo informe se da luego de que el pa\u00eds atravesar en mayo la cuarta ola de la pandemia. El pico de este rebrote se registr\u00f3 el 29 de mayo cuando se informaron&nbsp;<strong>51.778 infectados&nbsp;<\/strong>en una semana.<\/p>\n\n\n\n<p>De acuerdo al \u00faltimo reporte, las&nbsp;<strong>provincias con m\u00e1s contagios<\/strong>&nbsp;detectados en los pasados siete d\u00edas fueron Buenos Aires (8.954, 3.684.009 desde el inicio de la pandemia), Ciudad de Buenos Aires (5.021 &#8211;&nbsp;1.125.976),&nbsp;C\u00f3rdoba (4.541 &#8211; 1.011.100), Formosa (3.249 &#8211;&nbsp;<strong><\/strong>119.407),&nbsp;Tucum\u00e1n (1.869 &#8211; 345.368) y Santa Fe (1.388 &#8211;&nbsp;750.203).<\/p>\n\n\n\n<p><strong><span style=\"background-color:#a30003\" class=\"td_text_highlight_marker\">El detalle de los internados y las muertes por coronavirus<\/span><\/strong><\/p>\n\n\n\n<p>El Ministerio de Salud inform\u00f3 que hay&nbsp;<strong>393 pacientes graves<\/strong>&nbsp;con coronavirus, 17 menos que el domingo pasado. Adem\u00e1s, la ocupaci\u00f3n de camas de terapia intensiva para adultos (todas las patolog\u00edas) es de&nbsp;<strong>43,8% a nivel nacional<\/strong>, lo que evidencia un leve retroceso con respecto a la semana anterior, cuando ese \u00edndice se ubicaba en 44,6%.<\/p>\n\n\n\n<p>Nueve provincias informaron muertes por Covid en la \u00faltima semana.\u00a0Buenos Aires\u00a0fue el\u00a0<strong>distrito con m\u00e1s fallecidos por coronavirus<\/strong>: registr\u00f3 16, lo que eleva el total de fallecidos en territorio bonaerense hasta 60.275.<\/p>\n\n\n\n<p>M\u00e1s atr\u00e1s se ubicaron la Ciudad de Buenos Aires (5 &#8211; 12.647) y Entre R\u00edos (5 &#8211; 2.831). Tambi\u00e9n se registraron decesos por coronavirus en Neuqu\u00e9n (3 &#8211; 2.578), Catamarca (2 &#8211; 774), R\u00edo Negro (2 &#8211; 2.625), Tierra del Fuego (2 &#8211; 571), Misiones (1 &#8211; 933) y San Juan (1 &#8211; 1.249). En tanto, C\u00f3rdoba corrigi\u00f3 el dato de un fallecido mal contabilizado en un informe&nbsp;anterior.<\/p>\n\n\n\n<p>Por otro lado, la Argentina lleva aplicadas 106.474.858 dosis de la vacuna contra el coronavirus. Son 40.853.563 las personas que tienen su esquema iniciado y 37.632.875 ya completaron el esquema previsto. De ellas, 24.881.147 recibieron dosis de refuerzo y 3.107.273 se aplicaron una dosis adicional.<\/p>\n\n\n\n<p>En total, ya se distribuyeron 114.183.509 dosis distribuidas a las jurisdicciones, mientras que 5.083.000 fueron donadas.<\/p>\n\n\n\n<p><img decoding=\"async\" src=\"https:\/\/www.clarin.com\/img\/2022\/02\/14\/casi-41-millones-de-personas___k-ER6-Dsk_720x0__1.jpg\" alt=\"Casi 41 millones de personas iniciaron su esquema de vacunaci\u00f3n contra el Covid en Argentina. Foto Mart\u00edn Bonetto\"><\/p>\n\n\n\n<p>Casi 41 millones de personas iniciaron su esquema de vacunaci\u00f3n contra el Covid en Argentina. Foto Mart\u00edn Bonetto<\/p>\n\n\n\n<p><strong><span style=\"background-color:#a30003\" class=\"td_text_highlight_marker\">Vacunas para beb\u00e9s<\/span><\/strong><\/p>\n\n\n\n<p>El viernes la ministra de Salud, Carla Vizzotti, anunci\u00f3 que la Argentina recibir\u00e1 el 25 de julio el primer env\u00edo de 1.400.000 dosis de la vacuna pedi\u00e1trica del laboratorio Moderna para inmunizar contra el coronavirus a ni\u00f1os de entre seis meses y tres a\u00f1os, que hasta ahora no ten\u00edan disponibilidad de este esquema de vacunaci\u00f3n.<\/p>\n\n\n\n<p>Vizzotti dijo que \u00abse firm\u00f3 una enmienda del contrato con el laboratorio Moderna para el env\u00edo de estas vacunas\u00bb, las que adem\u00e1s posibilitar\u00e1n que se aplique el refuerzo para ni\u00f1os de entre tres y cinco a\u00f1os que ya hab\u00edan iniciado su esquema de vacunaci\u00f3n con Sinopharm.<\/p>\n\n\n\n<p>Tras el anuncio de Vizzotti, el presidente Alberto Fern\u00e1ndez poste\u00f3 en su cuenta de Twitter que \u00abArgentina se convierte en el primer pa\u00eds de Latinoam\u00e9rica, y en uno de los primeros del mundo, en comenzar a vacunar contra el Covid-19\u00bb a ni\u00f1as y ni\u00f1os desde esa edad.<\/p>\n\n\n\n<p class=\"has-text-align-right\"><em><strong>Clarin<\/strong><\/em><strong><em>.-<\/em><\/strong><\/p>\n","protected":false},"excerpt":{"rendered":"<p>Sale del informe que public\u00f3 este domingo el Ministerio de Salud. Hubo otras 36 muertes, lo que represent\u00f3 una baja del 7%.<\/p>\n","protected":false},"author":2,"featured_media":20581,"comment_status":"open","ping_status":"open","sticky":false,"template":"","format":"standard","meta":{"jnews-multi-image_gallery":[],"jnews_single_post":[],"jnews_primary_category":[],"jnews_social_meta":[],"jnews_review":[],"enable_review":"","type":"","name":"","summary":"","brand":"","sku":"","good":[],"bad":[],"score_override":"","override_value":"","rating":[],"price":[],"jnews_override_counter":[],"jnews_post_split":[],"footnotes":""},"categories":[58,76],"tags":[44,77,188,580,45],"class_list":["post-20580","post","type-post","status-publish","format-standard","has-post-thumbnail","hentry","category-argentina","category-coronavirus","tag-argentina","tag-coronavirus","tag-covid-19","tag-ministerio-de-salud","tag-noticias"],"amp_enabled":true,"_links":{"self":[{"href":"https:\/\/esreviral.com\/index.php?rest_route=\/wp\/v2\/posts\/20580"}],"collection":[{"href":"https:\/\/esreviral.com\/index.php?rest_route=\/wp\/v2\/posts"}],"about":[{"href":"https:\/\/esreviral.com\/index.php?rest_route=\/wp\/v2\/types\/post"}],"author":[{"embeddable":true,"href":"https:\/\/esreviral.com\/index.php?rest_route=\/wp\/v2\/users\/2"}],"replies":[{"embeddable":true,"href":"https:\/\/esreviral.com\/index.php?rest_route=%2Fwp%2Fv2%2Fcomments&post=20580"}],"version-history":[{"count":0,"href":"https:\/\/esreviral.com\/index.php?rest_route=\/wp\/v2\/posts\/20580\/revisions"}],"wp:featuredmedia":[{"embeddable":true,"href":"https:\/\/esreviral.com\/index.php?rest_route=\/"}],"wp:attachment":[{"href":"https:\/\/esreviral.com\/index.php?rest_route=%2Fwp%2Fv2%2Fmedia&parent=20580"}],"wp:term":[{"taxonomy":"category","embeddable":true,"href":"https:\/\/esreviral.com\/index.php?rest_route=%2Fwp%2Fv2%2Fcategories&post=20580"},{"taxonomy":"post_tag","embeddable":true,"href":"https:\/\/esreviral.com\/index.php?rest_route=%2Fwp%2Fv2%2Ftags&post=20580"}],"curies":[{"name":"wp","href":"https:\/\/api.w.org\/{rel}","templated":true}]}}