{"id":20557,"date":"2022-07-08T09:10:30","date_gmt":"2022-07-08T12:10:30","guid":{"rendered":"https:\/\/esreviral.com\/?p=20557"},"modified":"2022-07-08T09:10:30","modified_gmt":"2022-07-08T12:10:30","slug":"condenan-a-21-anos-de-prision-al-policia-que-mato-a-george-floyd","status":"publish","type":"post","link":"https:\/\/esreviral.com\/?p=20557","title":{"rendered":"Condenan a 21 a\u00f1os de prisi\u00f3n al polic\u00eda que mat\u00f3 a George Floyd"},"content":{"rendered":"\n<p class=\"has-drop-cap\">Una\u00a0<strong>corte federal<\/strong>\u00a0de\u00a0Estados Unidos\u00a0conden\u00f3 este jueves a 21 a\u00f1os de c\u00e1rcel al polic\u00eda Derek Chauvin por haber asfixiado con la rodilla a\u00a0George Floyd\u00a0en 2020.<\/p>\n\n\n\n<p>El ex polic\u00eda de 46 a\u00f1os<strong>&nbsp;ya fue condenado a 22 a\u00f1os y medio<\/strong>&nbsp;de prisi\u00f3n por un tribunal del estado de Minnesota, pero apel\u00f3 el fallo.<\/p>\n\n\n\n<p><strong>Cumplir\u00e1 las sentencias simult\u00e1neamente<\/strong>, y podr\u00e1 hacerlo en una prisi\u00f3n federal, en lugar de en una penitenciar\u00eda estatal de Minnesota, donde&nbsp;<strong>est\u00e1 recluido en r\u00e9gimen de aislamiento<\/strong>&nbsp;para protegerlo de otros reclusos.<\/p>\n\n\n\n<p><strong>La pena federal por \u00abviolaci\u00f3n de los derechos c\u00edvicos\u00bb&nbsp;<\/strong>del afroamericano es definitiva porque deriva de su aceptaci\u00f3n de culpabilidad.<\/p>\n\n\n\n<p>\u00abRealmente no s\u00e9 por qu\u00e9 ha hecho lo que ha hecho\u00bb, dijo el juez de la corte federal de distrito Paul Magnuson al pronunciar la sentencia.<\/p>\n\n\n\n<p>\u00abPero&nbsp;<strong>poner la rodilla en el cuello de otra persona hasta que muera est\u00e1 mal<\/strong>\u00bb y \u00abdebes ser castigado sustancialmente\u00bb, afirm\u00f3, tal como reproduce la agencia de noticias AFP.<\/p>\n\n\n\n<p>Durante una breve intervenci\u00f3n,&nbsp;<strong>Derek Chauvin les dese\u00f3 a los hijos de George Floyd \u00abtriunfar en la vida\u00bb, pero no se disculp\u00f3 ni expres\u00f3 remordimiento<\/strong>.<\/p>\n\n\n\n<p>Su madre, Carolyn Pawlenty, asegur\u00f3 que \u00e9l no era un racista despiadado y a\u00f1adi\u00f3 que \u00abtodas las vidas importan, sea cual sea su color de piel\u00bb, parafraseando el lema Black Lives Matter (las vidas de los negros importan).<\/p>\n\n\n\n<p>El hermano del fallecido Philonise Floyd reclam\u00f3 \u00abla pena m\u00e1xima\u00bb para Derek Chauvin y cont\u00f3 que desde la tragedia no consigue dormir.<\/p>\n\n\n\n<p><strong><span style=\"background-color:#a30003\" class=\"td_text_highlight_marker\">El asesinato de George Floyd y el primer juicio<\/span><\/strong><\/p>\n\n\n\n<p>El 25 de mayo de 2020, este polic\u00eda de Minneapolis detuvo y redujo a George Floyd presionando su cuello con la rodilla durante casi diez minutos, indiferente a las protestas de los transe\u00fantes y a los gemidos de la v\u00edctima.<\/p>\n\n\n\n<p>La escena, filmada y publicada en l\u00ednea, desat\u00f3 manifestaciones multitudinarias contra el racismo y la violencia policial, tanto en Estados Unidos como en otros pa\u00edses.<\/p>\n\n\n\n<p>Durante un juicio muy seguido ante un tribunal estatal de Minnesota en 2021, su abogado afirm\u00f3 que George Floyd muri\u00f3 como consecuencia de una sobredosis y problemas de salud, y que Derek Chauvin hab\u00eda hecho un uso justificado de la fuerza.<\/p>\n\n\n\n<p>Un argumento que no convenci\u00f3 al jurado, que lo declar\u00f3 culpable de asesinato y lo conden\u00f3 a 22 a\u00f1os y medio de prisi\u00f3n. \u00c9l apel\u00f3 la sentencia.<\/p>\n\n\n\n<p>Al mismo tiempo, la justicia federal abri\u00f3 su propio procesamiento acus\u00e1ndolos a \u00e9l y a sus tres ex colegas de \u00abviolaci\u00f3n de los derechos constitucionales\u00bb de George Floyd, concretamente el de \u00abno ser v\u00edctima de un uso irrazonable\u00bb de la fuerza por parte de un polic\u00eda.<\/p>\n\n\n\n<p>Estos \u00abdobles\u00bb procesamientos est\u00e1n autorizados en Estados Unidos, pero son relativamente poco frecuentes y reflejan la importancia de este expediente que ha reabierto un debate acalorado sobre el pasado racista de Estados Unidos.<\/p>\n\n\n\n<p>En el caso federal primero se declar\u00f3 no culpable, pero en diciembre de 2021 cambi\u00f3 de estrategia y reconoci\u00f3 por primera vez cierta responsabilidad en los hechos.<\/p>\n\n\n\n<p>Admiti\u00f3 haber utilizado la fuerza, \u00absabiendo que estaba mal\u00bb y \u00absin justificaci\u00f3n legal\u00bb.<\/p>\n\n\n\n<p>Tambi\u00e9n reconoci\u00f3 haber actuado mal con un adolescente negro de 14 a\u00f1os en 2017, a quien mantuvo en el suelo presionando la rodilla sobre \u00e9l durante un cuarto de hora.<\/p>\n\n\n\n<p>\u00abEspero que use el tiempo que tiene por delante para pensar en lo que podr\u00eda haber hecho de otra manera\u00bb, coment\u00f3 el joven, John Pope, durante la vista judicial del jueves.<\/p>\n\n\n\n<p>Los otros tres agentes, que permanecieron pasivos durante el calvario de George Floyd, fueron declarados culpables en febrero por una corte federal, pero a\u00fan no se han pronunciado las sentencias.<\/p>\n\n\n\n<p>La justicia del estado tambi\u00e9n los acusa de complicidad en asesinato. Uno de ellos, Thomas Lane, se declar\u00f3 culpable y conocer\u00e1 la pena el 21 de septiembre. El juicio de los otros dos, Tou Thao y Alexander Kueng, comenzar\u00e1 el 24 de octubre.<\/p>\n\n\n\n<p class=\"has-text-align-right\"><em><strong>Clar<\/strong><\/em><strong><em>in.-<\/em><\/strong><\/p>\n","protected":false},"excerpt":{"rendered":"<p>Ya hab\u00eda sido condenado a 22 a\u00f1os en Minnesota y ahora una corte federal ampli\u00f3 su tiempo en prisi\u00f3n.<\/p>\n","protected":false},"author":2,"featured_media":20560,"comment_status":"open","ping_status":"open","sticky":false,"template":"","format":"standard","meta":{"jnews-multi-image_gallery":[],"jnews_single_post":[],"jnews_primary_category":[],"jnews_social_meta":[],"jnews_review":[],"enable_review":"","type":"","name":"","summary":"","brand":"","sku":"","good":[],"bad":[],"score_override":"","override_value":"","rating":[],"price":[],"jnews_override_counter":[],"jnews_post_split":[],"footnotes":""},"categories":[88],"tags":[3114,136,736,45,3115],"class_list":["post-20557","post","type-post","status-publish","format-standard","has-post-thumbnail","hentry","category-internacionales","tag-derek-chauvin","tag-estados-unidos","tag-george-floyd","tag-noticias","tag-policia-2"],"amp_enabled":true,"_links":{"self":[{"href":"https:\/\/esreviral.com\/index.php?rest_route=\/wp\/v2\/posts\/20557"}],"collection":[{"href":"https:\/\/esreviral.com\/index.php?rest_route=\/wp\/v2\/posts"}],"about":[{"href":"https:\/\/esreviral.com\/index.php?rest_route=\/wp\/v2\/types\/post"}],"author":[{"embeddable":true,"href":"https:\/\/esreviral.com\/index.php?rest_route=\/wp\/v2\/users\/2"}],"replies":[{"embeddable":true,"href":"https:\/\/esreviral.com\/index.php?rest_route=%2Fwp%2Fv2%2Fcomments&post=20557"}],"version-history":[{"count":0,"href":"https:\/\/esreviral.com\/index.php?rest_route=\/wp\/v2\/posts\/20557\/revisions"}],"wp:featuredmedia":[{"embeddable":true,"href":"https:\/\/esreviral.com\/index.php?rest_route=\/"}],"wp:attachment":[{"href":"https:\/\/esreviral.com\/index.php?rest_route=%2Fwp%2Fv2%2Fmedia&parent=20557"}],"wp:term":[{"taxonomy":"category","embeddable":true,"href":"https:\/\/esreviral.com\/index.php?rest_route=%2Fwp%2Fv2%2Fcategories&post=20557"},{"taxonomy":"post_tag","embeddable":true,"href":"https:\/\/esreviral.com\/index.php?rest_route=%2Fwp%2Fv2%2Ftags&post=20557"}],"curies":[{"name":"wp","href":"https:\/\/api.w.org\/{rel}","templated":true}]}}