{"id":20542,"date":"2022-07-08T05:58:54","date_gmt":"2022-07-08T08:58:54","guid":{"rendered":"https:\/\/esreviral.com\/?p=20542"},"modified":"2022-07-08T05:58:54","modified_gmt":"2022-07-08T08:58:54","slug":"cerruti-el-programa-economico-fue-ratificado-y-sigue-su-rumbo","status":"publish","type":"post","link":"https:\/\/esreviral.com\/?p=20542","title":{"rendered":"Cerruti: \u201cEl programa econ\u00f3mico fue ratificado y sigue su rumbo\u201d"},"content":{"rendered":"\n<p class=\"has-drop-cap\">En su habitual conferencia de prensa a los acreditados en la Casa Rosada, esta vez realizada a la tarde, destac\u00f3 el crecimiento de la actividad industrial, 11,9% interanual en mayo con respecto a 2021, y de la construcci\u00f3n que se expandi\u00f3 19,9% en el mismo periodo. \u201cYa se recuperaron y se crearon 450 mil empleos en la construcci\u00f3n\u201d, resalt\u00f3 y agreg\u00f3: \u201cDe los 16 sectores manufactureros, 15 sectores crecieron, esto significa un incremento del 5,7% en el acumulado entre enero y mayo del 2022\u201d.<\/p>\n\n\n\n<p>En ese sentido, resalt\u00f3, que la ministra de Econom\u00eda, Silvina Batakis, \u201cdijo lo mismo que venimos sosteniendo: hay que elegir a d\u00f3nde se dirigen los d\u00f3lares y para qu\u00e9 tipo de importaciones\u201d. Y remarc\u00f3 que \u201cel gobierno prioriza los medicamentos, los fertilizantes para el campo, las autopartes para la industria automotriz. Todo aquello que haga que crezca el trabajo y la producci\u00f3n\u201d.<\/p>\n\n\n\n<figure class=\"wp-block-image size-large\"><img decoding=\"async\" src=\"https:\/\/esreviral.com\/wp-content\/uploads\/2022\/07\/20220707172704__DF_0072-1024x683.jpg\" alt=\"\" class=\"wp-image-20544\"\/><\/figure>\n\n\n\n<p>Con respecto al empleo, adelant\u00f3 que \u201cma\u00f1ana vamos a tener n\u00fameros muy estimulantes con respecto a la creaci\u00f3n de empleo privado, registrado, en blanco y baja del desempleo\u201d, y reafirm\u00f3 que \u201cel gobierno est\u00e1 conforme con el grado de crecimiento y de desarrollo que estamos logrando\u201d.<\/p>\n\n\n\n<p>Cerruti tambi\u00e9n se refiri\u00f3 al aumento de la inflaci\u00f3n en el pa\u00eds y en el mundo. \u201cEste gobierno lo toma como prioridad y sabe que hay una bater\u00eda de medidas que hay que tomar y en simult\u00e1neo. No es solamente una medida, la inflaci\u00f3n, adem\u00e1s de ser multicausal en la Argentina, lleva muchos a\u00f1os y tiene ahora un componente externo muy fuerte\u201d, explic\u00f3.<\/p>\n\n\n\n<p>Por \u00faltimo, afirm\u00f3 que la ministra y el equipo de Comercio Interior est\u00e1n trabajando para que \u201cacaben r\u00e1pidamente las maniobras especulativas y que todos entiendan que cuando estamos hablando de los precios de los productos, estamos hablando de los alimentos de los argentinos y las argentinas\u201d.<\/p>\n\n\n\n<figure class=\"wp-block-embed is-type-video is-provider-youtube wp-block-embed-youtube wp-embed-aspect-16-9 wp-has-aspect-ratio\"><div class=\"wp-block-embed__wrapper\">\n<div class=\"jeg_video_container jeg_video_content\"><iframe title=\"Conferencia de prensa de la portavoz de la Presidencia, Gabriela Cerruti.\" width=\"500\" height=\"281\" src=\"https:\/\/www.youtube.com\/embed\/4hnA6rLMHs8?feature=oembed\" frameborder=\"0\" allow=\"accelerometer; autoplay; clipboard-write; encrypted-media; gyroscope; picture-in-picture; web-share\" referrerpolicy=\"strict-origin-when-cross-origin\" allowfullscreen><\/iframe><\/div>\n<\/div><\/figure>\n\n\n\n<p class=\"has-text-align-right\"><strong><em>Prensa Presidencia.-<\/em><\/strong><\/p>\n","protected":false},"excerpt":{"rendered":"<p>La portavoz de la Presidencia, Gabriela Cerruti, ratific\u00f3 hoy que el programa econ\u00f3mico \u201csigue su rumbo\u201d y que \u201cincluye como prioridad la lucha contra la inflaci\u00f3n y el cuidado de la mesa de los argentinos\u201d.<\/p>\n","protected":false},"author":2,"featured_media":20543,"comment_status":"open","ping_status":"open","sticky":false,"template":"","format":"standard","meta":{"jnews-multi-image_gallery":[],"jnews_single_post":[],"jnews_primary_category":[],"jnews_social_meta":[],"jnews_review":[],"enable_review":"","type":"","name":"","summary":"","brand":"","sku":"","good":[],"bad":[],"score_override":"","override_value":"","rating":[],"price":[],"jnews_override_counter":[],"jnews_post_split":[],"footnotes":""},"categories":[61],"tags":[44,3105,3106,62,45],"class_list":["post-20542","post","type-post","status-publish","format-standard","has-post-thumbnail","hentry","category-economia","tag-argentina","tag-casa-rosada","tag-cerruti","tag-economia","tag-noticias"],"amp_enabled":true,"_links":{"self":[{"href":"https:\/\/esreviral.com\/index.php?rest_route=\/wp\/v2\/posts\/20542"}],"collection":[{"href":"https:\/\/esreviral.com\/index.php?rest_route=\/wp\/v2\/posts"}],"about":[{"href":"https:\/\/esreviral.com\/index.php?rest_route=\/wp\/v2\/types\/post"}],"author":[{"embeddable":true,"href":"https:\/\/esreviral.com\/index.php?rest_route=\/wp\/v2\/users\/2"}],"replies":[{"embeddable":true,"href":"https:\/\/esreviral.com\/index.php?rest_route=%2Fwp%2Fv2%2Fcomments&post=20542"}],"version-history":[{"count":0,"href":"https:\/\/esreviral.com\/index.php?rest_route=\/wp\/v2\/posts\/20542\/revisions"}],"wp:featuredmedia":[{"embeddable":true,"href":"https:\/\/esreviral.com\/index.php?rest_route=\/"}],"wp:attachment":[{"href":"https:\/\/esreviral.com\/index.php?rest_route=%2Fwp%2Fv2%2Fmedia&parent=20542"}],"wp:term":[{"taxonomy":"category","embeddable":true,"href":"https:\/\/esreviral.com\/index.php?rest_route=%2Fwp%2Fv2%2Fcategories&post=20542"},{"taxonomy":"post_tag","embeddable":true,"href":"https:\/\/esreviral.com\/index.php?rest_route=%2Fwp%2Fv2%2Ftags&post=20542"}],"curies":[{"name":"wp","href":"https:\/\/api.w.org\/{rel}","templated":true}]}}