{"id":20531,"date":"2022-07-07T22:27:25","date_gmt":"2022-07-08T01:27:25","guid":{"rendered":"https:\/\/esreviral.com\/?p=20531"},"modified":"2022-07-07T22:27:25","modified_gmt":"2022-07-08T01:27:25","slug":"conviasa-volvio-a-cancelar-los-vuelos-hacia-argentina-y-mas-de-200-venezolanos-quedaron-varados","status":"publish","type":"post","link":"https:\/\/esreviral.com\/?p=20531","title":{"rendered":"Conviasa volvi\u00f3 a cancelar los vuelos hacia Argentina y m\u00e1s de 200 venezolanos quedaron varados"},"content":{"rendered":"\n<p><strong>Conviasa, inform\u00f3 este jueves que cancel\u00f3 todos sus vuelos programados a Argentina y Chile<\/strong>\u00a0por la negativa de las autoridades aeron\u00e1uticas en esos dos pa\u00edses de suministrar combustible a la aerol\u00ednea venezolana.<\/p>\n\n\n\n<p>En total, la compa\u00f1\u00eda a\u00e9rea cancel\u00f3 12 vuelos entre Caracas y Buenos Aires, y cuatro entre la capital venezolana y Santiago de Chile.<\/p>\n\n\n\n<p>\u201cSe les informa a nuestros pasajeros que debido a la situaci\u00f3n de \u00edndole operacional y fuerza mayor, no imputable a CONVIASA y que no se pudo evitar, referida a la&nbsp;<strong>negativa de prestarnos los servicios necesarios para la ejecuci\u00f3n de nuestra operaciones en el Aeropuerto Internacional Ministro Pistarini Ezeiza Argentina, por parte de los Proveedores de Servicios Aeron\u00e1uticos y abastecimiento de Combustible<\/strong>, nuestra aerol\u00ednea, tiene la obligaci\u00f3n de notificar la Cancelaci\u00f3n de los vuelos programados en la ruta Caracas \u2013 Ezeiza \u2013 Caracas\u201d, dice el comunicado de la compa\u00f1\u00eda a\u00e9rea venezolana.<\/p>\n\n\n\n<p>Un comunicado similar fue tambi\u00e9n enviado a los pasajeros y clientes interesado en viajar a Chile. Mientras tanto, los vuelos que estaban programados para los pr\u00f3ximos d\u00edas fueron reprogramados para entre mediados de julio y septiembre.<\/p>\n\n\n\n<p>La aerol\u00ednea no espec\u00edfica c\u00f3mo solucionar\u00e1 el inconveniente a los pasajeros que hab\u00edan comprado boletos. Seg\u00fan estimaciones,\u00a0<strong>m\u00e1s de 200 personas se ver\u00edan afectadas por las cancelaciones.<\/strong><\/p>\n\n\n\n<p>El pasado 30 de junio, se conoci\u00f3 que\u00a0<strong>Conviasa contrat\u00f3 a la aerol\u00ednea boliviana Amaszonas,C.A.\u00a0<\/strong>para hacer el trayecto Caracas &#8211; Ezeiza del vuelo 3550 que hab\u00eda sido cancelado.<\/p>\n\n\n\n<p><strong><span style=\"background-color:#9a1b22\" class=\"td_text_highlight_marker\">\u00abNo s\u00e9 qu\u00e9 hacer\u00bb<\/span><\/strong><\/p>\n\n\n\n<p>Jos\u00e9 Mart\u00ednez, uno de los afectados por esta nueva cancelaci\u00f3n de vuelos, inform\u00f3 que la situaci\u00f3n se complica porque se va definitivamente de Argentina y ya hab\u00eda planificado todo, incluso est\u00e1 por entregar el departamento donde viv\u00eda alquilado. <\/p>\n\n\n\n<p>\u00abSe supon\u00eda que el 12 nos \u00edbamos y ahora con esto no sabemos qu\u00e9 hacer porque no tengo ni d\u00f3nde dormir. Conviasa tiene que respondernos\u00bb. <\/p>\n\n\n\n<p>As\u00ed como \u00e9l son cientos de historias que se repiten, por lo que se est\u00e1n organizando para iniciar una serie de protestas tanto en el aeropuerto de Ezeiza como en la embajada venezolana en Argentina. <\/p>\n","protected":false},"excerpt":{"rendered":"<p>mUHAS DE ESTAS PERSONAS SE IBAN DEFINITIVAMENTE A VENEZUELA<\/p>\n","protected":false},"author":2,"featured_media":20532,"comment_status":"open","ping_status":"open","sticky":false,"template":"","format":"standard","meta":{"jnews-multi-image_gallery":[],"jnews_single_post":[],"jnews_primary_category":[],"jnews_social_meta":[],"jnews_review":[],"enable_review":"","type":"","name":"","summary":"","brand":"","sku":"","good":[],"bad":[],"score_override":"","override_value":"","rating":[],"price":[],"jnews_override_counter":[],"jnews_post_split":[],"footnotes":""},"categories":[54],"tags":[44,45,67],"class_list":["post-20531","post","type-post","status-publish","format-standard","has-post-thumbnail","hentry","category-inmigracion","tag-argentina","tag-noticias","tag-venezolanos-en-argentina"],"amp_enabled":true,"_links":{"self":[{"href":"https:\/\/esreviral.com\/index.php?rest_route=\/wp\/v2\/posts\/20531"}],"collection":[{"href":"https:\/\/esreviral.com\/index.php?rest_route=\/wp\/v2\/posts"}],"about":[{"href":"https:\/\/esreviral.com\/index.php?rest_route=\/wp\/v2\/types\/post"}],"author":[{"embeddable":true,"href":"https:\/\/esreviral.com\/index.php?rest_route=\/wp\/v2\/users\/2"}],"replies":[{"embeddable":true,"href":"https:\/\/esreviral.com\/index.php?rest_route=%2Fwp%2Fv2%2Fcomments&post=20531"}],"version-history":[{"count":0,"href":"https:\/\/esreviral.com\/index.php?rest_route=\/wp\/v2\/posts\/20531\/revisions"}],"wp:featuredmedia":[{"embeddable":true,"href":"https:\/\/esreviral.com\/index.php?rest_route=\/"}],"wp:attachment":[{"href":"https:\/\/esreviral.com\/index.php?rest_route=%2Fwp%2Fv2%2Fmedia&parent=20531"}],"wp:term":[{"taxonomy":"category","embeddable":true,"href":"https:\/\/esreviral.com\/index.php?rest_route=%2Fwp%2Fv2%2Fcategories&post=20531"},{"taxonomy":"post_tag","embeddable":true,"href":"https:\/\/esreviral.com\/index.php?rest_route=%2Fwp%2Fv2%2Ftags&post=20531"}],"curies":[{"name":"wp","href":"https:\/\/api.w.org\/{rel}","templated":true}]}}