{"id":2053,"date":"2020-11-25T17:25:03","date_gmt":"2020-11-25T17:25:03","guid":{"rendered":"http:\/\/esreviral.com\/?p=2053"},"modified":"2020-11-25T17:25:03","modified_gmt":"2020-11-25T17:25:03","slug":"tres-dias-de-duelo-nacional-por-el-fallecimiento-de-maradona","status":"publish","type":"post","link":"https:\/\/esreviral.com\/?p=2053","title":{"rendered":"Tres d\u00edas de duelo nacional por el fallecimiento de Maradona"},"content":{"rendered":"\n<p>Con motivo del fallecimiento de Diego Armando Maradona, el Presidente de la Naci\u00f3n, Alberto Fern\u00e1ndez , decretar\u00e1 tres d\u00edas de duelo nacional a partir del d\u00eda de la fecha.<\/p>\n\n\n\n<p>A la 1:19pm se confirm\u00f3 el fallecimiento del 10 argentino <\/p>\n","protected":false},"excerpt":{"rendered":"<p>Con motivo del fallecimiento de Diego Armando Maradona, el Presidente de la Naci\u00f3n, Alberto Fern\u00e1ndez , decretar\u00e1 tres d\u00edas de duelo nacional a partir del d\u00eda de la fecha. A la 1:19pm se confirm\u00f3 el fallecimiento del 10 argentino<\/p>\n","protected":false},"author":2,"featured_media":2054,"comment_status":"open","ping_status":"open","sticky":false,"template":"","format":"standard","meta":{"jnews-multi-image_gallery":[],"jnews_single_post":[],"jnews_primary_category":[],"jnews_social_meta":[],"jnews_review":[],"enable_review":"","type":"","name":"","summary":"","brand":"","sku":"","good":[],"bad":[],"score_override":"","override_value":"","rating":[],"price":[],"jnews_override_counter":[],"jnews_post_split":[],"footnotes":""},"categories":[58,48],"tags":[206,177],"class_list":["post-2053","post","type-post","status-publish","format-standard","has-post-thumbnail","hentry","category-argentina","category-deportes","tag-diego-maradona","tag-maradona"],"amp_enabled":true,"_links":{"self":[{"href":"https:\/\/esreviral.com\/index.php?rest_route=\/wp\/v2\/posts\/2053"}],"collection":[{"href":"https:\/\/esreviral.com\/index.php?rest_route=\/wp\/v2\/posts"}],"about":[{"href":"https:\/\/esreviral.com\/index.php?rest_route=\/wp\/v2\/types\/post"}],"author":[{"embeddable":true,"href":"https:\/\/esreviral.com\/index.php?rest_route=\/wp\/v2\/users\/2"}],"replies":[{"embeddable":true,"href":"https:\/\/esreviral.com\/index.php?rest_route=%2Fwp%2Fv2%2Fcomments&post=2053"}],"version-history":[{"count":0,"href":"https:\/\/esreviral.com\/index.php?rest_route=\/wp\/v2\/posts\/2053\/revisions"}],"wp:featuredmedia":[{"embeddable":true,"href":"https:\/\/esreviral.com\/index.php?rest_route=\/"}],"wp:attachment":[{"href":"https:\/\/esreviral.com\/index.php?rest_route=%2Fwp%2Fv2%2Fmedia&parent=2053"}],"wp:term":[{"taxonomy":"category","embeddable":true,"href":"https:\/\/esreviral.com\/index.php?rest_route=%2Fwp%2Fv2%2Fcategories&post=2053"},{"taxonomy":"post_tag","embeddable":true,"href":"https:\/\/esreviral.com\/index.php?rest_route=%2Fwp%2Fv2%2Ftags&post=2053"}],"curies":[{"name":"wp","href":"https:\/\/api.w.org\/{rel}","templated":true}]}}