{"id":20519,"date":"2022-07-07T13:15:56","date_gmt":"2022-07-07T16:15:56","guid":{"rendered":"https:\/\/esreviral.com\/?p=20519"},"modified":"2022-07-07T13:15:56","modified_gmt":"2022-07-07T16:15:56","slug":"comenzo-la-escasez-en-argentina-papel-higienico-y-cafe","status":"publish","type":"post","link":"https:\/\/esreviral.com\/?p=20519","title":{"rendered":"Comenz\u00f3 la escasez en Argentina: Papel higi\u00e9nico y caf\u00e9"},"content":{"rendered":"\n<p>Como si se tratara de un <em>deja vu<\/em>, ahora en Argentina comenz\u00f3 una escasez del papel higi\u00e9nico debido a las trabajas para las importaciones y la <meta charset=\"utf-8\">incertidumbre cambiaria de los \u00faltimos d\u00edas, aunado al aumento del precio blue a inicios de semana. <\/p>\n\n\n\n<p>En los anaqueles de los supermercados comienza a notarse la escasez de algunos productos, como servilletas y rollos de cocina, caf\u00e9 y cacao en el caso de los almacenes. Tambi\u00e9n se acent\u00fao la escasez de calzado y ropa deportiva, que ya se ven\u00eda observando desde hace casi un a\u00f1o.<\/p>\n\n\n\n<p>\u201cObviamente, hay faltantes y hay retracci\u00f3n de los proveedores que no est\u00e1n entregando productos. Y de los comercios que, en algunos casos, para vender tenemos un problema de falta de referencia precios. Se toma como ancla el nivel que toma el d\u00f3lar blue, se referencia en ese valor. As\u00ed que hay faltantes y tambi\u00e9n hay retracci\u00f3n de operaciones\u201d, se\u00f1al\u00f3&nbsp;<strong>Salvador Femen\u00eda<\/strong>, vocero de Confederaci\u00f3n Argentina de la Mediana Empresa (CAME).<\/p>\n\n\n\n<p>\u201cEstamos esperando se\u00f1ales claras del Gobierno, a trav\u00e9s del ministerio de Econom\u00eda, de que esto se normalice, si no hay una situaci\u00f3n de par\u00e1lisis que no es buena para nuestra econom\u00eda, donde ya estaba bastante interrumpido el proceso de recuperaci\u00f3n\u201d, agreg\u00f3.<\/p>\n\n\n\n<p class=\"has-text-align-right\"><strong><em>Con informaci\u00f3n de Infobae.-<\/em><\/strong><\/p>\n","protected":false},"excerpt":{"rendered":"<p>Como si se tratara de un deja vu, ahora en Argentina comenz\u00f3 una escasez del papel higi\u00e9nico debido a las trabajas para las importaciones y la incertidumbre cambiaria de los \u00faltimos d\u00edas, aunado al aumento del precio blue a inicios de semana. En los anaqueles de los supermercados comienza a notarse la escasez de algunos [&hellip;]<\/p>\n","protected":false},"author":2,"featured_media":20520,"comment_status":"open","ping_status":"open","sticky":false,"template":"","format":"standard","meta":{"jnews-multi-image_gallery":[],"jnews_single_post":[],"jnews_primary_category":[],"jnews_social_meta":[],"jnews_review":[],"enable_review":"","type":"","name":"","summary":"","brand":"","sku":"","good":[],"bad":[],"score_override":"","override_value":"","rating":[],"price":[],"jnews_override_counter":[],"jnews_post_split":[],"footnotes":""},"categories":[58,61],"tags":[1691,301,268],"class_list":["post-20519","post","type-post","status-publish","format-standard","has-post-thumbnail","hentry","category-argentina","category-economia","tag-economia-2","tag-escasez","tag-inflacion"],"amp_enabled":true,"_links":{"self":[{"href":"https:\/\/esreviral.com\/index.php?rest_route=\/wp\/v2\/posts\/20519"}],"collection":[{"href":"https:\/\/esreviral.com\/index.php?rest_route=\/wp\/v2\/posts"}],"about":[{"href":"https:\/\/esreviral.com\/index.php?rest_route=\/wp\/v2\/types\/post"}],"author":[{"embeddable":true,"href":"https:\/\/esreviral.com\/index.php?rest_route=\/wp\/v2\/users\/2"}],"replies":[{"embeddable":true,"href":"https:\/\/esreviral.com\/index.php?rest_route=%2Fwp%2Fv2%2Fcomments&post=20519"}],"version-history":[{"count":0,"href":"https:\/\/esreviral.com\/index.php?rest_route=\/wp\/v2\/posts\/20519\/revisions"}],"wp:featuredmedia":[{"embeddable":true,"href":"https:\/\/esreviral.com\/index.php?rest_route=\/"}],"wp:attachment":[{"href":"https:\/\/esreviral.com\/index.php?rest_route=%2Fwp%2Fv2%2Fmedia&parent=20519"}],"wp:term":[{"taxonomy":"category","embeddable":true,"href":"https:\/\/esreviral.com\/index.php?rest_route=%2Fwp%2Fv2%2Fcategories&post=20519"},{"taxonomy":"post_tag","embeddable":true,"href":"https:\/\/esreviral.com\/index.php?rest_route=%2Fwp%2Fv2%2Ftags&post=20519"}],"curies":[{"name":"wp","href":"https:\/\/api.w.org\/{rel}","templated":true}]}}