{"id":20503,"date":"2022-07-07T11:36:59","date_gmt":"2022-07-07T14:36:59","guid":{"rendered":"https:\/\/esreviral.com\/?p=20503"},"modified":"2022-07-07T11:36:59","modified_gmt":"2022-07-07T14:36:59","slug":"el-regimen-de-maduro-detuvo-al-defensor-de-derechos-humanos-gabriel-blanco-es-el-septimo-activista-detenido-en-tres-dias","status":"publish","type":"post","link":"https:\/\/esreviral.com\/?p=20503","title":{"rendered":"El r\u00e9gimen de Maduro detuvo al defensor de derechos humanos Gabriel Blanco: es el s\u00e9ptimo activista detenido en tres d\u00edas"},"content":{"rendered":"\n<p class=\"has-drop-cap\"><mark><strong>La dictadura de Venezuela inici\u00f3 una nueva ola de detenciones selectivas contra trabajadores, activistas sociales, defensores de derechos humanos y dirigentes pol\u00edticos de oposici\u00f3n<\/strong><\/mark>, denunci\u00f3 este mi\u00e9rcoles la ONG Provea.<\/p>\n\n\n\n<p>\u201cAproximadamente a las 07:30 de la noche de este 6 de julio,&nbsp;<mark><strong>funcionarios de la Direcci\u00f3n General de Contrainteligencia Militar (DGCIM) interceptaron al ciudadano Gabriel Blanco en las afueras de su vivienda<\/strong><\/mark>&nbsp;ubicada en la urbanizaci\u00f3n Carlos Delgado Chalbaud, en la parroquia Coche, al suroeste de Caracas, y lo conminaron a acompa\u00f1arlos a la sede central del organismo para una \u2018entrevista\u2019\u201d, inform\u00f3 la organizaci\u00f3n en su p\u00e1gina web y en redes sociales.<\/p>\n\n\n\n<p>En las \u00faltimas 72 horas,\u00a0<strong>fuerzas chavistas arrestaron a otros seis activistas\u00a0<\/strong>y dirigentes:\u00a0<strong>Emilio Negr\u00edn\u00a0<\/strong>(dirigente sindical, presidente de la Federaci\u00f3n de Trabajadores del Poder Judicial),\u00a0<strong>Alcides Bracho\u00a0<\/strong>(l\u00edder social, profesor universitario, dirigente de Bandera Roja),\u00a0<strong>Reynaldo Cort\u00e9s\u00a0<\/strong>(coordinador de Bandera Roja en Gu\u00e1rico),\u00a0<strong>N\u00e9stor Astudillo\u00a0<\/strong>(dirigente de Bandera Roja),\u00a0<strong>Alonso Mel\u00e9ndez\u00a0<\/strong>(militante de Bandera Roja) y\u00a0<strong>Yeny Zorelis P\u00e9rez\u00a0<\/strong>(se la llevaron porque no consiguieron a su esposo, el militante de Bandera Roja, Jos\u00e9 Castro).\u00a0<mark><strong>La detenci\u00f3n de Blanco es la s\u00e9ptima en tres d\u00edas<\/strong><\/mark>.<\/p>\n\n\n\n<figure class=\"wp-block-embed is-type-rich is-provider-twitter wp-block-embed-twitter\"><div class=\"wp-block-embed__wrapper\">\n<blockquote class=\"twitter-tweet\" data-width=\"500\" data-dnt=\"true\"><p lang=\"es\" dir=\"ltr\">URGENTE | A las 2am del d\u00eda de hoy 7 de julio <a href=\"https:\/\/twitter.com\/hashtag\/7Jul?src=hash&amp;ref_src=twsrc%5Etfw\">#7Jul<\/a> fue secuestrado por hombres armados nuestro dirigente en <a href=\"https:\/\/twitter.com\/BRGUARICO?ref_src=twsrc%5Etfw\">@BRGUARICO<\/a> Gu\u00e1rico Reynaldo Cort\u00e9s. Son 4 los secuestrados de <a href=\"https:\/\/twitter.com\/Bandera_Roja?ref_src=twsrc%5Etfw\">@Bandera_Roja<\/a> hasta ahora y un militante del estado Miranda perseguido por el Dgcim. <a href=\"https:\/\/twitter.com\/hashtag\/AbajoLaDictadura?src=hash&amp;ref_src=twsrc%5Etfw\">#AbajoLaDictadura<\/a> <a href=\"https:\/\/t.co\/Z9j6RIi93I\">pic.twitter.com\/Z9j6RIi93I<\/a><\/p>&mdash; Bandera Roja (@Bandera_Roja) <a href=\"https:\/\/twitter.com\/Bandera_Roja\/status\/1545010343667277824?ref_src=twsrc%5Etfw\">July 7, 2022<\/a><\/blockquote><script async src=\"https:\/\/platform.twitter.com\/widgets.js\" charset=\"utf-8\"><\/script>\n<\/div><\/figure>\n\n\n\n<p>A uno de ellos,\u00a0<strong>Alcides Bracho<\/strong>,\u00a0<strong>lo imputaron por los delitos de conspiraci\u00f3n, posesi\u00f3n de arma de fuego y asociaci\u00f3n<\/strong>. \u201cEl juez cuarto de Terrorismo orden\u00f3 mantener la privaci\u00f3n de libertad sin contar con elementos de convicci\u00f3n\u201d, denunci\u00f3 la Coalici\u00f3n por los Derechos Humanos y la Democracia.<\/p>\n\n\n\n<figure class=\"wp-block-embed is-type-rich is-provider-twitter wp-block-embed-twitter\"><div class=\"wp-block-embed__wrapper\">\n<blockquote class=\"twitter-tweet\" data-width=\"500\" data-dnt=\"true\"><p lang=\"es\" dir=\"ltr\"><a href=\"https:\/\/twitter.com\/hashtag\/URGENTE?src=hash&amp;ref_src=twsrc%5Etfw\">#URGENTE<\/a> 1:00 am termina la audiencia de presentaci\u00f3n del Profesor Alcides Bracho, el MP precalifico los delitos de Conspiraci\u00f3n, Posesi\u00f3n de Arma de Fuego y Asociaci\u00f3n. El juez 4to de Terrorismo orden\u00f3 mantener la privaci\u00f3n de libertad sin contar con elementos de convicci\u00f3n.<\/p>&mdash; Coalici\u00f3n por los Derechos Humanos y la Democracia (@Coalicion_ddhh) <a href=\"https:\/\/twitter.com\/Coalicion_ddhh\/status\/1544911146171482112?ref_src=twsrc%5Etfw\">July 7, 2022<\/a><\/blockquote><script async src=\"https:\/\/platform.twitter.com\/widgets.js\" charset=\"utf-8\"><\/script>\n<\/div><\/figure>\n\n\n\n<p>Provea public\u00f3 el video del momento de la detenci\u00f3n de Gabriel Blanco e indic\u00f3 que&nbsp;<mark><strong>lo acusaron de terrorismo y asociaci\u00f3n para delinquir<\/strong><\/mark>.<\/p>\n\n\n\n<p>\u201c<mark><strong>Los funcionarios no mostraron ning\u00fan documento que involucrara a Blanco con alguna investigaci\u00f3n en curso, tampoco alguna orden de aprehensi\u00f3n en su contra<\/strong><\/mark>. Gabriel Blanco se neg\u00f3 a acompa\u00f1arlos e inmediatamente decenas de sus vecinos salieron a resguardarlo ante la actuaci\u00f3n ilegal de los funcionarios de la DGCIM. Sin embargo,&nbsp;<strong>los agentes policiales retuvieron su tel\u00e9fono celular y su c\u00e9dula de identidad<\/strong>\u201d, ampli\u00f3 la ONG.<\/p>\n\n\n\n<p>Tambi\u00e9n record\u00f3 que Blanco trabaja en una importante agencia humanitaria que tiene presencia en el pa\u00eds.\u00a0<strong>Es un activista de derechos humanos y dirigente sindical vinculado a la Alianza Sindical Independiente (ASI)<\/strong>, una de las centrales sindicales m\u00e1s importantes de Venezuela que ha encabezado los recientes procesos de di\u00e1logo con la Organizaci\u00f3n Internacional del Trabajo (OIT), donde Blanco desempe\u00f1a el cargo de Secretario de Medios de la Seccional Caracas. Antes, estuvo vinculado en el Sindicato \u00danico de Trabajadores de Carrera Legislativa de la Asamblea Nacional (Sinfucan).<\/p>\n\n\n\n<p><img fetchpriority=\"high\" decoding=\"async\" height=\"1080\" width=\"1920\" srcset=\"https:\/\/www.infobae.com\/new-resizer\/MWDYhsJVIR5-5kkXWO0thn8IRvw=\/420x236\/filters:format(webp):quality(85)\/cloudfront-us-east-1.images.arcpublishing.com\/infobae\/QOZYKGWGFJGYJBNF6XBYB4EMYU.jpg 420w,https:\/\/www.infobae.com\/new-resizer\/s8UN817CRequms_dhF3-71qhqSI=\/768x432\/filters:format(webp):quality(85)\/cloudfront-us-east-1.images.arcpublishing.com\/infobae\/QOZYKGWGFJGYJBNF6XBYB4EMYU.jpg 768w,https:\/\/www.infobae.com\/new-resizer\/wUaqZPueH8iCPPjCog9TTP3a93s=\/992x558\/filters:format(webp):quality(85)\/cloudfront-us-east-1.images.arcpublishing.com\/infobae\/QOZYKGWGFJGYJBNF6XBYB4EMYU.jpg 992w,https:\/\/www.infobae.com\/new-resizer\/Y099Wg7YwbkcKcffiT5pdFLgJOE=\/1200x675\/filters:format(webp):quality(85)\/cloudfront-us-east-1.images.arcpublishing.com\/infobae\/QOZYKGWGFJGYJBNF6XBYB4EMYU.jpg 1200w,https:\/\/www.infobae.com\/new-resizer\/pNUuFnrNE3X7C2tSBGDEc-LQthI=\/1440x810\/filters:format(webp):quality(85)\/cloudfront-us-east-1.images.arcpublishing.com\/infobae\/QOZYKGWGFJGYJBNF6XBYB4EMYU.jpg 1440w\" alt=\"Gabriel Blanco (Twitter @_Provea)\" class=\"\" src=\"https:\/\/cloudfront-us-east-1.images.arcpublishing.com\/infobae\/QOZYKGWGFJGYJBNF6XBYB4EMYU.jpg\">Gabriel Blanco (Twitter @_Provea)<\/p>\n\n\n\n<p>Un equipo de Provea se traslad\u00f3 hasta la vivienda de Blanco para asistirlo legalmente e impedir que se concretara la detenci\u00f3n. Tambi\u00e9n solicitaron la presencia de fiscales del Ministerio P\u00fablico en el sitio para garantizar el respeto a la integridad y al debido proceso del trabajador humanitario.<\/p>\n\n\n\n<p><strong>Los funcionarios de la DGCIM alegaron que la orden estaba en camino, lo que prolong\u00f3 la situaci\u00f3n de tensi\u00f3n por m\u00e1s de seis horas<\/strong>. En el lugar se presentaron casi 50 agentes de la Direcci\u00f3n de Contrainteligencia Militar y de la Polic\u00eda Nacional Bolivariana (PNB), seg\u00fan consign\u00f3 la ONG citada.<\/p>\n\n\n\n<p>Casi a la 1 de la madrugada de este jueves, los oficiales de la Direcci\u00f3n de Investigaciones Estrat\u00e9gicas de la PNB se presentaron con la orden de arresto.\u00a0<strong>Lo trasladaron a la Comisar\u00eda La Quebradita y en estos momentos no se tiene m\u00e1s informaci\u00f3n sobre su estado<\/strong>.<\/p>\n\n\n\n<p><img decoding=\"async\" height=\"432\" width=\"768\" srcset=\"https:\/\/www.infobae.com\/new-resizer\/aSjN4jTdNW-K6RliVRAv6zGlwOM=\/420x236\/filters:format(webp):quality(85)\/cloudfront-us-east-1.images.arcpublishing.com\/infobae\/ZL2LR5BOKBDZVKJNYRYZYNDMUI.jpg 420w,https:\/\/www.infobae.com\/new-resizer\/DX8kud07R2t0WuD17x2kQHszm6w=\/768x432\/filters:format(webp):quality(85)\/cloudfront-us-east-1.images.arcpublishing.com\/infobae\/ZL2LR5BOKBDZVKJNYRYZYNDMUI.jpg 768w,https:\/\/www.infobae.com\/new-resizer\/Hh-ppFsyXpCEP6MAxNSr0A0AuMc=\/992x558\/filters:format(webp):quality(85)\/cloudfront-us-east-1.images.arcpublishing.com\/infobae\/ZL2LR5BOKBDZVKJNYRYZYNDMUI.jpg 992w,https:\/\/www.infobae.com\/new-resizer\/E6hAZve_NVo1Txkb95BoirScG5Y=\/1200x675\/filters:format(webp):quality(85)\/cloudfront-us-east-1.images.arcpublishing.com\/infobae\/ZL2LR5BOKBDZVKJNYRYZYNDMUI.jpg 1200w,https:\/\/www.infobae.com\/new-resizer\/tQHwziy_t5o8epATBu8c1cEVCG0=\/1440x810\/filters:format(webp):quality(85)\/cloudfront-us-east-1.images.arcpublishing.com\/infobae\/ZL2LR5BOKBDZVKJNYRYZYNDMUI.jpg 1440w\" alt=\"Del total de presos pol\u00edticos en Venezuela, 222 son hombres, 14 mujeres y hay un menor de edad, de los que 107 son civiles y 129 militares\" class=\"\" src=\"https:\/\/cloudfront-us-east-1.images.arcpublishing.com\/infobae\/ZL2LR5BOKBDZVKJNYRYZYNDMUI.jpg\">Del total de presos pol\u00edticos en Venezuela, 222 son hombres, 14 mujeres y hay un menor de edad, de los que 107 son civiles y 129 militares<\/p>\n\n\n\n<p><strong><span style=\"background-color:#a30003\" class=\"td_text_highlight_marker\">236 presos pol\u00edticos<\/span><\/strong><\/p>\n\n\n\n<p>La ONG Foro Penal afirm\u00f3 este mi\u00e9rcoles que en el pa\u00eds hay&nbsp;<strong>236 personas detenidas a las que considera presos pol\u00edticos<\/strong>, tres menos respecto a su \u00faltimo reporte, publicado el pasado 16 de junio.<\/p>\n\n\n\n<p>La organizaci\u00f3n indic\u00f3 que del total de reos,&nbsp;<strong>222 son hombres, 14 mujeres y hay un menor de edad, de los que 107 son civiles y 129 militares<\/strong>.<\/p>\n\n\n\n<p>\u201c<strong>Desde 2014 se han registrado 15.764 detenciones pol\u00edticas en Venezuela<\/strong>\u201d, seg\u00fan el Foro Penal.<\/p>\n\n\n\n<p>En la \u00faltima semana, hubo tres excarcelaciones, aunque la ONG no detall\u00f3 si a estas personas se les otorg\u00f3 libertad plena o con medidas cautelares.<\/p>\n\n\n\n<p>Asimismo, indic\u00f3 que de los detenidos, 55 han sido ya condenados y 179 esperan por una sentencia de tribunal.<\/p>\n\n\n\n<p><img decoding=\"async\" height=\"402\" width=\"553\" srcset=\"https:\/\/www.infobae.com\/new-resizer\/YbLw9VfSAPgWMtH2569FSnemFSE=\/420x315\/filters:format(webp):quality(85)\/cloudfront-us-east-1.images.arcpublishing.com\/infobae\/KOYUV7F7FRFQDD6K7EKGKALT6I.jpg 420w,https:\/\/www.infobae.com\/new-resizer\/BkX6sMsR-DaLYdZxygv7dWp7_YE=\/768x576\/filters:format(webp):quality(85)\/cloudfront-us-east-1.images.arcpublishing.com\/infobae\/KOYUV7F7FRFQDD6K7EKGKALT6I.jpg 768w,https:\/\/www.infobae.com\/new-resizer\/9iJpxWGf_GChhJ9EB6d9vJLrIVE=\/992x744\/filters:format(webp):quality(85)\/cloudfront-us-east-1.images.arcpublishing.com\/infobae\/KOYUV7F7FRFQDD6K7EKGKALT6I.jpg 992w,https:\/\/www.infobae.com\/new-resizer\/v51zxU408mB-SJiJj_lLK9iiz48=\/1200x900\/filters:format(webp):quality(85)\/cloudfront-us-east-1.images.arcpublishing.com\/infobae\/KOYUV7F7FRFQDD6K7EKGKALT6I.jpg 1200w,https:\/\/www.infobae.com\/new-resizer\/7fFEwkoob7mjiA21aJgbfKcJ5Pw=\/1440x1080\/filters:format(webp):quality(85)\/cloudfront-us-east-1.images.arcpublishing.com\/infobae\/KOYUV7F7FRFQDD6K7EKGKALT6I.jpg 1440w\" alt=\"El profesor Javier Tarazona\" class=\"\" src=\"https:\/\/cloudfront-us-east-1.images.arcpublishing.com\/infobae\/KOYUV7F7FRFQDD6K7EKGKALT6I.jpg\">El profesor Javier Tarazona<\/p>\n\n\n\n<p>El s\u00e1bado,&nbsp;<strong>Amnist\u00eda Internacional (AI) reiter\u00f3 que consideran al director de la ONG venezolana Fundaredes, Javier Tarazona, un \u201cpreso de conciencia\u201d e insisti\u00f3 en la exigencia de liberaci\u00f3n \u201cinmediata e incondicional\u201d para el activista<\/strong>, que cumpli\u00f3 un a\u00f1o detenido el pasado 2 de julio.<\/p>\n\n\n\n<p>\u201cEl defensor de DDHH Javier Tarazona cumple un a\u00f1o detenido arbitrariamente. Es un preso de conciencia. Debe ser liberado inmediata e incondicionalmente\u201d, dijo AI en un mensaje publicado en su cuenta en Twitter.<\/p>\n\n\n\n<p>La organizaci\u00f3n afirm\u00f3 que Tarazona fue detenido \u201c<strong>por su labor de defensa de los derechos humanos<\/strong>\u201d y que&nbsp;<strong>se trata del activista preso por mayor tiempo en Venezuela<\/strong>.<\/p>\n\n\n\n<p>Tarazona, considerado como la principal voz de denuncia en el conflicto desatado en marzo del a\u00f1o pasado entre las Fuerzas Armadas y un grupo disidente de las FARC, fue detenido en julio de 2021 y est\u00e1 acusado de terrorismo e instigaci\u00f3n al odio.<\/p>\n\n\n\n<p><strong>Fue capturado junto a su hermano Rafael y el abogado Omar de Dios Garc\u00eda en el estado costero de Falc\u00f3n<\/strong>, cuando acud\u00edan a la oficina fiscal de la localidad de Coro, a denunciar que estaban siendo v\u00edctimas de acoso y persecuci\u00f3n por funcionarios de la Polic\u00eda y agentes del Servicio Bolivariano de Inteligencia (Sebin), seg\u00fan inform\u00f3 entonces Fundaredes.<\/p>\n\n\n\n<p>No obstante, Rafael Tarazona, hermano del activista preso, y Garc\u00eda fueron excarcelados el 26 de octubre, bajo el r\u00e9gimen de presentaci\u00f3n.<\/p>\n\n\n\n<p class=\"has-text-align-right\"><strong><em>Infobae.<\/em><\/strong><\/p>\n","protected":false},"excerpt":{"rendered":"<p>Funcionarios de la Direcci\u00f3n General de Contrainteligencia Militar lo interceptaron en las afueras de su vivienda sin una orden de aprehensi\u00f3n en su contra<\/p>\n","protected":false},"author":2,"featured_media":20504,"comment_status":"open","ping_status":"open","sticky":false,"template":"","format":"standard","meta":{"jnews-multi-image_gallery":[],"jnews_single_post":[],"jnews_primary_category":[],"jnews_social_meta":[],"jnews_review":[],"enable_review":"","type":"","name":"","summary":"","brand":"","sku":"","good":[],"bad":[],"score_override":"","override_value":"","rating":[],"price":[],"jnews_override_counter":[],"jnews_post_split":[],"footnotes":""},"categories":[59,66],"tags":[188,3090,854,3091,3092,45,56],"class_list":["post-20503","post","type-post","status-publish","format-standard","has-post-thumbnail","hentry","category-politica","category-venezuela","tag-covid-19","tag-crisis-en-venezuela","tag-derechos-humanos","tag-detenciones","tag-gabriel-blanco","tag-noticias","tag-venezuela"],"amp_enabled":true,"_links":{"self":[{"href":"https:\/\/esreviral.com\/index.php?rest_route=\/wp\/v2\/posts\/20503"}],"collection":[{"href":"https:\/\/esreviral.com\/index.php?rest_route=\/wp\/v2\/posts"}],"about":[{"href":"https:\/\/esreviral.com\/index.php?rest_route=\/wp\/v2\/types\/post"}],"author":[{"embeddable":true,"href":"https:\/\/esreviral.com\/index.php?rest_route=\/wp\/v2\/users\/2"}],"replies":[{"embeddable":true,"href":"https:\/\/esreviral.com\/index.php?rest_route=%2Fwp%2Fv2%2Fcomments&post=20503"}],"version-history":[{"count":0,"href":"https:\/\/esreviral.com\/index.php?rest_route=\/wp\/v2\/posts\/20503\/revisions"}],"wp:featuredmedia":[{"embeddable":true,"href":"https:\/\/esreviral.com\/index.php?rest_route=\/"}],"wp:attachment":[{"href":"https:\/\/esreviral.com\/index.php?rest_route=%2Fwp%2Fv2%2Fmedia&parent=20503"}],"wp:term":[{"taxonomy":"category","embeddable":true,"href":"https:\/\/esreviral.com\/index.php?rest_route=%2Fwp%2Fv2%2Fcategories&post=20503"},{"taxonomy":"post_tag","embeddable":true,"href":"https:\/\/esreviral.com\/index.php?rest_route=%2Fwp%2Fv2%2Ftags&post=20503"}],"curies":[{"name":"wp","href":"https:\/\/api.w.org\/{rel}","templated":true}]}}