{"id":20413,"date":"2022-07-05T19:24:48","date_gmt":"2022-07-05T22:24:48","guid":{"rendered":"https:\/\/esreviral.com\/?p=20413"},"modified":"2022-07-05T19:24:48","modified_gmt":"2022-07-05T22:24:48","slug":"intentaron-violar-a-una-joven-venezolana-en-argentina-y-un-perro-la-salvo","status":"publish","type":"post","link":"https:\/\/esreviral.com\/?p=20413","title":{"rendered":"Intentaron violar a una joven venezolana en Argentina y un perro la salv\u00f3"},"content":{"rendered":"\n<p><strong><em>Carlos Iv\u00e1n Su\u00e1rez.- <\/em><\/strong>El s\u00e1bado las 07:45 a.m., aproximadamente una joven venezolana que vive en la ciudad de Santa Fe, fue a su trabajo como todos los d\u00edas, cuando iba por una de las calles que transitaba <strong>se percat\u00f3 que hab\u00eda mucho silencio y estaba todo solo pero hab\u00eda un hombre cerca de ella, por lo que para prevenir, se cambi\u00f3 de acera. <\/strong><\/p>\n\n\n\n<p>Ella pens\u00f3 que el sujeto se hab\u00eda desaparecido pero de repente se dio cuenta que estaba detr\u00e1s de ella. <strong>\u00c9l le pidi\u00f3 la hora, a lo que ella le respondi\u00f3 que no ten\u00eda reloj, <\/strong>y es que realmente, ella vive cerca de su trabajo por lo que lleva consigo lo esencial. <\/p>\n\n\n\n<p>Ante la negativa, <strong>el hombre la toma por el cuello, la derriba y la golpea. La llev\u00f3 hasta la acerca contraria y le susurra al oido: \u00abya te tengo chiquita\u00bb. <\/strong>Seg\u00fan el testimonio de la v\u00edctima, ella estaba en shock al momento hasta que vio un carro acercarse y <strong>pens\u00f3 que se la llevar\u00edan por lo que comenz\u00f3 a gritar pidiendo auxilio. <\/strong><\/p>\n\n\n\n<p>Entre tanto, <strong>alias El Jonathan, la manoseaba, le rompi\u00f3 los pantalones que la venezolana llevaba puestos y le sac\u00f3 uno de los zapatos.<\/strong> <\/p>\n\n\n\n<figure class=\"wp-block-image size-large\"><img decoding=\"async\" src=\"https:\/\/esreviral.com\/wp-content\/uploads\/2022\/07\/WhatsApp-Image-2022-07-04-at-6.15.14-PM-1024x768.jpeg\" alt=\"\" class=\"wp-image-20414\"\/><figcaption>Parte de los hematomas de la chica debido a los golpes que recibi\u00f3<\/figcaption><\/figure>\n\n\n\n<p>Fue en ese momento que salieron unos vecinos de la zona, quienes al ver lo ocurrido, <strong>liberaron a un perro y \u00e9ste atac\u00f3 al delincuente logrando separarlo de la v\u00edctima. Ah\u00ed, el acusado, se dio a la fuga. <\/strong><\/p>\n\n\n\n<p>Minutos despu\u00e9s, <strong>otros vecinos capturaron al hombre a quien entregaron a los funcionarios de la polic\u00eda de la provincia de Santa Fe,<\/strong> ellos a su vez buscaron a la v\u00edctima para informarle la detenci\u00f3n del hombre y que deb\u00eda poner la denuncia formal. <\/p>\n\n\n\n<p>\u00abLos polic\u00edas nos brindaron apoyo en todo momento. Nos trasladaron de una comisar\u00eda a otra en principio quer\u00edan imputarle robo con tentativa pero cuando ella cont\u00f3 bien lo ocurrido,<strong> se dieron cuenta que fue un intento de violaci\u00f3n, llamaron a la fiscal de guardia quien pidi\u00f3 que llevaran a la joven a la comisar\u00eda de mujeres\u00bb,<\/strong> narr\u00f3 el novia de la v\u00edctima.<\/p>\n\n\n\n<p>Tras la investigaciones confirmaron que el sujeto, Jonathan Enmanuel Greico, <strong>hab\u00eda salido hac\u00eda 20 d\u00edas de la c\u00e1rcel y las pericias psicol\u00f3gicas determinaron que \u00e9l estaba en pleno uso de sus facultades, ya que no hab\u00eda ingerido sustancias estupefacientes y psicotr\u00f3picas. <\/strong><\/p>\n\n\n\n<p>\u00c9l confes\u00f3 en su declaraci\u00f3n que llevaba un cuchillo con el que quer\u00eda robar a la joven de 23 a\u00f1os de edad pero <strong>nunca le mostr\u00f3 el arma blanca sino que claramente quiso abusar sexualmente de ella. <\/strong><\/p>\n\n\n\n<figure class=\"wp-block-image size-large\"><img decoding=\"async\" src=\"https:\/\/esreviral.com\/wp-content\/uploads\/2022\/07\/Disen\u0303o-sin-ti\u0301tulo-1024x1024.png\" alt=\"\" class=\"wp-image-20415\"\/><figcaption>Denuncia formulada ante las autoridades correspondientes <\/figcaption><\/figure>\n\n\n\n<p>24 horas despu\u00e9s de la captura, la justicia santafecina lo liber\u00f3 por \u00abel hacinamiento que hay en las c\u00e1rceles y ser\u00e1 llamado para el juicio\u00bb, lo que encendi\u00f3 las alarmas, ya que, el sujeto se pod\u00eda escapar de la provincia o cometer un acto similar con otra persona adem\u00e1s de tomar represalias contra la v\u00edctima y sus familiares. <\/p>\n\n\n\n<p>Los nervios acecharon a la joven por lo que tuvo que recibir atenci\u00f3n psicol\u00f3gica por parte de los profesionales del Instituto de la Mujer, adem\u00e1s lo medicos forenses le hicieron ex\u00e1menes y tomaron fotos de los hematomas que le quedaron. <\/p>\n\n\n\n<p>Como pruebas del hecho, se presentaron los pantalones rotos de la joven, los golpes, informe psicol\u00f3gico su testimonio y el de los vecinos que fueron testigos del hecho. <\/p>\n\n\n\n<p>Este martes en la ma\u00f1ana El Jonathan fue detenido nuevamente porque se habr\u00eda querido escapar. <\/p>\n\n\n\n<p><strong><span style=\"background-color:#98221b\" class=\"td_text_highlight_marker\">Preso por ocho meses<\/span><\/strong><\/p>\n\n\n\n<p>La fiscal\u00eda del Ministerio P\u00fablico le propuso a la venezolana que con su denuncia el hombre pod\u00eda quedar ocho meses presos por la tentativa de abuso sexual porque un juicio podr\u00eda tardar hasta dos a\u00f1os y era como la v\u00eda m\u00e1s expedita. <\/p>\n\n\n\n<p>Ante esta situaci\u00f3n ella tendr\u00e1 que estudiar las probabilidades con sus abogados y decidir si eso ser\u00eda lo que quiere o extender el tiempo para ir juicio. Tambi\u00e9n podr\u00edan pedir que la medida sea de un a\u00f1o de c\u00e1rcel con la aceptaci\u00f3n de los hechos por parte del acusado. <\/p>\n\n\n\n<p><strong><span style=\"background-color:#9a1b22\" class=\"td_text_highlight_marker\">Es una psic\u00f3loga del Zulia<\/span><\/strong><\/p>\n\n\n\n<p>La joven v\u00edctima tiene 23 a\u00f1os de edad, y fue en diciembre cuando lleg\u00f3 a la Argentina luego que su novio se la trajera y tras graduarse como psic\u00f3loga de la Universidad Yacamb\u00fa de Cabudare, en el estado Lara. <\/p>\n\n\n\n<p> Actualmente la chica trabaja como dise\u00f1adora gr\u00e1fica en una empresa de la ciudad de Santa Fe. <\/p>\n\n\n\n<figure class=\"wp-block-image size-large\"><img decoding=\"async\" src=\"https:\/\/esreviral.com\/wp-content\/uploads\/2022\/07\/Disen\u0303o-sin-ti\u0301tulo-1-1024x1024.png\" alt=\"\" class=\"wp-image-20416\"\/><\/figure>\n","protected":false},"excerpt":{"rendered":"<p>El acusado hab\u00eda sido detenido y 24 horas despu\u00e9s lo soltaron<\/p>\n","protected":false},"author":2,"featured_media":20421,"comment_status":"open","ping_status":"open","sticky":false,"template":"","format":"standard","meta":{"jnews-multi-image_gallery":[],"jnews_single_post":[],"jnews_primary_category":[],"jnews_social_meta":[],"jnews_review":[],"enable_review":"","type":"","name":"","summary":"","brand":"","sku":"","good":[],"bad":[],"score_override":"","override_value":"","rating":[],"price":[],"jnews_override_counter":[],"jnews_post_split":[],"footnotes":""},"categories":[64],"tags":[398,44,45,67,522],"class_list":["post-20413","post","type-post","status-publish","format-standard","has-post-thumbnail","hentry","category-sucesos","tag-abuso-sexual","tag-argentina","tag-noticias","tag-venezolanos-en-argentina","tag-violacion"],"amp_enabled":true,"_links":{"self":[{"href":"https:\/\/esreviral.com\/index.php?rest_route=\/wp\/v2\/posts\/20413"}],"collection":[{"href":"https:\/\/esreviral.com\/index.php?rest_route=\/wp\/v2\/posts"}],"about":[{"href":"https:\/\/esreviral.com\/index.php?rest_route=\/wp\/v2\/types\/post"}],"author":[{"embeddable":true,"href":"https:\/\/esreviral.com\/index.php?rest_route=\/wp\/v2\/users\/2"}],"replies":[{"embeddable":true,"href":"https:\/\/esreviral.com\/index.php?rest_route=%2Fwp%2Fv2%2Fcomments&post=20413"}],"version-history":[{"count":0,"href":"https:\/\/esreviral.com\/index.php?rest_route=\/wp\/v2\/posts\/20413\/revisions"}],"wp:featuredmedia":[{"embeddable":true,"href":"https:\/\/esreviral.com\/index.php?rest_route=\/"}],"wp:attachment":[{"href":"https:\/\/esreviral.com\/index.php?rest_route=%2Fwp%2Fv2%2Fmedia&parent=20413"}],"wp:term":[{"taxonomy":"category","embeddable":true,"href":"https:\/\/esreviral.com\/index.php?rest_route=%2Fwp%2Fv2%2Fcategories&post=20413"},{"taxonomy":"post_tag","embeddable":true,"href":"https:\/\/esreviral.com\/index.php?rest_route=%2Fwp%2Fv2%2Ftags&post=20413"}],"curies":[{"name":"wp","href":"https:\/\/api.w.org\/{rel}","templated":true}]}}