{"id":20410,"date":"2022-07-05T16:11:00","date_gmt":"2022-07-05T19:11:00","guid":{"rendered":"https:\/\/esreviral.com\/?p=20410"},"modified":"2022-07-05T16:11:00","modified_gmt":"2022-07-05T19:11:00","slug":"neg-de-free-cover-promovio-la-salud-mental-en-una-entrevista-y-confeso-por-que-asistio-a-psicoterapia","status":"publish","type":"post","link":"https:\/\/esreviral.com\/?p=20410","title":{"rendered":"Neg de Free Cover promovi\u00f3 la salud mental en una entrevista y confes\u00f3 por qu\u00e9 asisti\u00f3 a psicoterapia"},"content":{"rendered":"\n<p><strong><em>CIS.-<\/em><\/strong> Alejandro \u00abNeg\u00bb Barrera y Daniel \u00abChompa\u00bb Bracho, creadores de <strong><em>Free Cover,<\/em><\/strong> fueron entrevistados recientemente en el programa Desde Cero que conduce Juancito y se transmite por youtube.<\/p>\n\n\n\n<p>En poco m\u00e1s de una hora hablaron de sus vidas personales y profesionales, as\u00ed como adelantaron proyectos de la agrupaci\u00f3n pero resalt\u00f3 como p\u00fablicamente, Neg Barrera, c<strong>onfes\u00f3 que asisti\u00f3 a psicoterapia para salir del estr\u00e9s postraum\u00e1tico que vivi\u00f3 por su divorcio estando en Miami. <\/strong><\/p>\n\n\n\n<p>\u00abNo era que no era que no cre\u00eda en psic\u00f3logo pero cre\u00eda que no me hac\u00eda falta pero <strong>me di cuenta que no era por el momento que estaba pasando sino que a todos nos hace falta\u00bb<\/strong>, explic\u00f3 el m\u00fasico. <\/p>\n\n\n\n<p><strong>\u00abTodo esto vino a ra\u00edz de la migraci\u00f3n y el divorcio estuvo cerca. Fueron muchos cambios dr\u00e1sticos (&#8230;) a m\u00ed me ayud\u00f3 fue la psicoterapia\u00bb,<\/strong> dijo el hombre nacido en el estado Zulia quien se declar\u00f3 pro salud mental. <\/p>\n\n\n\n<p><strong>\u00abY as\u00ed sea cuando est\u00e9 todo bien es bueno ir aunque sea para conversar. Siempre sale algo\u00bb<\/strong>, coment\u00f3. <\/p>\n\n\n\n<p>Manifest\u00f3 que fue un proceso largo y que no fue f\u00e1cil, \u00abno te vas a morir por no estar con una persona en una relaci\u00f3n de amor ahora por un hijo s\u00ed. <strong>Eso no fue que me lo ense\u00f1aron en terapia, eso me lo hacen ver\u00bb<\/strong>, afirm\u00f3. <\/p>\n\n\n\n<p>Tambi\u00e9n dijo que en varios de los videos de <strong><em>Free Cover<\/em><\/strong> hubo poca luz y algunos errores t\u00e9cnicos, precisamente por no estar atento debido a la situaci\u00f3n que estaba pasando. <\/p>\n\n\n\n<figure class=\"wp-block-embed is-type-video is-provider-youtube wp-block-embed-youtube wp-embed-aspect-16-9 wp-has-aspect-ratio\"><div class=\"wp-block-embed__wrapper\">\n<div class=\"jeg_video_container jeg_video_content\"><iframe title=\"@FreeCoverVenezuela &quot;\u00c9l iba a perder la mano &quot; en #DesdeCerO\" width=\"500\" height=\"281\" src=\"https:\/\/www.youtube.com\/embed\/HIFZxO8XtSA?feature=oembed\" frameborder=\"0\" allow=\"accelerometer; autoplay; clipboard-write; encrypted-media; gyroscope; picture-in-picture; web-share\" referrerpolicy=\"strict-origin-when-cross-origin\" allowfullscreen><\/iframe><\/div>\n<\/div><\/figure>\n","protected":false},"excerpt":{"rendered":"<p>El cantante venezolano coment\u00f3 que atraves\u00f3 la migraci\u00f3n y el divorcio, muy cerca<\/p>\n","protected":false},"author":2,"featured_media":20411,"comment_status":"open","ping_status":"open","sticky":false,"template":"","format":"standard","meta":{"jnews-multi-image_gallery":[],"jnews_single_post":[],"jnews_primary_category":[],"jnews_social_meta":[],"jnews_review":[],"enable_review":"","type":"","name":"","summary":"","brand":"","sku":"","good":[],"bad":[],"score_override":"","override_value":"","rating":[],"price":[],"jnews_override_counter":[],"jnews_post_split":[],"footnotes":""},"categories":[50],"tags":[3052,3053,829,3054,550],"class_list":["post-20410","post","type-post","status-publish","format-standard","has-post-thumbnail","hentry","category-entretenimiento","tag-chompa","tag-desde-cero","tag-free-cover","tag-neg-barrera","tag-salud-mental"],"amp_enabled":true,"_links":{"self":[{"href":"https:\/\/esreviral.com\/index.php?rest_route=\/wp\/v2\/posts\/20410"}],"collection":[{"href":"https:\/\/esreviral.com\/index.php?rest_route=\/wp\/v2\/posts"}],"about":[{"href":"https:\/\/esreviral.com\/index.php?rest_route=\/wp\/v2\/types\/post"}],"author":[{"embeddable":true,"href":"https:\/\/esreviral.com\/index.php?rest_route=\/wp\/v2\/users\/2"}],"replies":[{"embeddable":true,"href":"https:\/\/esreviral.com\/index.php?rest_route=%2Fwp%2Fv2%2Fcomments&post=20410"}],"version-history":[{"count":0,"href":"https:\/\/esreviral.com\/index.php?rest_route=\/wp\/v2\/posts\/20410\/revisions"}],"wp:featuredmedia":[{"embeddable":true,"href":"https:\/\/esreviral.com\/index.php?rest_route=\/"}],"wp:attachment":[{"href":"https:\/\/esreviral.com\/index.php?rest_route=%2Fwp%2Fv2%2Fmedia&parent=20410"}],"wp:term":[{"taxonomy":"category","embeddable":true,"href":"https:\/\/esreviral.com\/index.php?rest_route=%2Fwp%2Fv2%2Fcategories&post=20410"},{"taxonomy":"post_tag","embeddable":true,"href":"https:\/\/esreviral.com\/index.php?rest_route=%2Fwp%2Fv2%2Ftags&post=20410"}],"curies":[{"name":"wp","href":"https:\/\/api.w.org\/{rel}","templated":true}]}}