{"id":20405,"date":"2022-07-05T15:19:39","date_gmt":"2022-07-05T18:19:39","guid":{"rendered":"https:\/\/esreviral.com\/?p=20405"},"modified":"2022-07-05T15:19:39","modified_gmt":"2022-07-05T18:19:39","slug":"venezolanos-en-bariloche-conmemoraron-un-ano-mas-de-la-independencia-de-su-pais","status":"publish","type":"post","link":"https:\/\/esreviral.com\/?p=20405","title":{"rendered":"Venezolanos en Bariloche, conmemoraron un a\u00f1o m\u00e1s de la Independencia de su pa\u00eds"},"content":{"rendered":"\n<p><strong><em>Carlos Iv\u00e1n Su\u00e1rez.-<\/em><\/strong> En el marco del 211 aniversario de la firma del Acta de la independencia de Venezuela, la comunidad de ese pa\u00eds en Bariloche, se uni\u00f3 por primera vez para conmemorar esta importante fecha en la historia criolla, para ello realizaron actos especiales en la Plaza de Colectividades, bajo las intensas lluvias y una fuerte nevada.<\/p>\n\n\n\n<p>La organizaci\u00f3n estuvo a cargo de Brenda Bullen, quien invit\u00f3 tambi\u00e9n a representantes de otras colectividades que hacen vida en Bariloche, al igual que a parte del personal de Migraciones. <\/p>\n\n\n\n<p>Izaron la bandera, cantaron los Himnos nacionales de Venezuela y Argentina, posteriormente se ley\u00f3 el acta de la colectividad venezolana y  finalizaron con c\u00e1nticos y degustaci\u00f3n de platos t\u00edpicos venezolanos. <\/p>\n\n\n\n<figure class=\"wp-block-image size-large\"><img decoding=\"async\" src=\"https:\/\/esreviral.com\/wp-content\/uploads\/2022\/07\/WhatsApp-Image-2022-07-05-at-2.35.42-PM-1024x765.jpeg\" alt=\"\" class=\"wp-image-20406\"\/><figcaption>A 2 grados cent\u00edgrados y con intensas lluvias conmemoraron el 5 de julio<\/figcaption><\/figure>\n\n\n\n<figure class=\"wp-block-image size-large\"><img decoding=\"async\" src=\"https:\/\/esreviral.com\/wp-content\/uploads\/2022\/07\/WhatsApp-Image-2022-07-05-at-12.53.41-PM-765x1024.jpeg\" alt=\"\" class=\"wp-image-20407\"\/><figcaption>Una torta decorada con la fecha, fue degustada por los presentes<\/figcaption><\/figure>\n","protected":false},"excerpt":{"rendered":"<p>Es la primera vez que se unen para conmemorar esta fecha<\/p>\n","protected":false},"author":2,"featured_media":20408,"comment_status":"open","ping_status":"open","sticky":false,"template":"","format":"standard","meta":{"jnews-multi-image_gallery":[],"jnews_single_post":[],"jnews_primary_category":[],"jnews_social_meta":[],"jnews_review":[],"enable_review":"","type":"","name":"","summary":"","brand":"","sku":"","good":[],"bad":[],"score_override":"","override_value":"","rating":[],"price":[],"jnews_override_counter":[],"jnews_post_split":[],"footnotes":""},"categories":[54],"tags":[44,1573,3018,67,3051],"class_list":["post-20405","post","type-post","status-publish","format-standard","has-post-thumbnail","hentry","category-inmigracion","tag-argentina","tag-bariloche","tag-dia-de-la-independencia-2","tag-venezolanos-en-argentina","tag-venezolanos-en-bariloche"],"amp_enabled":true,"_links":{"self":[{"href":"https:\/\/esreviral.com\/index.php?rest_route=\/wp\/v2\/posts\/20405"}],"collection":[{"href":"https:\/\/esreviral.com\/index.php?rest_route=\/wp\/v2\/posts"}],"about":[{"href":"https:\/\/esreviral.com\/index.php?rest_route=\/wp\/v2\/types\/post"}],"author":[{"embeddable":true,"href":"https:\/\/esreviral.com\/index.php?rest_route=\/wp\/v2\/users\/2"}],"replies":[{"embeddable":true,"href":"https:\/\/esreviral.com\/index.php?rest_route=%2Fwp%2Fv2%2Fcomments&post=20405"}],"version-history":[{"count":0,"href":"https:\/\/esreviral.com\/index.php?rest_route=\/wp\/v2\/posts\/20405\/revisions"}],"wp:featuredmedia":[{"embeddable":true,"href":"https:\/\/esreviral.com\/index.php?rest_route=\/"}],"wp:attachment":[{"href":"https:\/\/esreviral.com\/index.php?rest_route=%2Fwp%2Fv2%2Fmedia&parent=20405"}],"wp:term":[{"taxonomy":"category","embeddable":true,"href":"https:\/\/esreviral.com\/index.php?rest_route=%2Fwp%2Fv2%2Fcategories&post=20405"},{"taxonomy":"post_tag","embeddable":true,"href":"https:\/\/esreviral.com\/index.php?rest_route=%2Fwp%2Fv2%2Ftags&post=20405"}],"curies":[{"name":"wp","href":"https:\/\/api.w.org\/{rel}","templated":true}]}}