{"id":20294,"date":"2022-07-04T08:43:04","date_gmt":"2022-07-04T11:43:04","guid":{"rendered":"https:\/\/esreviral.com\/?p=20294"},"modified":"2022-07-04T08:43:04","modified_gmt":"2022-07-04T11:43:04","slug":"la-afip-oficializo-la-feria-fiscal-de-invierno-cuando-empieza-y-cuanto-durara","status":"publish","type":"post","link":"https:\/\/esreviral.com\/?p=20294","title":{"rendered":"La AFIP oficializ\u00f3 la feria fiscal de invierno: cu\u00e1ndo empieza y cu\u00e1nto durar\u00e1"},"content":{"rendered":"\n<p class=\"has-drop-cap\">La Administraci\u00f3n Federal de Ingresos P\u00fablicos (AFIP) oficializ\u00f3<strong>\u00a0la feria fiscal de invierno<\/strong>\u00a0que abarcar\u00e1 del d\u00eda 18 al 29 de julio, ambos inclusive.\u00a0La medida establece la suspensi\u00f3n del c\u00f3mputo de los plazos vigentes en determinaciones de oficio, sumarios, multas, descargos, intimaciones y clausuras.\u00a0<strong>La decisi\u00f3n se incluy\u00f3 en la Resoluci\u00f3n General 5223\/2022.<\/strong><\/p>\n\n\n\n<p>A continuaci\u00f3n 10 claves sobre la feria fiscal detalladas por el tributarista Sebasti\u00e1n Dom\u00ednguez, socio de SDC Asesores Tributarios.<\/p>\n\n\n\n<ul class=\"wp-block-list\"><li>1.&nbsp;<strong>\u00bfCu\u00e1nto dura la Feria Fiscal disputa por la Resoluci\u00f3n General (AFIP) 4682?<\/strong><\/li><\/ul>\n\n\n\n<p>La AFIP ha fijado el per\u00edodo de Feria Fiscal de invierno entre los d\u00edas 18 al 29 de julio de 2022, ambos inclusive.<\/p>\n\n\n\n<ul class=\"wp-block-list\"><li>2.<strong>&nbsp;\u00bfCu\u00e1l es el alcance de la Feria Fiscal?<\/strong><\/li><\/ul>\n\n\n\n<p>La Feria Fiscal tiene el alcance de las previsiones de la Resoluci\u00f3n General (AFIP) 1.983.<\/p>\n\n\n\n<ul class=\"wp-block-list\"><li>3.&nbsp;<strong>\u00bfSe prorrogan los vencimientos para las presentaciones de las declaraciones juradas y para pagos de los tributos?<\/strong><\/li><\/ul>\n\n\n\n<p>No. La Feria Fiscal no tiene efecto respecto de las fechas de vencimiento para la presentaci\u00f3n de las declaraciones juradas determinativas o informativas como as\u00ed tampoco para el pago de los tributos.<\/p>\n\n\n\n<p>Las presentaciones y los pagos se deber\u00e1n continuar realizando en las fechas de vencimiento previstas.<\/p>\n\n\n\n<ul class=\"wp-block-list\"><li>4.&nbsp;<strong>Entonces, \u00bfQu\u00e9 efecto tiene la Feria Fiscal?<\/strong><\/li><\/ul>\n\n\n\n<p>El alcance de la Feria Fiscal es que durante el transcurso de la misma no deben computarse los d\u00edas h\u00e1biles administrativos respecto de los plazos procedimentales.<\/p>\n\n\n\n<p>Por ejemplo, si un contribuyente recibe hoy, 4\/7, un requerimiento para brindar determinada informaci\u00f3n en un plazo de 10 d\u00edas h\u00e1biles y el mismo iba a vencer el lunes 18\/7, el vencimiento pasa al lunes 1\/8.<\/p>\n\n\n\n<ul class=\"wp-block-list\"><li>5.&nbsp;<strong>\u00bfPuede la AFIP continuar ejerciendo sus facultades durante la Feria Fiscal?<\/strong><\/li><\/ul>\n\n\n\n<p>Si. Durante la Feria Fiscal est\u00e1 previsto que el Fisco contin\u00fae ejerciendo sus facultades de contralor.<\/p>\n\n\n\n<p>Incluso puede realizar notificaciones a los contribuyentes, responsables o terceros.<\/p>\n\n\n\n<ul class=\"wp-block-list\"><li>6.&nbsp;<strong>\u00bfQu\u00e9 sucede si durante la Feria Fiscal la AFIP efect\u00faa una notificaci\u00f3n?<\/strong><\/li><\/ul>\n\n\n\n<p>Si el Fisco efect\u00faa una notificaci\u00f3n durante la Feria Fiscal, la misma se tendr\u00e1 por practicada el d\u00eda 1\/8\/2022, conforme lo dispone el \u00faltimo p\u00e1rrafo del Art. 100 de la Ley 11.683.<\/p>\n\n\n\n<p>Los plazos se deber\u00e1n contar a partir del d\u00eda h\u00e1bil siguiente a \u00e9ste, es decir, el d\u00eda 2\/8\/2022.<\/p>\n\n\n\n<ul class=\"wp-block-list\"><li>7.<strong>&nbsp;\u00bfPuede el contribuyente contestar requerimientos, citaciones, etc. durante la Feria Fiscal?<\/strong><\/li><\/ul>\n\n\n\n<p>Si. El contribuyente o responsable tiene la facultad de contestar los requerimientos, citaciones, etc. durante el plazo que rija la Feria Fiscal.<\/p>\n\n\n\n<p>Sin embargo, respecto a tr\u00e1mites presenciales no es aconsejable que se dirija a las oficinas del Fisco porque justamente se est\u00e1 tratando de evitar el contacto f\u00edsico entre los ciudadanos.<\/p>\n\n\n\n<ul class=\"wp-block-list\"><li>8.&nbsp;<strong>\u00bfLa Feria Fiscal tiene alg\u00fan efecto respecto a la prescripci\u00f3n?<\/strong><\/li><\/ul>\n\n\n\n<p>La Feria Fiscal no modifica los t\u00e9rminos de prescripci\u00f3n de las acciones y poderes del Fisco para reclamar los tributos.<\/p>\n\n\n\n<p>Es decir, no es una causal de suspensi\u00f3n ni interrupci\u00f3n de la prescripci\u00f3n.<\/p>\n\n\n\n<ul class=\"wp-block-list\"><li>9. \u00bf<strong>Puede el Fisco aplicar clausuras durante la Feria Fiscal?<\/strong><\/li><\/ul>\n\n\n\n<p>La AFIP ha sostenido que aquellas resoluciones firmes por medio de las cuales se apliquen clausuras, quedando, por ende, \u00fanicamente hacerlas efectivas, resultan ajenas al \u00e1mbito de aplicaci\u00f3n de la Feria Fiscal.<\/p>\n\n\n\n<p>Es decir, que si la sanci\u00f3n de clausura est\u00e1 firme, podr\u00eda ser efectivizada por el Fisco dentro del per\u00edodo de la Feria Fiscal.<\/p>\n\n\n\n<p>Es probable que esto no suceda por la emergencia sanitaria generada por el coronavirus.<\/p>\n\n\n\n<ul class=\"wp-block-list\"><li>10.&nbsp;<strong>\u00bfPuede el Fisco disponer la habilitaci\u00f3n de la Feria Fiscal para determinados tr\u00e1mites?<\/strong><\/li><\/ul>\n\n\n\n<p>Si. La AFIP puede habilitar d\u00edas y horas para la realizaci\u00f3n de determinados actos o tr\u00e1mites, mediante resoluci\u00f3n fundada. Esto corresponde en los casos en que la demora afecte los intereses del Fisco.<\/p>\n\n\n\n<p>Asimismo, se habilita a la AFIP para disponer que la realizaci\u00f3n de tr\u00e1mites que resulten improrrogables para el contribuyente, responsable o usuario del servicio aduanero, se realicen ante determinadas dependencias, independientemente de la jurisdicci\u00f3n a la que pertenezcan.<\/p>\n\n\n\n<p>Es decir, que la feria fiscal puede ser habilitada conforme lo detallado precedentemente y el contribuyente, responsable o usuarios del servicio aduanero no podr\u00edan oponerse a ello.<\/p>\n\n\n\n<p class=\"has-text-align-right\"><em><strong>Clarin<\/strong><\/em><strong>.-<\/strong><\/p>\n","protected":false},"excerpt":{"rendered":"<p>La medida establece la suspensi\u00f3n del c\u00f3mputo de los plazos vigentes en determinaciones de oficio, sumarios, multas, descargos, intimaciones y clausuras.<\/p>\n","protected":false},"author":2,"featured_media":20295,"comment_status":"open","ping_status":"open","sticky":false,"template":"","format":"standard","meta":{"jnews-multi-image_gallery":[],"jnews_single_post":[],"jnews_primary_category":[],"jnews_social_meta":[],"jnews_review":[],"enable_review":"","type":"","name":"","summary":"","brand":"","sku":"","good":[],"bad":[],"score_override":"","override_value":"","rating":[],"price":[],"jnews_override_counter":[],"jnews_post_split":[],"footnotes":""},"categories":[58,61],"tags":[571,44,2999,45],"class_list":["post-20294","post","type-post","status-publish","format-standard","has-post-thumbnail","hentry","category-argentina","category-economia","tag-afip","tag-argentina","tag-feria-fiscal","tag-noticias"],"amp_enabled":true,"_links":{"self":[{"href":"https:\/\/esreviral.com\/index.php?rest_route=\/wp\/v2\/posts\/20294"}],"collection":[{"href":"https:\/\/esreviral.com\/index.php?rest_route=\/wp\/v2\/posts"}],"about":[{"href":"https:\/\/esreviral.com\/index.php?rest_route=\/wp\/v2\/types\/post"}],"author":[{"embeddable":true,"href":"https:\/\/esreviral.com\/index.php?rest_route=\/wp\/v2\/users\/2"}],"replies":[{"embeddable":true,"href":"https:\/\/esreviral.com\/index.php?rest_route=%2Fwp%2Fv2%2Fcomments&post=20294"}],"version-history":[{"count":0,"href":"https:\/\/esreviral.com\/index.php?rest_route=\/wp\/v2\/posts\/20294\/revisions"}],"wp:featuredmedia":[{"embeddable":true,"href":"https:\/\/esreviral.com\/index.php?rest_route=\/"}],"wp:attachment":[{"href":"https:\/\/esreviral.com\/index.php?rest_route=%2Fwp%2Fv2%2Fmedia&parent=20294"}],"wp:term":[{"taxonomy":"category","embeddable":true,"href":"https:\/\/esreviral.com\/index.php?rest_route=%2Fwp%2Fv2%2Fcategories&post=20294"},{"taxonomy":"post_tag","embeddable":true,"href":"https:\/\/esreviral.com\/index.php?rest_route=%2Fwp%2Fv2%2Ftags&post=20294"}],"curies":[{"name":"wp","href":"https:\/\/api.w.org\/{rel}","templated":true}]}}