{"id":20291,"date":"2022-07-04T08:38:53","date_gmt":"2022-07-04T11:38:53","guid":{"rendered":"https:\/\/esreviral.com\/?p=20291"},"modified":"2022-07-04T08:38:53","modified_gmt":"2022-07-04T11:38:53","slug":"el-papa-francisco-nego-rumores-de-renuncia-y-dijo-que-quiere-viajar-a-moscu-y-kiev-para-buscar-la-paz","status":"publish","type":"post","link":"https:\/\/esreviral.com\/?p=20291","title":{"rendered":"El papa Francisco neg\u00f3 rumores de renuncia y dijo que quiere viajar a Mosc\u00fa y Kiev para buscar la paz"},"content":{"rendered":"\n<p class=\"has-drop-cap\">Luego de semanas de especulaciones, el\u00a0papa Francisco\u00a0despej\u00f3 los rumores sobre una posible renuncia, ratific\u00f3 que planea viajar a Canad\u00e1 el pr\u00f3ximo mes y<strong>\u00a0afirm\u00f3 que tiene intenciones de visitar Mosc\u00fa y Kiev\u00a0<\/strong>con el objetivo de ayudar a lograr la paz en medio de la guerra desatada en Ucrania tras la invasi\u00f3n rusa.<\/p>\n\n\n\n<p>\u00abNunca estuvo en mi cabeza. Por el momento no, de verdad\u00bb, respondi\u00f3 el pont\u00edfice al ser consultado, en una entrevista con la agencia de noticias Reuters difundida hoy,<strong>&nbsp;sobre los rumores de una eventual renuncia&nbsp;<\/strong>durante el verano europeo.<\/p>\n\n\n\n<p>En ese marco, repiti\u00f3 que alg\u00fan d\u00eda podr\u00eda llegar a evaluar la dimisi\u00f3n si su salud empeora, pero que \u00abno se sabe, Dios dir\u00e1\u00bb al respecto.<\/p>\n\n\n\n<p>El pont\u00edfice, de 85 a\u00f1os, fue operado en 2021 por una diverticulitis y este a\u00f1o se mostr\u00f3 en silla de ruedas por primera vez a partir de una dolencia en la rodilla derecha que lo oblig\u00f3 a suspender el viaje previsto a Sud\u00e1n del Sur y Rep\u00fablica Democr\u00e1tica del Congo del 2 al 7 de julio.<\/p>\n\n\n\n<p>\u00ab<strong>Estoy mejor, estoy mejorando de a poco<\/strong>\u00ab, dijo el Papa, y reconoci\u00f3 que est\u00e1 siendo tratado con terapia l\u00e1ser y magn\u00e9tica.<\/p>\n\n\n\n<p>Sobre la intervenci\u00f3n del a\u00f1o pasado, la calific\u00f3 como \u00abun \u00e9xito\u00bb y neg\u00f3 las versiones sobre un supuesto c\u00e1ncer, a las que consider\u00f3 \u00abchismes de palacio\u00bb.<\/p>\n\n\n\n<p><strong><span style=\"background-color:#a30003\" class=\"td_text_highlight_marker\">\u00abServir a la causa de la paz\u00bb, el mensaje de Francisco para viajar a Mosc\u00fa<\/span><\/strong><\/p>\n\n\n\n<p>Francisco, que del 24 al 30 de julio viajar\u00e1 a Canad\u00e1,&nbsp;agreg\u00f3 adem\u00e1s que estudia una visita a Rusia y Ucrania a su regreso del pa\u00eds norteamericano.&nbsp;\u00abMe gustar\u00eda ir, y&nbsp;<strong>quer\u00eda ir primero a Mosc\u00fa\u00bb,<\/strong>&nbsp;plante\u00f3 al ser consultado sobre una posible visita a Kiev.<\/p>\n\n\n\n<p>\u00abIntercambiamos mensajes sobre esto porque pens\u00e9 si el presidente ruso me daba una peque\u00f1a ventana para servir a la causa de la paz. Y ahora es posible, despu\u00e9s de que regrese de Canad\u00e1, es posible que logre ir a Ucrania\u00bb, dijo.<\/p>\n\n\n\n<p>En ese contexto, sostuvo que \u00ablo primero es ir a Rusia para intentar ayudar de alguna manera, pero&nbsp;<strong>me gustar\u00eda ir a las dos capitales\u00bb.<\/strong><\/p>\n\n\n\n<p><strong><span style=\"background-color:#a30003\" class=\"td_text_highlight_marker\">La reuni\u00f3n con Elon Musk<\/span><\/strong><\/p>\n\n\n\n<p>El pasado viernes&nbsp;<strong>Francisco se reuni\u00f3 con el magnate de la tecnolog\u00eda<\/strong>, cofundador de Tesla e SpaceX y persona m\u00e1s rica del mundo, Elon Musk, durante cerca de 40 minutos en su residencia de Santa Marta.<\/p>\n\n\n\n<p>Fue Musk quien confirm\u00f3 el encuentro al publicar una foto en Twitter en la que se le ve junto con el papa Francisco y cuatro de sus siete hijos.<\/p>\n\n\n\n<p>El encuentro tuvo lugar en casa Santa Marta durante la tarde del viernes y no estaba en la agenda oficial de Francisco, como muchos de los encuentros privados que el pont\u00edfice mantiene con diferentes personalidades en su residencia.<\/p>\n\n\n\n<p>Seg\u00fan los medios italianos, el consejero delegado de Tesla&nbsp;<strong>quiso mostrar al Papa su visi\u00f3n sobre c\u00f3mo utilizar mejor la tecnolog\u00eda<\/strong>&nbsp;para mejorar el mundo.<\/p>\n\n\n\n<p><strong>Honrado de haber conocido al pont\u00edfice<\/strong>, escribi\u00f3 Musk en su tuit para comentar la foto en la que aparece con cuatro de sus hijos, nacidos del primer matrimonio con la escritora Justine Wilson.<\/p>\n\n\n\n<p class=\"has-text-align-right\"><strong><em>Clarin.-<\/em><\/strong><\/p>\n","protected":false},"excerpt":{"rendered":"<p>El Sumo Pont\u00edfice afirm\u00f3 que \u201cnunca estuvo en su cabeza\u201d dejar el cargo, a pesar de los problemas de salud que lo aquejan.<\/p>\n","protected":false},"author":2,"featured_media":20292,"comment_status":"open","ping_status":"open","sticky":false,"template":"","format":"standard","meta":{"jnews-multi-image_gallery":[],"jnews_single_post":[],"jnews_primary_category":[],"jnews_social_meta":[],"jnews_review":[],"enable_review":"","type":"","name":"","summary":"","brand":"","sku":"","good":[],"bad":[],"score_override":"","override_value":"","rating":[],"price":[],"jnews_override_counter":[],"jnews_post_split":[],"footnotes":""},"categories":[43,88],"tags":[1980,1934,2997,45,128,2998],"class_list":["post-20291","post","type-post","status-publish","format-standard","has-post-thumbnail","hentry","category-actualidad","category-internacionales","tag-guerra-rusia-ucrania","tag-kiev","tag-moscu","tag-noticias","tag-papa-francisco","tag-paz"],"amp_enabled":true,"_links":{"self":[{"href":"https:\/\/esreviral.com\/index.php?rest_route=\/wp\/v2\/posts\/20291"}],"collection":[{"href":"https:\/\/esreviral.com\/index.php?rest_route=\/wp\/v2\/posts"}],"about":[{"href":"https:\/\/esreviral.com\/index.php?rest_route=\/wp\/v2\/types\/post"}],"author":[{"embeddable":true,"href":"https:\/\/esreviral.com\/index.php?rest_route=\/wp\/v2\/users\/2"}],"replies":[{"embeddable":true,"href":"https:\/\/esreviral.com\/index.php?rest_route=%2Fwp%2Fv2%2Fcomments&post=20291"}],"version-history":[{"count":0,"href":"https:\/\/esreviral.com\/index.php?rest_route=\/wp\/v2\/posts\/20291\/revisions"}],"wp:featuredmedia":[{"embeddable":true,"href":"https:\/\/esreviral.com\/index.php?rest_route=\/"}],"wp:attachment":[{"href":"https:\/\/esreviral.com\/index.php?rest_route=%2Fwp%2Fv2%2Fmedia&parent=20291"}],"wp:term":[{"taxonomy":"category","embeddable":true,"href":"https:\/\/esreviral.com\/index.php?rest_route=%2Fwp%2Fv2%2Fcategories&post=20291"},{"taxonomy":"post_tag","embeddable":true,"href":"https:\/\/esreviral.com\/index.php?rest_route=%2Fwp%2Fv2%2Ftags&post=20291"}],"curies":[{"name":"wp","href":"https:\/\/api.w.org\/{rel}","templated":true}]}}