{"id":20279,"date":"2022-07-01T08:46:49","date_gmt":"2022-07-01T11:46:49","guid":{"rendered":"https:\/\/esreviral.com\/?p=20279"},"modified":"2022-07-01T08:46:49","modified_gmt":"2022-07-01T11:46:49","slug":"argentina-tiene-nueva-ley-integral-de-vih","status":"publish","type":"post","link":"https:\/\/esreviral.com\/?p=20279","title":{"rendered":"Argentina tiene nueva ley integral de VIH"},"content":{"rendered":"\n<p class=\"has-drop-cap\"><strong>El Senado de la Naci\u00f3n aprob\u00f3 en la noche de este jueves, por amplia mayor\u00eda, y convirti\u00f3 en ley, el proyecto de VIH, Hepatitis Virales, Tuberculosis e Infecciones de Transmisi\u00f3n Sexual<\/strong>, que propone un abordaje integral desde la salud colectiva y busca brindar contenci\u00f3n e informaci\u00f3n para derribar prejuicios y situaciones de discriminaci\u00f3n.<\/p>\n\n\n\n<p>La discusi\u00f3n del proyecto, que finaliz\u00f3 pasadas las diez de la noche, fue seguido desde las gradas del recinto de la C\u00e1mara alta por decenas de pacientes, que aplaudieron de manera cerrada cada discurso.<\/p>\n\n\n\n<p><strong>El proyecto fue votado por sesenta votos a favor y uno en contra<\/strong>, del jefe del bloque PRO, el misionero Humberto Schiavoni.<\/p>\n\n\n\n<p><strong>La iniciativa, que fue presentada originalmente por la diputada Carolina Gaillard, del Frente de Todos<\/strong>, establece -entre otros puntos- la<strong>&nbsp;creaci\u00f3n de un Observatorio Nacional sobre Estigma y Discriminaci\u00f3n<\/strong>, con el fin de visibilizar, documentar y erradicar las vulneraciones a los derechos de las personas afectadas.<\/p>\n\n\n\n<p>La iniciativa, que cuenta con el apoyo de m\u00e1s de 200 instituciones y organizaciones civiles, plantea un cambio de perspectiva y pone foco en lo social, apuntando a mejorar la calidad de vida y prevenir muertes evitables.<\/p>\n\n\n\n<figure class=\"wp-block-embed is-type-video is-provider-youtube wp-block-embed-youtube wp-embed-aspect-16-9 wp-has-aspect-ratio\"><div class=\"wp-block-embed__wrapper\">\n<div class=\"jeg_video_container jeg_video_content\"><iframe title=\"SESI\u00d3N  30-06-22\" width=\"500\" height=\"281\" src=\"https:\/\/www.youtube.com\/embed\/GLLrh8IrXFQ?feature=oembed\" frameborder=\"0\" allow=\"accelerometer; autoplay; clipboard-write; encrypted-media; gyroscope; picture-in-picture; web-share\" referrerpolicy=\"strict-origin-when-cross-origin\" allowfullscreen><\/iframe><\/div>\n<\/div><\/figure>\n\n\n\n<p>Propone, adem\u00e1s, que&nbsp;<strong>toda prueba para detectar esas patolog\u00edas deber\u00e1 ser voluntaria, gratuita, confidencial y universal, a la vez que promueve la creaci\u00f3n de un r\u00e9gimen de jubilaci\u00f3n especial<\/strong>, de car\u00e1cter excepcional para quienes transiten las enfermedades de VIH y hepatitis B o C, as\u00ed como una pensi\u00f3n no contributiva de car\u00e1cter vitalicio para quienes se encuentren en situaci\u00f3n de vulnerabilidad social.<\/p>\n\n\n\n<p>De este modo, quienes acrediten al menos diez a\u00f1os desde el diagn\u00f3stico de la enfermedad y 20 a\u00f1os de aportes jubilatorios, pueden solicitar la jubilaci\u00f3n a partir de los 50 a\u00f1os.<\/p>\n\n\n\n<p>El proyecto tambi\u00e9n&nbsp;<strong>promueve la capacitaci\u00f3n, investigaci\u00f3n, difusi\u00f3n de campa\u00f1as masivas y la conformaci\u00f3n de una Comisi\u00f3n Nacional de VIH, Hepatitis Virales, otras ITS y Tuberculosis<\/strong>, integrada de forma interministerial e intersectorial por representantes de los organismos estatales, sociedades cient\u00edficas y organizaciones de la sociedad civil con trabajo en estas patolog\u00edas.<\/p>\n\n\n\n<p>La integraci\u00f3n de esta comisi\u00f3n debe ser determinada por v\u00eda reglamentaria y garantizar representaci\u00f3n federal y de g\u00e9neros.<\/p>\n\n\n\n<p><strong>Tambi\u00e9n se propone un Observatorio Nacional sobre Estigma y Discriminaci\u00f3n<\/strong>, con el objetivo de visibilizar, documentar, disuadir y erradicar las vulneraciones a los derechos humanos de las personas afectadas.<\/p>\n\n\n\n<p><strong><span style=\"background-color:#a30003\" class=\"td_text_highlight_marker\">DERECHOS LABORALES PARA LAS PERSONAS CON VIH, HEPATITIS VIRALES, OTRAS ITS Y\/O TUBERCULOSIS<\/span><\/strong><\/p>\n\n\n\n<p>&#8211;&nbsp;<strong>Al trabajo y a la permanencia en el mismo sin discriminaci\u00f3n, despidos, suspensiones, hostigamientos, reducciones salariales, violencia, ni violaci\u00f3n de la confidencialidad<\/strong>, para la poblaci\u00f3n referida en esta ley. Se presume, salvo prueba en contrario, que el despido de personas con VIH, hepatitis virales, otras ITS y\/o tuberculosis obedece a razones de discriminaci\u00f3n.<\/p>\n\n\n\n<p>&#8211; A que no sea condicionado el ingreso a fuentes laborales o a la promoci\u00f3n de puestos de trabajo por la realizaci\u00f3n de pruebas diagn\u00f3sticas.<\/p>\n\n\n\n<p>&#8211; A&nbsp;<strong>no ser objeto de pruebas diagn\u00f3sticas de modo compulsivo.<\/strong><\/p>\n\n\n\n<p>&#8211; A ser beneficiarios de pol\u00edticas de empleabilidad para personas con VIH, hepatitis virales, otras ITS y\/o tuberculosis, impulsando el&nbsp;<strong>acceso universal, asistencia integral y no discriminaci\u00f3n.<\/strong><\/p>\n\n\n\n<p>&#8211; A la inclusi\u00f3n de las personas con VIH, hepatitis virales, otras ITS y\/o tuberculosis en los<strong>&nbsp;programas de formaci\u00f3n y capacitaci\u00f3n del Ministerio de Trabajo, Empleo y Seguridad Social.<\/strong><\/p>\n\n\n\n<p>&#8211; A ser\u00a0<strong>beneficiarios de pol\u00edticas de acciones afirmativas<\/strong>\u00a0que fomenten la inclusi\u00f3n laboral, tanto en el \u00e1mbito p\u00fablico como en el privado, para la poblaci\u00f3n contemplada en esta ley, garantizando la confidencialidad del diagn\u00f3stico.<\/p>\n\n\n\n<p>El jefe de la Comisi\u00f3n de Salud, el oficialista tucumano Pablo Yedlin, elogi\u00f3 la actual Ley de VIH y la calific\u00f3 como \u201cprecursora en el mundo y sobre todo en la regi\u00f3n\u201d.<\/p>\n\n\n\n<p>\u201cSe diagnostican por a\u00f1o 4.500 casos con una tasa de 11 por cien mil. En tanto que la tasa de mortalidad est\u00e1 en 2,8 por cada cien mil habitantes\u201d, mencion\u00f3 Yedlin.<\/p>\n\n\n\n<p>Adem\u00e1s, indic\u00f3 que \u201cel treinta por ciento de los pacientes que se diagnostican lo hace en un per\u00edodo tard\u00edo de la enfermedad\u201d, y se\u00f1al\u00f3 que \u201cel 65 por ciento de los pacientes se atiende en el sector p\u00fablico\u201d.<\/p>\n\n\n\n<p>El vicepresidente de la Comisi\u00f3n, el juje\u00f1o Mario Fiad, refiri\u00f3 que \u201cesta ley viene a actualizar la ley vigente y que tiene el adicional de incluir tambi\u00e9n a las hepatitis virales y a otras infecciones de transmisi\u00f3n sexual desde una perspectiva de los derechos humanos\u201d.<\/p>\n\n\n\n<p>\u201cCreo que estamos llegando tarde, porque no necesitamos de estas leyes para saber que el universo de las personas afectada por estas patolog\u00edas tienen sus derechos consagrados\u201d, agreg\u00f3.<\/p>\n\n\n\n<p><strong><span style=\"background-color:#a30003\" class=\"td_text_highlight_marker\">Movilizaciones de este jueves<\/span><\/strong><\/p>\n\n\n\n<p>Personas viviendo con VIH de diferentes edades, provincias y organizaciones se movilizaron desde el mediod\u00eda de este jueves frente al Congreso para reclamar la aprobaci\u00f3n de la nueva ley de VIH, que trat\u00f3 y convirti\u00f3 en ley el Senado, en el marco de un colorido acto\u00a0cuyo escenario cedieron por momentos a las familias que aguardaban la aprobaci\u00f3n de otra norma que tambi\u00e9n se aprob\u00f3, la de oncopediatr\u00eda.<\/p>\n\n\n\n<p><strong>\u00abEste proyecto de ley viene a atacar las dos barreras principales que tiene la respuesta al VIH en la Argentina que son la pobreza y la discriminaci\u00f3n, con acciones concretas como una pensi\u00f3n no contributiva, un r\u00e9gimen especial previsional para las personas que no lleguen a cumplir los a\u00f1os de aporte o pol\u00edticas espec\u00edficas que proh\u00edban la discriminaci\u00f3n\u00bb<\/strong>, dijo a T\u00e9lam Mat\u00edas Mu\u00f1oz, coordinador del cap\u00edtulo Argentina de la Alianza Mundial contra el Estigma y la Discriminaci\u00f3n Asociados al VIH mientras los parlantes reproduc\u00edan cl\u00e1sicos de la cumbia que a todos pon\u00edan a bailar.<\/p>\n\n\n\n<p>El d\u00eda de sol radiante, con una temperatura inusualmente alta para esta \u00e9poca del a\u00f1o, contribuy\u00f3 para que m\u00e1s gente se acercara al sector de la Plaza de los Dos Congresos, sobre Avenida Entre R\u00edos, donde se instal\u00f3 un gran escenario y una pantalla gigante que retransmit\u00eda lo que ocurr\u00eda en el recinto.<\/p>\n\n\n\n<p>Rodeando la tarima, se instalaron gazebos de algunas de las organizaciones que forman parte del convocante Frente Nacional por la Salud de las personas con VIH, tales como Ciclo Positivo, la Red Argentina de J\u00f3venes y Adolescentes Positivos (Rajap), la Red Nacional de Personas Viviendo con VIH, la Alianza Mundial contra el Estigma y la Discriminaci\u00f3n Asociados al VIH, entre otras. Y tambi\u00e9n el Inadi tuvo un puesto de informaci\u00f3n.<\/p>\n\n\n\n<figure class=\"wp-block-image\"><a href=\"javascript:void(0);\"><img decoding=\"async\" src=\"https:\/\/www.telam.com.ar\/thumbs\/bluesteel\/advf\/imagenes\/2022\/06\/62bdd5800a87b_900.jpg\" alt=\"Foto Victoria Gesualdi\"\/><\/a><figcaption>Foto: Victoria Gesualdi<\/figcaption><\/figure>\n\n\n\n<p>Si bien el clima era de mucho festejo anticipado -con m\u00fasica sonando, banderas al viento, risas, baile y activistas \u00abmontados\u00bb como si se aprestaran a desfilar en la marcha del Orgullo-, en varios tramos de los discursos fueron apareciendo reiteradamente las l\u00e1grimas y no siempre de emoci\u00f3n, al evocar a los militantes de esta reforma que fueron quedando en el camino, algunos de ellos como consecuencia de la pandemia de la Covid-19.<\/p>\n\n\n\n<p>Por su parte, Jos\u00e9 Mar\u00eda Di Bello, de la Fundaci\u00f3n Efecto Positivo (GEP), afirm\u00f3 que \u00abninguna ley de ning\u00fan otro lugar del mundo\u00bb contiene \u00abtodos los aspectos de protecci\u00f3n social que incluye nuestro proyecto\u00bb y el hecho de aprobarla \u00abnos pone nuevamente en la vanguardia de la avanzada en la conquista de derechos\u00bb en materia de VIH.<\/p>\n\n\n\n<figure class=\"wp-block-image\"><a href=\"javascript:void(0);\"><img decoding=\"async\" src=\"https:\/\/www.telam.com.ar\/thumbs\/bluesteel\/advf\/imagenes\/2022\/06\/62bdd57fd1f3c_900.jpg\" alt=\"Foto Victoria Gesualdi\"\/><\/a><figcaption>Foto: Victoria Gesualdi<\/figcaption><\/figure>\n\n\n\n<p>El hist\u00f3rico activista asegur\u00f3 que en estos ocho a\u00f1os de lucha desde la redacci\u00f3n del proyecto, \u00e9ste \u00abevolucion\u00f3\u00bb al calor de las mismas circunstancias \u00aby a partir de una situaci\u00f3n terrible como fue la quita de las pensiones no contributivas a las personas con VIH durante el macrismo\u00bb se incorpor\u00f3 un r\u00e9gimen nuevo para personas positivas, \u00abporque nos dimos cuenta que no pod\u00edan depender de la voluntad pol\u00edtica del gobierno de turno\u00bb y deb\u00edan formar parte de la letra de la ley bajo una denominaci\u00f3n espec\u00edfica.<\/p>\n\n\n\n<p>\u00abDurante estos a\u00f1os hemos avanzado mucho a nivel de tecnolog\u00edas m\u00e9dicas y eso nos ha dado una sobrevida, pero con ella vinieron un mont\u00f3n de otros impactos, que tienen que ver con lo social y laboral, y a eso le estamos dando respuesta con esta ley. Yo soy un convencido de que va a salvar muchas vidas\u00bb, dijo.<\/p>\n\n\n\n<figure class=\"wp-block-image\"><a href=\"javascript:void(0);\"><img decoding=\"async\" src=\"https:\/\/www.telam.com.ar\/thumbs\/bluesteel\/advf\/imagenes\/2022\/06\/62bdd85e0b894_900.jpg\" alt=\"Foto Victoria Gesualdi\"\/><\/a><figcaption>Foto: Victoria Gesualdi<\/figcaption><\/figure>\n\n\n\n<p>Una de las personas a las que el macrismo le quit\u00f3 la pensi\u00f3n no contributiva fue Mar\u00eda S\u00e1nchez de Positivos La Matanza. Fue a partir de esta situaci\u00f3n que se incorpor\u00f3 a la organizaci\u00f3n junto a otras y otros de diversas localidades como Moreno, Pilar, Mar del Plata y San Bernando.<\/p>\n\n\n\n<p>A su turno, Andrea Rotela, de Comunidad Internacional de Mujeres Viviendo con VIH\/SIDA (ICW), cont\u00f3 qu\u00e9 suele contestar cuando las personas le preguntan \u00abpara qu\u00e9 queremos una nueva ley si ya tienen una ley\u00bb que incluye el acceso gratuito a la medicaci\u00f3n: \u00abs\u00ed, tenemos una ley 100% paliativa, pensada para acompa\u00f1arnos a una muerte m\u00e1s digna\u00bb pero hoy que la condici\u00f3n de persona positiva se asemeja a sobrellevar una enfermedad cr\u00f3nica y que se ha demostrado que indetectable es igual a intransmisible, \u00abnecesitamos otras cosas, una ley como esta, con enfoque de derechos humanos, con perspectiva de g\u00e9nero, con un capitulo espec\u00edfico sobre mujeres y personas gestantes\u00bb.<\/p>\n\n\n\n<p><strong><span style=\"background-color:#a30003\" class=\"td_text_highlight_marker\">La media sanci\u00f3n en Diputados.<\/span><\/strong><\/p>\n\n\n\n<p><\/p>\n\n\n\n<p>Con el mismo tenor, una de sus compa\u00f1eras de ICW, la abogada Cecilia Rodr\u00edguez, destac\u00f3 a T\u00e9lam que \u00ablas mujeres con VIH estamos expuestas a una doble situaci\u00f3n de vulnerabilidad. Decir que tenemos la enfermedad nos somete a situaciones de violencia\u00bb.<\/p>\n\n\n\n<p>Entre los manifestantes estuvieron los amigos Lucas, Marian y Timi, que se vinieron desde C\u00f3rdoba para \u00abacompa\u00f1ar en la vigilia y mostrar que estamos ac\u00e1, que somos visibles y que necesitamos una nueva ley urgente\u00bb.<\/p>\n\n\n\n<p>Florencia Cevallo tambi\u00e9n viaj\u00f3 desde C\u00f3doba y es una de las voces de Rajap que hoy anim\u00f3 la jornada desde el escenario. \u00abSiendo mujer con VIH, lo que estoy viviendo ac\u00e1 es un hecho hist\u00f3rico que espero hace muchos a\u00f1os para tener una mejor calidad de vida, para ser sujeto de deseo adem\u00e1s de derecho\u00bb, precis\u00f3.<\/p>\n\n\n\n<p>Ataviado con unos tacos aguja bordados de lentejuelas doradas y su catsuit negro rematado en una elevada corona roja cubierta de piedras labradas, Lucas asegura que \u00abfalta m\u00e1s trabajo en conjunto\u00bb entre las organizaciones de todo el pa\u00eds, para alcanzar \u00abuna mayor visibilidad\u00bb<\/p>\n\n\n\n<figure class=\"wp-block-image\"><a href=\"javascript:void(0);\"><img decoding=\"async\" src=\"https:\/\/www.telam.com.ar\/thumbs\/bluesteel\/advf\/imagenes\/2022\/06\/62bdd85e422fe_900.jpg\" alt=\"Foto Victoria Gesualdi\"\/><\/a><figcaption>Foto: Victoria Gesualdi<\/figcaption><\/figure>\n\n\n\n<p>\u00abEn este mes tan importante para nosotros -despu\u00e9s de 53 a\u00f1os de la revoluci\u00f3n de Stonewall en Nueva York que inici\u00f3 una persona negra, trans y VIH positiva- es muy importante estar ac\u00e1, en la calle, con este nuevo desaf\u00edo que nos pone por delante la identidad pol\u00edtica\u00bb, afirm\u00f3 Timi, de cabellera rosa y con un complejo maquillaje art\u00edstico cubriendo su ojo izquierdo y parte de su rostro.<\/p>\n\n\n\n<p>Por su parte, la directora nacional de Pol\u00edticas y Pr\u00e1cticas contra la Discriminaci\u00f3n Inadi y activista trans Ornella Infante, sostuvo que la expectativa, a partir de la sanci\u00f3n de esta ley, es que \u00abel Estado argentino comience a pagar de una buena vez la hist\u00f3rica deuda que tiene con el sector\u00bb.<\/p>\n\n\n\n<p>\u00abNosotras lo que tenemos que lograr tambi\u00e9n es la aprobaci\u00f3n de la ley integral trans para que nos garantice tambi\u00e9n el contexto general de tener la inclusi\u00f3n, la igualdad de oportunidades que tienen otras poblaciones, no s\u00f3lo las que conviven con VIH porque hay un sector que no es positiva y le tenemos que dar todas las herramientas para prevenirlo\u00bb, dijo.<\/p>\n\n\n\n<figure class=\"wp-block-image\"><a href=\"javascript:void(0);\"><img decoding=\"async\" src=\"https:\/\/www.telam.com.ar\/thumbs\/bluesteel\/advf\/imagenes\/2022\/06\/62bdf56fcbe1f_900.jpg\" alt=\"Foto Victoria Gesualdi\"\/><\/a><figcaption>Foto: Victoria Gesualdi<\/figcaption><\/figure>\n\n\n\n<p><strong><span style=\"background-color:#a30003\" class=\"td_text_highlight_marker\">PARA GAILLARD, LA NUEVA LEY DE VIH IMPLICA \u00abPONERSE A TONO CON LO QUE RECOMIENDA ONUSIDA\u00bb<\/span><\/strong><\/p>\n\n\n\n<p>La diputada Carolina Gaillard, una de las principales impulsoras de la nueva ley, destac\u00f3 que\u00a0<strong>el nuevo texto incorpora \u201cuna mirada integral, interdisciplinaria e interseccional\u201d<\/strong>\u00a0de las necesidades de las personas que viven con el virus, a tono con \u201clo que recomienda la OPS y ONUSIDA\u201d.<br><br>La legisladora, la primera que firm\u00f3 el proyecto que aprob\u00f3 el pasado 5 de mayo en Diputados, asegur\u00f3 en di\u00e1logo con T\u00e9lam que \u201ces muy importante\u201d que este jueves se apruebe esta ley que es el producto del trabajo de muchos a\u00f1os por parte de las organizaciones de personas VIH positivas que vienen bregando por \u201cactualizar la ley anterior que ya tiene 30 a\u00f1os, para que tenga una mirada integral, interdisciplinaria, interseccional\u201d.<br><br>\u201cLa nueva ley aborda no solo el tratamiento de la salud de las personas con VIH, sino el contexto social, y\u00a0<strong>potencia la presencia del Estado para acompa\u00f1ar a las personas en sus tratamientos<\/strong>\u00a0con, por ejemplo, una pensi\u00f3n no contributiva para aquellos que no tengan trabajo en relaci\u00f3n de dependencia, o una jubilaci\u00f3n anticipada a los 50 a\u00f1os (para quienes s\u00ed lo tengan)\u00bb.<br><br>Esos ejes \u00abparten de entender y comprender que las personas con VIH tienen una vida m\u00e1s corta producto de los tratamientos prolongados con drogas de alta toxicidad y el deterioro que ocasiona el virus en el organismo\u201d, explic\u00f3.<br><br>Gaillard resalt\u00f3 que el texto\u00a0<strong>incorpora un cap\u00edtulo para que \u201cno se obligue a las mujeres y otras personas gestantes al parto por ces\u00e1rea<\/strong>\u00a0por el s\u00f3lo hecho de tener VIH y que se priorice el parto natural\u201d y a que los beb\u00e9s paridos por una persona positiva tengan acceso a la leche de f\u00f3rmula durante 18 meses, entre otras cuestiones.<br><br>Otro dos aspectos que Gaillard consider\u00f3 \u201cfundamentales\u201d son la<strong>\u00a0\u201ccreaci\u00f3n de un observatorio de la discriminaci\u00f3n hacia personas con VIH\u201d<\/strong>, as\u00ed como la\u00a0<strong>prohibici\u00f3n de despedir a una persona por su diagn\u00f3stico<\/strong>\u00a0y de solicitar el test como parte de los ex\u00e1menes preocupacionales, dos situaciones que se siguen dando \u201cporque existe un estigma en torno a esta condici\u00f3n\u201d por m\u00e1s que est\u00e9 prohibido por diferentes resoluciones del ministerio de Trabajo.<br><br>\u201cEste proyecto retoma todos los par\u00e1metros de OPS de la ONU, con la meta de 90-90-90 (90% de las personas viviendo con VIH diagnosticadas, 90% de las diagnosticadas en tratamiento y el 90% de las personas en tratamiento con el virus indetectable e intransferible); y avanza para que tengan las condiciones de vida, lo b\u00e1sico y esencial resuelto para llevar adelante correctamente el tratamiento que les permita una buena calidad de vida\u201d, dijo.<br><br>Para la legisladora, la principal deuda actual que tiene el Estado en esta materia son \u201ccampa\u00f1as de prevenci\u00f3n\u201d, lo que tambi\u00e9n est\u00e1 previsto en el proyecto de ley que ordena realizar \u201ccampa\u00f1as masivas de sensibilizaci\u00f3n, difusi\u00f3n y concientizaci\u00f3n\u201d.<br><br>\u201cEs muy importante que la poblaci\u00f3n est\u00e9 informada y est\u00e9 consciente que tiene que cuidarse, que protegerse y testearse para conocer cu\u00e1l es su serolog\u00eda, que haya campa\u00f1as de prevenci\u00f3n y tratamiento, para que el mensaje se emita con la fuerza que tiene el Estado cuando comunica y que la poblaci\u00f3n sepa que no es algo que ya pas\u00f3 sino que sigue estando entre nosotros y no podemos descuidarnos un segundo\u201d, concluy\u00f3.<\/p>\n\n\n\n<p class=\"has-text-align-right\"><strong><em>Telam.-<\/em><\/strong><\/p>\n","protected":false},"excerpt":{"rendered":"<p>El proyecto de ley nacional de respuesta integral, no solo refiere al VIH, sino que incorpora en la misma normativa a las hepatitis virales, otras infecciones de transmisi\u00f3n sexual y la tuberculosis.<\/p>\n","protected":false},"author":2,"featured_media":20280,"comment_status":"open","ping_status":"open","sticky":false,"template":"","format":"standard","meta":{"jnews-multi-image_gallery":[],"jnews_single_post":[],"jnews_primary_category":[],"jnews_social_meta":[],"jnews_review":[],"enable_review":"","type":"","name":"","summary":"","brand":"","sku":"","good":[],"bad":[],"score_override":"","override_value":"","rating":[],"price":[],"jnews_override_counter":[],"jnews_post_split":[],"footnotes":""},"categories":[58,84],"tags":[44,2987,2988,45,85],"class_list":["post-20279","post","type-post","status-publish","format-standard","has-post-thumbnail","hentry","category-argentina","category-salud","tag-argentina","tag-do-de-la-nacion","tag-ley-integral-de-vih","tag-noticias","tag-salud"],"amp_enabled":true,"_links":{"self":[{"href":"https:\/\/esreviral.com\/index.php?rest_route=\/wp\/v2\/posts\/20279"}],"collection":[{"href":"https:\/\/esreviral.com\/index.php?rest_route=\/wp\/v2\/posts"}],"about":[{"href":"https:\/\/esreviral.com\/index.php?rest_route=\/wp\/v2\/types\/post"}],"author":[{"embeddable":true,"href":"https:\/\/esreviral.com\/index.php?rest_route=\/wp\/v2\/users\/2"}],"replies":[{"embeddable":true,"href":"https:\/\/esreviral.com\/index.php?rest_route=%2Fwp%2Fv2%2Fcomments&post=20279"}],"version-history":[{"count":0,"href":"https:\/\/esreviral.com\/index.php?rest_route=\/wp\/v2\/posts\/20279\/revisions"}],"wp:featuredmedia":[{"embeddable":true,"href":"https:\/\/esreviral.com\/index.php?rest_route=\/"}],"wp:attachment":[{"href":"https:\/\/esreviral.com\/index.php?rest_route=%2Fwp%2Fv2%2Fmedia&parent=20279"}],"wp:term":[{"taxonomy":"category","embeddable":true,"href":"https:\/\/esreviral.com\/index.php?rest_route=%2Fwp%2Fv2%2Fcategories&post=20279"},{"taxonomy":"post_tag","embeddable":true,"href":"https:\/\/esreviral.com\/index.php?rest_route=%2Fwp%2Fv2%2Ftags&post=20279"}],"curies":[{"name":"wp","href":"https:\/\/api.w.org\/{rel}","templated":true}]}}