{"id":20275,"date":"2022-07-01T08:34:47","date_gmt":"2022-07-01T11:34:47","guid":{"rendered":"https:\/\/esreviral.com\/?p=20275"},"modified":"2022-07-01T08:34:47","modified_gmt":"2022-07-01T11:34:47","slug":"encuentran-cerca-de-140-kilos-de-cocaina-en-bolsos-flotando-en-la-costa-de-bahia-blanca","status":"publish","type":"post","link":"https:\/\/esreviral.com\/?p=20275","title":{"rendered":"Encuentran cerca de 140 kilos de coca\u00edna en bolsos flotando en la costa de Bah\u00eda Blanca"},"content":{"rendered":"\n<p class=\"has-drop-cap\">La\u00a0Prefectura\u00a0Naval hall\u00f3 durante un operativo<strong>\u00a0con otro objetivo, cinco bolsos<\/strong>\u00a0con unos\u00a0<strong>140 kilos\u00a0<\/strong>de\u00a0<strong>coca\u00edna<\/strong>\u00a0en panes en la costa de\u00a0Bah\u00eda Blanca.<\/p>\n\n\n\n<p>Las autoridades investigaban, este jueves, la misteriosa aparici\u00f3n de una&nbsp;<strong>embarcaci\u00f3n semirr\u00edgida sin tripulantes<\/strong>, seg\u00fan informaron fuentes policiales.<\/p>\n\n\n\n<p>Los panes de estupefacientes fueron encontrados en la r\u00eda, a la altura de la base<strong>&nbsp;Puerto Belgrano<\/strong>, en Coronel Rosales, cuando un guardacostas de la fuerza federal realizaba un patrullaje en medio de la b\u00fasqueda de pistas sobre el due\u00f1o de la embarcaci\u00f3n, que hasta ahora no fue localizado, seg\u00fan consign\u00f3 el diario bahiense La Nueva Rep\u00fablica<\/p>\n\n\n\n<p>\u00abSe trataba de cinco bolsos que&nbsp;<strong>estaban flotando&nbsp;<\/strong>y cuando fueron subidos a bordo se comprob\u00f3 que en su interior se hallaban varios panes con coca\u00edna\u00bb, agregaron desde Prefectura.<\/p>\n\n\n\n<p>Una r\u00eda es la penetraci\u00f3n que forma el mar en la costa por la desembocadura de un r\u00edo a causa del hundimiento de una parte del litoral. Suele ser la v\u00eda de ingreso y egreso de barcos a los puertos.<\/p>\n\n\n\n<p>El mismo medio reproduce adem\u00e1s que desde las fuerzas de\u00a0seguridad\u00a0indicaron que la cantidad de coca\u00edna hallada es aproximada -a\u00fan faltaba el proceso de pesaje posterior al descubrimiento-\u00a0y que la causa fue tomada autoridades judiciales.<\/p>\n\n\n\n<p>Interviene el Juzgado Federal N\u00b0 2, a cargo de la Mar\u00eda Gabriela Marr\u00f3n, y el fiscal federal Santiago Ulpiano Mart\u00ednez.<\/p>\n\n\n\n<p>Por otra parte, aclararon que hasta el momento, sospechas y conjeturas al margen,&nbsp;no se hall\u00f3 ning\u00fan v\u00ednculo que ate a&nbsp;la embarcaci\u00f3n desaparecida el \u00faltimo martes con&nbsp;la droga encontrada este jueves.<\/p>\n\n\n\n<p>\u00abDe hecho, se inici\u00f3<strong>&nbsp;una causa independiente<\/strong>, por el secuestro de la coca\u00edna\u00bb, informaron las autoridades locales.<\/p>\n\n\n\n<p>El operativo montado por Prefectura fue&nbsp;por tierra, aire y ma. Hab\u00eda comenzado d\u00edas atr\u00e1s con la&nbsp;b\u00fasqueda del propietario de una embarcaci\u00f3n que fue hallada<strong>&nbsp;a la deriva y sin sus ocupantes<\/strong>, cuyo paradero se mantiene incierto, seg\u00fan lo consignado por su parte, por la agencia estatal T\u00e9lam.<\/p>\n\n\n\n<p>Se trata de<strong>\u00a0una lancha semirr\u00edgida\u00a0<\/strong>de 6 metros de largo por 2 de ancho\u00a0<strong>denominada Ali Lafken II<\/strong>\u00a0y cuyo propietario -de acuerdo a los registros- reside en el partido de\u00a0Florencio Varela, en el conurbano bonaerense.<\/p>\n\n\n\n<p>El alerta sobre la lancha fue emitido por personal de la zona portuaria \u00abel lunes a las 20.30 cuando se observ\u00f3 la presencia de (lo que se presum\u00eda) una embarcaci\u00f3n flotando sin sus ocupantes a bordo que debi\u00f3 ser remolcada hasta el puerto\u00bb, indic\u00f3 la fuerza federal a cargo del operativo.<\/p>\n\n\n\n<p>Seg\u00fan se indic\u00f3, \u00abel due\u00f1o registr\u00f3 un domicilio en Florencio Varela, y se mand\u00f3 gente de la Prefectura\u00a0Quilmes\u00a0para verificar\u00bb.<\/p>\n\n\n\n<p>\u00abHasta el momento no se ha podido dar con el propietario\u00bb, detallaron desde la investigaci\u00f3n.<\/p>\n\n\n\n<p>\u00abLos 140 kilos de coca\u00edna flotando\u00a0<strong>frente a la Base Naval Puerto Belgrano<\/strong>\u00a0tambi\u00e9n le otorga raz\u00f3n a @elisacarrio, que siempre denunci\u00f3 cu\u00e1les son las bocas de<strong>\u00a0entrada y salida<\/strong>\u00a0del\u00a0narcotr\u00e1fico\u00a0en Argentina\u00bb, tuite\u00f3 el periodista Germ\u00e1n Sasso, conocida la noticias. El posteo fue replicado por la propia denunciante, fundadora de la\u00a0Coalici\u00f3n C\u00edvica.<\/p>\n\n\n\n<figure class=\"wp-block-embed is-type-rich is-provider-twitter wp-block-embed-twitter\"><div class=\"wp-block-embed__wrapper\">\n<blockquote class=\"twitter-tweet\" data-width=\"500\" data-dnt=\"true\"><p lang=\"es\" dir=\"ltr\">Los 140 kilos de coca\u00edna flotando frente a la Base Naval Puerto Belgrano tambi\u00e9n le otorga raz\u00f3n a <a href=\"https:\/\/twitter.com\/elisacarrio?ref_src=twsrc%5Etfw\">@elisacarrio<\/a>, que siempre denunci\u00f3 cu\u00e1les son las bocas de entrada y salida del narcotr\u00e1fico en Argentina.<\/p>&mdash; Germ\u00e1n Sasso (@SassoGerman) <a href=\"https:\/\/twitter.com\/SassoGerman\/status\/1542664421943779329?ref_src=twsrc%5Etfw\">July 1, 2022<\/a><\/blockquote><script async src=\"https:\/\/platform.twitter.com\/widgets.js\" charset=\"utf-8\"><\/script>\n<\/div><\/figure>\n\n\n\n<p><strong><span style=\"background-color:#a30003\" class=\"td_text_highlight_marker\">\u201cQuo Vadis\u201d, el velero en el\u00a0iban a traficar una tonelada y media de coca\u00edna a Europa<\/span><\/strong><\/p>\n\n\n\n<p>El pasado 21 de junio, m\u00e1s de una\u00a0<strong>tonelada y media<\/strong>\u00a0de coca\u00edna que iba a ser trasladada en embarcaciones a\u00a0Europa\u00a0fue secuestrada en allanamientos realizados en el partido de\u00a0Escobar\u00a0y en la localidad bonaerense de Canning, en el marco de la denominada \u00ab<strong>Operaci\u00f3n Atlantis\u00bb<\/strong>, en la que fueron\u00a0<strong>detenidos seis acusados<\/strong>\u00a0de integrar una organizaci\u00f3n dedicada al narcotr\u00e1fico internacional.<\/p>\n\n\n\n<p><img decoding=\"async\" src=\"https:\/\/www.clarin.com\/img\/2022\/06\/21\/una-banda-narco-cayo-cuando___Gra8HuMb__720x0__1.jpg\" alt=\"Una banda narco cay\u00f3 cuando que estaba por traficar una tonelada y media de coca\u00edna en el velero Quo Vadis  a Europa.\"><\/p>\n\n\n\n<p>Una banda narco cay\u00f3 cuando que estaba por traficar una tonelada y media de coca\u00edna en el velero Quo Vadis a Europa.<\/p>\n\n\n\n<p>El operativo -realizado por\u00a0Gendarmer\u00eda Nacional\u00a0y Prefectura Naval- fue resultado de una investigaci\u00f3n que se inici\u00f3 en 2018 sobre una organizaci\u00f3n que planeaba trasladar la droga<strong>\u00a0en velero hasta aguas internacionales<\/strong>\u00a0y, una vez en mar abierto, cargarla en un barco que la llevar\u00eda a Europa, donde se ejecutar\u00eda la maniobra inversa, explicaron fuentes de esas fuerzas federales.<\/p>\n\n\n\n<p class=\"has-text-align-right\"><strong><em>Clarin.-<\/em><\/strong><\/p>\n","protected":false},"excerpt":{"rendered":"<p>La droga fue hallada distribuida en cinco bolsos en medio de un operativo en el que buscaban a una embarcaci\u00f3n desaparecida.<\/p>\n","protected":false},"author":2,"featured_media":20276,"comment_status":"open","ping_status":"open","sticky":false,"template":"","format":"standard","meta":{"jnews-multi-image_gallery":[],"jnews_single_post":[],"jnews_primary_category":[],"jnews_social_meta":[],"jnews_review":[],"enable_review":"","type":"","name":"","summary":"","brand":"","sku":"","good":[],"bad":[],"score_override":"","override_value":"","rating":[],"price":[],"jnews_override_counter":[],"jnews_post_split":[],"footnotes":""},"categories":[58],"tags":[44,2984,254,2985,45,2986],"class_list":["post-20275","post","type-post","status-publish","format-standard","has-post-thumbnail","hentry","category-argentina","tag-argentina","tag-bahia-blanca","tag-droga","tag-elisa-carrio","tag-noticias","tag-prefectura-naval-argentina"],"amp_enabled":true,"_links":{"self":[{"href":"https:\/\/esreviral.com\/index.php?rest_route=\/wp\/v2\/posts\/20275"}],"collection":[{"href":"https:\/\/esreviral.com\/index.php?rest_route=\/wp\/v2\/posts"}],"about":[{"href":"https:\/\/esreviral.com\/index.php?rest_route=\/wp\/v2\/types\/post"}],"author":[{"embeddable":true,"href":"https:\/\/esreviral.com\/index.php?rest_route=\/wp\/v2\/users\/2"}],"replies":[{"embeddable":true,"href":"https:\/\/esreviral.com\/index.php?rest_route=%2Fwp%2Fv2%2Fcomments&post=20275"}],"version-history":[{"count":0,"href":"https:\/\/esreviral.com\/index.php?rest_route=\/wp\/v2\/posts\/20275\/revisions"}],"wp:featuredmedia":[{"embeddable":true,"href":"https:\/\/esreviral.com\/index.php?rest_route=\/"}],"wp:attachment":[{"href":"https:\/\/esreviral.com\/index.php?rest_route=%2Fwp%2Fv2%2Fmedia&parent=20275"}],"wp:term":[{"taxonomy":"category","embeddable":true,"href":"https:\/\/esreviral.com\/index.php?rest_route=%2Fwp%2Fv2%2Fcategories&post=20275"},{"taxonomy":"post_tag","embeddable":true,"href":"https:\/\/esreviral.com\/index.php?rest_route=%2Fwp%2Fv2%2Ftags&post=20275"}],"curies":[{"name":"wp","href":"https:\/\/api.w.org\/{rel}","templated":true}]}}