{"id":20270,"date":"2022-07-01T08:25:15","date_gmt":"2022-07-01T11:25:15","guid":{"rendered":"https:\/\/esreviral.com\/?p=20270"},"modified":"2022-07-01T08:25:15","modified_gmt":"2022-07-01T11:25:15","slug":"un-ex-policia-que-amenaza-con-tirarse-de-un-andamio-frente-al-congreso","status":"publish","type":"post","link":"https:\/\/esreviral.com\/?p=20270","title":{"rendered":"Un ex polic\u00eda que amenaza con tirarse de un andamio frente al Congreso"},"content":{"rendered":"\n<p class=\"has-drop-cap\">La zona del Congreso de la Naci\u00f3n\u200b amaneci\u00f3 con un fuerte\u00a0operativo por\u00a0<strong>un hombre que se subi\u00f3 a un andamio<\/strong>\u00a0de diez metros de altura frente al palacio legislativo, que amenazaba con tirarse y\u00a0en un visible estado de violencia.<\/p>\n\n\n\n<p>La tensa situaci\u00f3n&nbsp;<strong>comenz\u00f3 poco antes de las 7 de la ma\u00f1an<\/strong>a, cuando un hombre trep\u00f3 a la estructura de unos diez metros de altura y amenaz\u00f3 con saltar al vac\u00edo. All\u00ed se encontraba un equipo de trabajadores que se encargaban de la restauraci\u00f3n de la fachada del Congreso. El hombre cruz\u00f3 la reja, se subi\u00f3 a lo m\u00e1s alto y comenz\u00f3 a amenazar con tirarse.<\/p>\n\n\n\n<p>Seg\u00fan informaron fuentes policiales a&nbsp;<strong>Clar\u00edn<\/strong>, se trata de un ex oficial de Polic\u00eda Federal apartado en 2019. Para tratar de contenerlo, un negociador del GEOF charlaba con \u00e9l para tratar de convencerlo de que se baje. Por otro lado, un equipo del SAME y de bomberos trabajan a los alrededores. Dos colchones inflables se montaron a los costados del andamio en caso de que el hombre decida saltar.<\/p>\n\n\n\n<p>Noticia en desarrollo<\/p>\n\n\n\n<p class=\"has-text-align-right\"><strong>C<em>larin.-<\/em><\/strong><\/p>\n","protected":false},"excerpt":{"rendered":"<p>El hombre, retirado de la fuerza hace unos a\u00f1os, se subi\u00f3 a una estructura para lanzarse al vac\u00edo. Cortes alrededor de la zona<\/p>\n","protected":false},"author":2,"featured_media":20271,"comment_status":"open","ping_status":"open","sticky":false,"template":"","format":"standard","meta":{"jnews-multi-image_gallery":[],"jnews_single_post":[],"jnews_primary_category":[],"jnews_social_meta":[],"jnews_review":[],"enable_review":"","type":"","name":"","summary":"","brand":"","sku":"","good":[],"bad":[],"score_override":"","override_value":"","rating":[],"price":[],"jnews_override_counter":[],"jnews_post_split":[],"footnotes":""},"categories":[43,58],"tags":[44,179,167,2982,45,2983],"class_list":["post-20270","post","type-post","status-publish","format-standard","has-post-thumbnail","hentry","category-actualidad","category-argentina","tag-argentina","tag-bomberos","tag-congreso","tag-ex-policia","tag-noticias","tag-plaza-congreso"],"amp_enabled":true,"_links":{"self":[{"href":"https:\/\/esreviral.com\/index.php?rest_route=\/wp\/v2\/posts\/20270"}],"collection":[{"href":"https:\/\/esreviral.com\/index.php?rest_route=\/wp\/v2\/posts"}],"about":[{"href":"https:\/\/esreviral.com\/index.php?rest_route=\/wp\/v2\/types\/post"}],"author":[{"embeddable":true,"href":"https:\/\/esreviral.com\/index.php?rest_route=\/wp\/v2\/users\/2"}],"replies":[{"embeddable":true,"href":"https:\/\/esreviral.com\/index.php?rest_route=%2Fwp%2Fv2%2Fcomments&post=20270"}],"version-history":[{"count":0,"href":"https:\/\/esreviral.com\/index.php?rest_route=\/wp\/v2\/posts\/20270\/revisions"}],"wp:featuredmedia":[{"embeddable":true,"href":"https:\/\/esreviral.com\/index.php?rest_route=\/"}],"wp:attachment":[{"href":"https:\/\/esreviral.com\/index.php?rest_route=%2Fwp%2Fv2%2Fmedia&parent=20270"}],"wp:term":[{"taxonomy":"category","embeddable":true,"href":"https:\/\/esreviral.com\/index.php?rest_route=%2Fwp%2Fv2%2Fcategories&post=20270"},{"taxonomy":"post_tag","embeddable":true,"href":"https:\/\/esreviral.com\/index.php?rest_route=%2Fwp%2Fv2%2Ftags&post=20270"}],"curies":[{"name":"wp","href":"https:\/\/api.w.org\/{rel}","templated":true}]}}