{"id":20083,"date":"2022-06-27T17:34:28","date_gmt":"2022-06-27T20:34:28","guid":{"rendered":"https:\/\/esreviral.com\/?p=20083"},"modified":"2022-06-27T17:34:28","modified_gmt":"2022-06-27T20:34:28","slug":"mellizos-venezolanos-de-5-anos-de-edad-fallecieron-durante-un-incendio-en-peru","status":"publish","type":"post","link":"https:\/\/esreviral.com\/?p=20083","title":{"rendered":"Mellizos venezolanos de 5 a\u00f1os de edad fallecieron durante un incendio en Per\u00fa"},"content":{"rendered":"\n<p>Unos Mellizos venezolanos de 5 a\u00f1os de edad y su cuidador, un joven de 28 a\u00f1os, fallecieron el pasado viernes en la ma\u00f1ana durante un incendio que se produjo en el tercer piso de un edificio en el Barrio Nueva Esperanza, distrito de Villa Mar\u00eda del Triunfo, en Lima,\u00a0<a rel=\"noreferrer noopener\" href=\"https:\/\/www.elnacional.com\/mundo\/peru-es-el-pais-con-mas-venezolanos-solicitando-refugio-en-el-mundo\/\" target=\"_blank\">Per\u00fa.\u00a0<\/a><\/p>\n\n\n\n<p>Yosseth Leal, amigo de la familia venezolana y cuidador de los peque\u00f1os, sali\u00f3 de compras en horas de la ma\u00f1ana y al regresar al apartamento se percat\u00f3 de que sal\u00eda humo de las ventanas. Aunque el joven intent\u00f3 entrar para salvar a los mellizos, qued\u00f3 atrapado por las llamas.<\/p>\n\n\n\n<p>Los vecinos llamaron a los bomberos y al padre de los ni\u00f1os,&nbsp;Jes\u00fas Canchica, quien confirm\u00f3 que Leal fue hallado dentro de la vivienda con las manos quemadas.<\/p>\n\n\n\n<p>Los mellizos, Mathias y Dilan, fueron encontrados abrazados en su cama y posteriormente trasladados a un hospital local donde confirmaron los decesos.<\/p>\n\n\n\n<p>\u201cEstaban dormidos\u201d, dijo la t\u00eda de los ni\u00f1os Ysley Canchica al medio\u00a0<em><a rel=\"noreferrer noopener\" href=\"https:\/\/nucleonoticias.com\/2022\/06\/26\/mellizos-venezolanos-de-cinco-anos-murieron-en-un-incendio-en-peru\/\" target=\"_blank\">N\u00facleo Noticias.<\/a><\/em><\/p>\n\n\n\n<p>La autopsia revel\u00f3 que <strong>la causa de las muertes fue por a<\/strong>sfixia, mientras que las autoridades a\u00fan no han informado sobre la causa del incendio.<\/p>\n\n\n\n<p><strong>La familia, originaria de San Crist\u00f3bal (estado T\u00e1chira), tiene cuatro a\u00f1os viviendo en Per\u00fa. <\/strong>La madre de los ni\u00f1os se dedica a la venta de desayunos y su esposo es mototaxista, por lo que dejaban a los ni\u00f1os a cuidado de Leal por las ma\u00f1anas.<\/p>\n\n\n\n<p>\u201cYosseth era nuestro amigo, pero es como una familia\u201d, revel\u00f3 Katherine Amaya Contreras a medios locales, quien pide ayuda para repatriar a sus hijos a Venezuela y enterrar a Leal en Lima.<\/p>\n\n\n\n<p class=\"has-text-align-right\"><strong><em>El Nacional.-<\/em><\/strong><\/p>\n","protected":false},"excerpt":{"rendered":"<p>Unos Mellizos venezolanos de 5 a\u00f1os de edad y su cuidador, un joven de 28 a\u00f1os, fallecieron el pasado viernes en la ma\u00f1ana durante un incendio que se produjo en el tercer piso de un edificio en el Barrio Nueva Esperanza, distrito de Villa Mar\u00eda del Triunfo, en Lima,\u00a0Per\u00fa.\u00a0 Yosseth Leal, amigo de la familia [&hellip;]<\/p>\n","protected":false},"author":2,"featured_media":20084,"comment_status":"open","ping_status":"open","sticky":false,"template":"","format":"standard","meta":{"jnews-multi-image_gallery":[],"jnews_single_post":[],"jnews_primary_category":[],"jnews_social_meta":[],"jnews_review":[],"enable_review":"","type":"","name":"","summary":"","brand":"","sku":"","good":[],"bad":[],"score_override":"","override_value":"","rating":[],"price":[],"jnews_override_counter":[],"jnews_post_split":[],"footnotes":""},"categories":[54,64],"tags":[933,45,232,560],"class_list":["post-20083","post","type-post","status-publish","format-standard","has-post-thumbnail","hentry","category-inmigracion","category-sucesos","tag-incendio","tag-noticias","tag-peru","tag-venezolanos-en-peru"],"amp_enabled":true,"_links":{"self":[{"href":"https:\/\/esreviral.com\/index.php?rest_route=\/wp\/v2\/posts\/20083"}],"collection":[{"href":"https:\/\/esreviral.com\/index.php?rest_route=\/wp\/v2\/posts"}],"about":[{"href":"https:\/\/esreviral.com\/index.php?rest_route=\/wp\/v2\/types\/post"}],"author":[{"embeddable":true,"href":"https:\/\/esreviral.com\/index.php?rest_route=\/wp\/v2\/users\/2"}],"replies":[{"embeddable":true,"href":"https:\/\/esreviral.com\/index.php?rest_route=%2Fwp%2Fv2%2Fcomments&post=20083"}],"version-history":[{"count":0,"href":"https:\/\/esreviral.com\/index.php?rest_route=\/wp\/v2\/posts\/20083\/revisions"}],"wp:featuredmedia":[{"embeddable":true,"href":"https:\/\/esreviral.com\/index.php?rest_route=\/"}],"wp:attachment":[{"href":"https:\/\/esreviral.com\/index.php?rest_route=%2Fwp%2Fv2%2Fmedia&parent=20083"}],"wp:term":[{"taxonomy":"category","embeddable":true,"href":"https:\/\/esreviral.com\/index.php?rest_route=%2Fwp%2Fv2%2Fcategories&post=20083"},{"taxonomy":"post_tag","embeddable":true,"href":"https:\/\/esreviral.com\/index.php?rest_route=%2Fwp%2Fv2%2Ftags&post=20083"}],"curies":[{"name":"wp","href":"https:\/\/api.w.org\/{rel}","templated":true}]}}