{"id":20074,"date":"2022-06-27T12:39:19","date_gmt":"2022-06-27T15:39:19","guid":{"rendered":"https:\/\/esreviral.com\/?p=20074"},"modified":"2022-06-27T12:39:19","modified_gmt":"2022-06-27T15:39:19","slug":"cual-es-el-punto-comun-del-venezolano","status":"publish","type":"post","link":"https:\/\/esreviral.com\/?p=20074","title":{"rendered":"\u00bfCu\u00e1l es el punto com\u00fan del venezolano?"},"content":{"rendered":"\n<p>Utilizando una lluvia de ideas para dibujar un pa\u00eds diferente, lideres sociales se reunieron para escuchar y as\u00ed avanzar en propuestas que unifiquen el mensaje que busca el cambio de gobierno.<\/p>\n\n\n\n<p>Encabezados por <strong>Daniel Antequera <\/strong>los asistentes se dividieron en mesas de trabajo para abordar puntos como familia, liderazgo, partidos pol\u00edticos, econom\u00eda, trabajo, comunidad y liderazgo social, tem\u00e1ticas que reflejan como esta el pa\u00eds y hacia donde hay que llevarlo.<\/p>\n\n\n\n<p>Antequera explic\u00f3 que el prop\u00f3sito de la actividad es conseguir el punto com\u00fan de los ciudadanos, escuchar sus opiniones y ver de que forma engranar las ideas. <strong>\u201cEs como un rompecabezas que se desarm\u00f3 hace 20 a\u00f1os y debemos reconstruirlo r\u00e1pido\u201d<\/strong>.<\/p>\n\n\n\n<p>El l\u00edder pol\u00edtico tambi\u00e9n enfatiz\u00f3 que<strong> sin esperanza y deseo de cambio estos espacios no tendr\u00edan sentido,<\/strong> por eso es importante una organizaci\u00f3n que tenga intenciones de luchar.<\/p>\n\n\n\n<figure class=\"wp-block-image size-large\"><img decoding=\"async\" src=\"https:\/\/esreviral.com\/wp-content\/uploads\/2022\/06\/WhatsApp-Image-2022-06-25-at-4.12.15-PM-1-1024x768.jpeg\" alt=\"\" class=\"wp-image-20076\"\/><figcaption>Daniel Antequera ha estado presente en las comunidades de Barquisimeto, desde que era un l\u00edder estudiantil <\/figcaption><\/figure>\n\n\n\n<p>Uno de los puntos mas fuertes en las discusiones de los asistentes es la familia que se encuentra desmembrada y sin posibilidades de unirse nuevamente. <strong>\u201cNos toca a nosotros los padres luchar como lo hicieron nuestros hijos para que ellos regresen al pa\u00eds que los vio nacer\u201d<\/strong><br>expres\u00f3 Marcos Chirinos uno de los asistentes.<\/p>\n\n\n\n<p><strong>El ex diputado a la Asamblea Nacional<\/strong>, finalizo exhortando a las comunidades a unirse a estas actividades para replicar un solo mensaje: escuchar para avanzar en nuevas din\u00e1micas que nos unifiquen hasta lograr la democracia<\/p>\n\n\n\n<p class=\"has-text-align-right\"><strong><em>Texto y fotos: Prensa Daniel Antequera<\/em><\/strong><\/p>\n","protected":false},"excerpt":{"rendered":"<p>Utilizando una lluvia de ideas para dibujar un pa\u00eds diferente, lideres sociales se reunieron para escuchar y as\u00ed avanzar en propuestas que unifiquen el mensaje que busca el cambio de gobierno. Encabezados por Daniel Antequera los asistentes se dividieron en mesas de trabajo para abordar puntos como familia, liderazgo, partidos pol\u00edticos, econom\u00eda, trabajo, comunidad y [&hellip;]<\/p>\n","protected":false},"author":2,"featured_media":20075,"comment_status":"open","ping_status":"open","sticky":false,"template":"","format":"standard","meta":{"jnews-multi-image_gallery":[],"jnews_single_post":[],"jnews_primary_category":[],"jnews_social_meta":[],"jnews_review":[],"enable_review":"","type":"","name":"","summary":"","brand":"","sku":"","good":[],"bad":[],"score_override":"","override_value":"","rating":[],"price":[],"jnews_override_counter":[],"jnews_post_split":[],"footnotes":""},"categories":[59,66],"tags":[258,2898,473],"class_list":["post-20074","post","type-post","status-publish","format-standard","has-post-thumbnail","hentry","category-politica","category-venezuela","tag-barquisimeto","tag-daniel-antequera","tag-lara"],"amp_enabled":true,"_links":{"self":[{"href":"https:\/\/esreviral.com\/index.php?rest_route=\/wp\/v2\/posts\/20074"}],"collection":[{"href":"https:\/\/esreviral.com\/index.php?rest_route=\/wp\/v2\/posts"}],"about":[{"href":"https:\/\/esreviral.com\/index.php?rest_route=\/wp\/v2\/types\/post"}],"author":[{"embeddable":true,"href":"https:\/\/esreviral.com\/index.php?rest_route=\/wp\/v2\/users\/2"}],"replies":[{"embeddable":true,"href":"https:\/\/esreviral.com\/index.php?rest_route=%2Fwp%2Fv2%2Fcomments&post=20074"}],"version-history":[{"count":0,"href":"https:\/\/esreviral.com\/index.php?rest_route=\/wp\/v2\/posts\/20074\/revisions"}],"wp:featuredmedia":[{"embeddable":true,"href":"https:\/\/esreviral.com\/index.php?rest_route=\/"}],"wp:attachment":[{"href":"https:\/\/esreviral.com\/index.php?rest_route=%2Fwp%2Fv2%2Fmedia&parent=20074"}],"wp:term":[{"taxonomy":"category","embeddable":true,"href":"https:\/\/esreviral.com\/index.php?rest_route=%2Fwp%2Fv2%2Fcategories&post=20074"},{"taxonomy":"post_tag","embeddable":true,"href":"https:\/\/esreviral.com\/index.php?rest_route=%2Fwp%2Fv2%2Ftags&post=20074"}],"curies":[{"name":"wp","href":"https:\/\/api.w.org\/{rel}","templated":true}]}}