{"id":20069,"date":"2022-06-27T10:54:12","date_gmt":"2022-06-27T13:54:12","guid":{"rendered":"https:\/\/esreviral.com\/?p=20069"},"modified":"2022-06-27T10:54:12","modified_gmt":"2022-06-27T13:54:12","slug":"iran-presento-nota-de-protesta-contra-paraguay-por-avion-venezolano-irani-algunos-funcionarios-plantearon-acusaciones-vanas","status":"publish","type":"post","link":"https:\/\/esreviral.com\/?p=20069","title":{"rendered":"Ir\u00e1n present\u00f3 nota de protesta contra Paraguay por avi\u00f3n venezolano-iran\u00ed: \u00abAlgunos funcionarios plantearon acusaciones vanas\u00bb"},"content":{"rendered":"\n<p class=\"has-drop-cap\">El gobierno de Ir\u00e1n present\u00f3 una nota de protesta contra Paraguay en la que expres\u00f3 su malestar por las acusaciones que tach\u00f3 de \u00abvanas e infundadas\u00bb de parte de funcionarios de este pa\u00eds contra los tripulantes iran\u00edes del avi\u00f3n venezolano retenido en Buenos Aires, Argentina, el cual es objeto de investigaci\u00f3n en ambos pa\u00edses latinoamericanos por sus presuntos v\u00ednculos con el terrorismo.<\/p>\n\n\n\n<p>La comunicaci\u00f3n de fecha 23 de junio fue entregada por la Embajada de Ir\u00e1n en Montevideo a la Embajada paraguaya en Uruguay y se\u00f1al\u00f3 a los ministros del Interior y de Inteligencia, Federico Gonz\u00e1lez y Esteban Aquino, respectivamente, de ser emitir declaraciones influenciadas por Estados Unidos y por el \u201csionismo\u201d.<\/p>\n\n\n\n<p>\u201cAlgunos funcionarios de la Rep\u00fablica del Paraguay, entre ellos el excelent\u00edsimo ministro del Interior, Federico Gonz\u00e1lez, y el ministro de Inteligencia, Esteban Aquino, en una literatura marcada por la influencia antiiran\u00ed de las autoridades estadounidenses y del r\u00e9gimen sionistas plantearon unas acusaciones vanas e infundadas contra los tripulantes iran\u00edes de esa aeronave\u201d, reza el documento rese\u00f1ado por\u00a0ABC.<\/p>\n\n\n\n<p>Ir\u00e1n expres\u00f3 en este sentido su malestar por dichas declaraciones y asegur\u00f3 que espera que funcionarios del gobierno de Paraguay adopten medidas necesarias \u00aba fin de acabar con la difusi\u00f3n de acusaciones e impedir que las decisiones no constructivas repercutan entre las relaciones de Teher\u00e1n y Asunci\u00f3n\u00bb.<\/p>\n\n\n\n<p>Federico Gonz\u00e1lez asegur\u00f3 en d\u00edas pasados que Paraguay alert\u00f3 a las fuerzas y los organismos de seguridad de la regi\u00f3n sobre el avi\u00f3n que permanece en Argentina.<\/p>\n\n\n\n<p>Afirm\u00f3 adem\u00e1s que Estados Unidos suministr\u00f3 informes de que los tripulantes iran\u00edes \u00abformaban o forman parte\u00bb de un grupo que es considerado terrorista por Washington.<\/p>\n\n\n\n<p>Por su parte, Aquino advirti\u00f3 que uno de los tripulantes del avi\u00f3n venezolano-iran\u00ed es integrante de la Fuerza Quds, que hace parte de la Guardia Revolucionaria Isl\u00e1mica, considerada una organizaci\u00f3n terrorista por Estados Unidos.<\/p>\n\n\n\n<figure class=\"wp-block-image size-large\"><img decoding=\"async\" src=\"https:\/\/cdn.elnacional.com\/wp-content\/uploads\/2022\/06\/XY2L7WAQMBH6LN2D6AKUT4ESPE.jpeg\" alt=\"\"\/><\/figure>\n\n\n\n<p class=\"has-text-align-right\"><strong><em>El Nacional.-<\/em><\/strong><\/p>\n","protected":false},"excerpt":{"rendered":"<p>Ir\u00e1n expres\u00f3 su malestar por dichas declaraciones y asegur\u00f3 que espera que funcionarios del gobierno de Paraguay adopten medidas necesarias \u00aba fin de acabar con la difusi\u00f3n de acusaciones e impedir que las decisiones no constructivas repercutan entre las relaciones de Teher\u00e1n y Asunci\u00f3n\u00bb<\/p>\n","protected":false},"author":2,"featured_media":20070,"comment_status":"open","ping_status":"open","sticky":false,"template":"","format":"standard","meta":{"jnews-multi-image_gallery":[],"jnews_single_post":[],"jnews_primary_category":[],"jnews_social_meta":[],"jnews_review":[],"enable_review":"","type":"","name":"","summary":"","brand":"","sku":"","good":[],"bad":[],"score_override":"","override_value":"","rating":[],"price":[],"jnews_override_counter":[],"jnews_post_split":[],"footnotes":""},"categories":[59],"tags":[2893,2894,2673,2895,2896,45],"class_list":["post-20069","post","type-post","status-publish","format-standard","has-post-thumbnail","hentry","category-politica","tag-acusaciones","tag-avion-venezolano-retenido-en-buenos-aires","tag-avion-venezolano-irani","tag-gobierno-de-iran","tag-nota-de-protesta","tag-noticias"],"amp_enabled":true,"_links":{"self":[{"href":"https:\/\/esreviral.com\/index.php?rest_route=\/wp\/v2\/posts\/20069"}],"collection":[{"href":"https:\/\/esreviral.com\/index.php?rest_route=\/wp\/v2\/posts"}],"about":[{"href":"https:\/\/esreviral.com\/index.php?rest_route=\/wp\/v2\/types\/post"}],"author":[{"embeddable":true,"href":"https:\/\/esreviral.com\/index.php?rest_route=\/wp\/v2\/users\/2"}],"replies":[{"embeddable":true,"href":"https:\/\/esreviral.com\/index.php?rest_route=%2Fwp%2Fv2%2Fcomments&post=20069"}],"version-history":[{"count":0,"href":"https:\/\/esreviral.com\/index.php?rest_route=\/wp\/v2\/posts\/20069\/revisions"}],"wp:featuredmedia":[{"embeddable":true,"href":"https:\/\/esreviral.com\/index.php?rest_route=\/"}],"wp:attachment":[{"href":"https:\/\/esreviral.com\/index.php?rest_route=%2Fwp%2Fv2%2Fmedia&parent=20069"}],"wp:term":[{"taxonomy":"category","embeddable":true,"href":"https:\/\/esreviral.com\/index.php?rest_route=%2Fwp%2Fv2%2Fcategories&post=20069"},{"taxonomy":"post_tag","embeddable":true,"href":"https:\/\/esreviral.com\/index.php?rest_route=%2Fwp%2Fv2%2Ftags&post=20069"}],"curies":[{"name":"wp","href":"https:\/\/api.w.org\/{rel}","templated":true}]}}