{"id":20015,"date":"2022-06-25T10:53:05","date_gmt":"2022-06-25T13:53:05","guid":{"rendered":"https:\/\/esreviral.com\/?p=20015"},"modified":"2022-06-25T10:53:05","modified_gmt":"2022-06-25T13:53:05","slug":"el-frente-de-todos-porteno-presento-un-proyecto-de-ley-de-cupo-laboral-travesti-trans","status":"publish","type":"post","link":"https:\/\/esreviral.com\/?p=20015","title":{"rendered":"El Frente de Todos porte\u00f1o present\u00f3 un proyecto de ley de cupo laboral travesti trans"},"content":{"rendered":"\n<p>egisladoras y legisladores del Frente de Todos presentaron hoy en la Legislatura Porte\u00f1a el proyecto de ley de Promoci\u00f3n del Acceso al Empleo Formal para la poblaci\u00f3n travesti trans en la Ciudad de Buenos Aires. A un a\u00f1o de la sanci\u00f3n de la Ley 27.636 en el Congreso Nacional, que establece el cupo m\u00ednimo del 1% de personas travesti trans contratadas en todos los organismos de los tres poderes del Estado, y la Ciudad de Buenos Aires sigue sin adherir a la ley.<\/p>\n\n\n\n<p>La iniciativa fue encabezada por la presidenta de la Comisi\u00f3n de Mujeres, G\u00e9neros y Diversidades, la legisladora Luc\u00eda C\u00e1mpora, y el presidente de la Comisi\u00f3n de Legislaci\u00f3n del Trabajo, Mat\u00edas Barroetave\u00f1a y cuenta con el acompa\u00f1amiento de todo el bloque del Frente de Todos.<\/p>\n\n\n\n<p>\u201cEl Estado necesariamente tiene que llevar adelante acciones positivas concretas para garantizar la igualdad de oportunidades y vaya si no estamos en deuda con el colectivo travesti trans, que sabemos que tiene en promedio una expectativa de vida entre los 35 y los 40 a\u00f1os\u201d, manifest\u00f3 Luc\u00eda C\u00e1mpora durante la presentaci\u00f3n.<\/p>\n\n\n\n<p>En ese sentido, Mat\u00edas Barroetave\u00f1a se\u00f1al\u00f3 que \u201ces fundamental impulsar normativas que reparen las injusticias cometidas contra el colectivo travesti-trans y por eso exigimos la adhesi\u00f3n de la Ciudad a la ley nacional que se sancion\u00f3 el a\u00f1o pasado\u201d.<\/p>\n\n\n\n<p>Por su parte, la diputada Ofelia Fern\u00e1ndez afirm\u00f3 que \u201ces una excelente noticia pero es importante remarcar que tampoco tuvimos una gran idea: esto es una lucha hist\u00f3rica del colectivo travesti trans al que la pol\u00edtica por fin empieza a darle respuesta\u201d. Estuvieron presentes adem\u00e1s las legisladoras y legisladores Juan Modarelli, Magdalena Tiesso, Berenice Ia\u00f1ez, Laura Velasco y el presidente del bloque Claudio Ferre\u00f1o.<\/p>\n\n\n\n<p>El proyecto plantea la adhesi\u00f3n a la ley nacional sancionada el 24 de junio de 2021 y su aplicaci\u00f3n en el Poder Ejecutivo, Legislativo y Judicial de la Ciudad. Adem\u00e1s, establece la creaci\u00f3n en la Legislatura Porte\u00f1a de una comisi\u00f3n especial de seguimiento que garantice el cumplimiento de la ley, conformada por representantes de la Legislatura, del poder ejecutivo y del parlamento de mujeres.<\/p>\n\n\n\n<p>Paula Arraigada, activista trans y secretaria de diversidad del Partido Justicialista de la Ciudad de Buenos Aires, se refiri\u00f3 a la ley nacional aprobada el a\u00f1o pasado: \u201choy podemos decir con alegr\u00eda que esta ley ha mejorado la vida de muchas personas (\u2026) Eso hacen los gobiernos populares cuando piensan pol\u00edticas dirigidas a las minor\u00edas, que no siempre son escuchadas\u201d.<\/p>\n\n\n\n<p>Una investigaci\u00f3n realizada por el Ministerio P\u00fablico de la Defensa de la Ciudad, la Fundaci\u00f3n Divino Tesoro y el Bachillerato Popular Trans Mocha Celis en el a\u00f1o 2017 revela que el 70% de las personas del colectivo travesti trans nunca accedieron siquiera a una entrevista laboral.<\/p>\n","protected":false},"excerpt":{"rendered":"<p>egisladoras y legisladores del Frente de Todos presentaron hoy en la Legislatura Porte\u00f1a el proyecto de ley de Promoci\u00f3n del Acceso al Empleo Formal para la poblaci\u00f3n travesti trans en la Ciudad de Buenos Aires. A un a\u00f1o de la sanci\u00f3n de la Ley 27.636 en el Congreso Nacional, que establece el cupo m\u00ednimo del [&hellip;]<\/p>\n","protected":false},"author":2,"featured_media":20016,"comment_status":"open","ping_status":"open","sticky":false,"template":"","format":"standard","meta":{"jnews-multi-image_gallery":[],"jnews_single_post":[],"jnews_primary_category":[],"jnews_social_meta":[],"jnews_review":[],"enable_review":"","type":"","name":"","summary":"","brand":"","sku":"","good":[],"bad":[],"score_override":"","override_value":"","rating":[],"price":[],"jnews_override_counter":[],"jnews_post_split":[],"footnotes":""},"categories":[58,59],"tags":[44,45,2874],"class_list":["post-20015","post","type-post","status-publish","format-standard","has-post-thumbnail","hentry","category-argentina","category-politica","tag-argentina","tag-noticias","tag-transgenero"],"amp_enabled":true,"_links":{"self":[{"href":"https:\/\/esreviral.com\/index.php?rest_route=\/wp\/v2\/posts\/20015"}],"collection":[{"href":"https:\/\/esreviral.com\/index.php?rest_route=\/wp\/v2\/posts"}],"about":[{"href":"https:\/\/esreviral.com\/index.php?rest_route=\/wp\/v2\/types\/post"}],"author":[{"embeddable":true,"href":"https:\/\/esreviral.com\/index.php?rest_route=\/wp\/v2\/users\/2"}],"replies":[{"embeddable":true,"href":"https:\/\/esreviral.com\/index.php?rest_route=%2Fwp%2Fv2%2Fcomments&post=20015"}],"version-history":[{"count":0,"href":"https:\/\/esreviral.com\/index.php?rest_route=\/wp\/v2\/posts\/20015\/revisions"}],"wp:featuredmedia":[{"embeddable":true,"href":"https:\/\/esreviral.com\/index.php?rest_route=\/"}],"wp:attachment":[{"href":"https:\/\/esreviral.com\/index.php?rest_route=%2Fwp%2Fv2%2Fmedia&parent=20015"}],"wp:term":[{"taxonomy":"category","embeddable":true,"href":"https:\/\/esreviral.com\/index.php?rest_route=%2Fwp%2Fv2%2Fcategories&post=20015"},{"taxonomy":"post_tag","embeddable":true,"href":"https:\/\/esreviral.com\/index.php?rest_route=%2Fwp%2Fv2%2Ftags&post=20015"}],"curies":[{"name":"wp","href":"https:\/\/api.w.org\/{rel}","templated":true}]}}