{"id":19968,"date":"2022-06-24T09:24:06","date_gmt":"2022-06-24T12:24:06","guid":{"rendered":"https:\/\/esreviral.com\/?p=19968"},"modified":"2022-06-24T09:24:06","modified_gmt":"2022-06-24T12:24:06","slug":"canciller-se-desliga-la-justicia-por-el-avion-la-tiene-la-justicia-no-el-gobierno","status":"publish","type":"post","link":"https:\/\/esreviral.com\/?p=19968","title":{"rendered":"Canciller se desliga: \u201cla causa por el avi\u00f3n la tiene la justicia no el Gobierno\u201d"},"content":{"rendered":"\n<p class=\"has-drop-cap\">\u201cLos elementos de la investigaci\u00f3n los tiene la Justicia, no los tiene el Gobierno\u201d, dice Cafiero desde la sede de la Misi\u00f3n Permanente en las Naciones Unidas, luego de renovar el reclamo argentino por las Islas Malvinas.<\/p>\n\n\n\n<p>El canciller neg\u00f3 que el Gobierno haya cambiado de posici\u00f3n, a pesar de las m\u00faltiples hip\u00f3tesis de varios funcionarios, como el ministro de Seguridad, An\u00edbal Fern\u00e1ndez, y el interventor en la Agencia Federal de Inteligencia (AFI), Agust\u00edn Rossi.<\/p>\n\n\n\n<p>Cafiero evit\u00f3 decir si el avi\u00f3n representa un riesgo.<\/p>\n\n\n\n<p><strong>\u2013\u00bfEl avi\u00f3n est\u00e1 vinculado al terrorismo?<\/strong><\/p>\n\n\n\n<p>\u2013Insisto con esto. La investigaci\u00f3n hoy tiene secreto de sumario y el Poder Ejecutivo no tiene elementos para determinar eso. Los elementos los tiene el juez, para tomar una decisi\u00f3n y definir qu\u00e9 pasa con el avi\u00f3n y su tripulaci\u00f3n.<\/p>\n\n\n\n<p><strong>\u2013Pero Mahan Air fue sancionada por EE.UU. y vinculada con Ir\u00e1n. \u00bfEso no indica que el avi\u00f3n representa un riesgo a la seguridad nacional?<\/strong><\/p>\n\n\n\n<p>\u2013Hoy el Gobierno no tiene elementos de la investigaci\u00f3n. Los tiene la Justicia.<\/p>\n\n\n\n<p>\u2013<strong>\u00bfNo es un riesgo el avi\u00f3n?<\/strong><\/p>\n\n\n\n<p>\u2013vNo es un tema de creencia. No tenemos los elementos, porque los tiene la Justicia, no el Estado nacional.<\/p>\n\n\n\n<p><strong>-Pero s\u00ed hay elementos p\u00fablicos, las sanciones, la alerta de Paraguay, el avi\u00f3n vol\u00f3 por el pa\u00eds sin GPS.<\/strong><\/p>\n\n\n\n<p>\u2013Si, \u00bfpero eso est\u00e1 en el expediente judicial o no? La investigaci\u00f3n la lleva adelante la Justicia y esa investigaci\u00f3n es la que tendr\u00e1 la respuesta para todo lo que me est\u00e1n preguntando. El Gobierno no tiene respuestas para eso porque no lleva adelante la investigaci\u00f3n. Hay que ver qu\u00e9 elementos toma el juez como informaci\u00f3n fidedigna.<\/p>\n\n\n\n<p><strong>\u2013\u00bfNo causa alarma, inquietud?<\/strong><\/p>\n\n\n\n<p>\u2013El Gobierno actu\u00f3. Con detener el avi\u00f3n y con dar cuenta a la Justicia. La Justicia despu\u00e9s tom\u00f3 intervenci\u00f3n.<\/p>\n\n\n\n<p><strong>\u2013Pero el avi\u00f3n lleg\u00f3 y se fue. Y despu\u00e9s volvi\u00f3 porque Uruguay lo rechaz\u00f3. Reci\u00e9n ah\u00ed qued\u00f3 varado.<\/strong><\/p>\n\n\n\n<p>\u2013Porque las fuerzas de seguridad no ten\u00edan la informaci\u00f3n en ese momento. Cuando el avi\u00f3n entr\u00f3 no hab\u00eda informaci\u00f3n de que no pod\u00eda ingresar. La autoridad aeron\u00e1utica argentina no ten\u00eda esa informaci\u00f3n, por eso lo dejaron entrar. Despu\u00e9s, \u00bfqu\u00e9 sucedi\u00f3? Cuando se despertaron algunas sospechas, irregularidades, las fuerzas de seguridad retienen el avi\u00f3n y le dan procedimiento a la Justicia. Y hoy todas las respuestas que ustedes quieren est\u00e1n en un expediente judicial.<\/p>\n\n\n\n<p><strong>\u2013\u00bfNo se alarman con que la Argentina no tuvo esa informaci\u00f3n y dej\u00f3 entrar al avi\u00f3n? \u00bfAlgo fall\u00f3?<\/strong><\/p>\n\n\n\n<p>\u2013No opino sobre ese tema. Est\u00e1s suponiendo\u2026 o sea, ya ten\u00e9s la sentencia de la investigaci\u00f3n.<\/p>\n\n\n\n<p><strong>-A otros pa\u00edses no lo dejaron entrar.<\/strong><\/p>\n\n\n\n<p>\u2013Vuelvo a insistir. Las respuestas que ustedes quieren est\u00e1n en un expediente judicial que tiene secreto de sumario. Yo no tengo elementos para saber qu\u00e9 es lo que el juez y el equipo de investigaci\u00f3n est\u00e1 matizando para decir qu\u00e9 informaci\u00f3n es correcta y con qu\u00e9 informaci\u00f3n va a llegar a una resoluci\u00f3n.<\/p>\n\n\n\n<p><strong>\u2013\u00bfTuvo contacto con funcionarios de EE.UU. o de Israel sobre el avi\u00f3n?<\/strong><\/p>\n\n\n\n<p>\u2013No.<\/p>\n\n\n\n<p><strong>\u2013\u00bfAlguien m\u00e1s del Gobierno?<\/strong><\/p>\n\n\n\n<p>\u2013La Canciller\u00eda, no.<\/p>\n\n\n\n<p><strong>\u2013Israel dijo que est\u00e1 preocupado y EE.UU. lo sigue. \u00bfEso qu\u00e9 les dice?<\/strong><\/p>\n\n\n\n<p>\u2013Hubo un requerimiento de informaci\u00f3n de la Justicia, que est\u00e1 llevando adelante la investigaci\u00f3n, y eso lo deben estar evaluando. Son expedientes que el Poder Ejecutivo no conoce. <\/p>\n\n\n\n<p><strong>Hay divisi\u00f3n de poderes en la Argentina.\u2013\u00bfHay alg\u00fan debate interno en el Gobierno?<\/strong><\/p>\n\n\n\n<p>\u2013Es que todav\u00eda no tenemos informaci\u00f3n de cu\u00e1l es la resoluci\u00f3n de la investigaci\u00f3n. No sabemos.<\/p>\n\n\n\n<p><strong>\u2013\u00bfQu\u00e9 esperan de la reuni\u00f3n con Joe Biden?<\/strong><\/p>\n\n\n\n<p>\u2013Lo primero y principal es fortalecer el v\u00ednculo bilateral.Ese es el desaf\u00edo. Tenemos la oportunidad con la administraci\u00f3n Biden.<\/p>\n","protected":false},"excerpt":{"rendered":"<p>Santiago Cafiero, canciller de Argentina, responde de la misma manera a las preguntas sobre el avi\u00f3n venezolano, varado en Ezeiza, con presuntos nexos con la Guardia Revolucionaria de Ir\u00e1n: las respuestas al c\u00famulo de interrogantes las dar\u00e1 la investigaci\u00f3n de la Justicia, no del Gobierno.<\/p>\n","protected":false},"author":2,"featured_media":19969,"comment_status":"open","ping_status":"open","sticky":false,"template":"","format":"standard","meta":{"jnews-multi-image_gallery":[],"jnews_single_post":[],"jnews_primary_category":[],"jnews_social_meta":[],"jnews_review":[],"enable_review":"","type":"","name":"","summary":"","brand":"","sku":"","good":[],"bad":[],"score_override":"","override_value":"","rating":[],"price":[],"jnews_override_counter":[],"jnews_post_split":[],"footnotes":""},"categories":[58,59],"tags":[44,2271,45,1389,2845],"class_list":["post-19968","post","type-post","status-publish","format-standard","has-post-thumbnail","hentry","category-argentina","category-politica","tag-argentina","tag-avion-2","tag-noticias","tag-santiago-cafiero","tag-terrorismo"],"amp_enabled":true,"_links":{"self":[{"href":"https:\/\/esreviral.com\/index.php?rest_route=\/wp\/v2\/posts\/19968"}],"collection":[{"href":"https:\/\/esreviral.com\/index.php?rest_route=\/wp\/v2\/posts"}],"about":[{"href":"https:\/\/esreviral.com\/index.php?rest_route=\/wp\/v2\/types\/post"}],"author":[{"embeddable":true,"href":"https:\/\/esreviral.com\/index.php?rest_route=\/wp\/v2\/users\/2"}],"replies":[{"embeddable":true,"href":"https:\/\/esreviral.com\/index.php?rest_route=%2Fwp%2Fv2%2Fcomments&post=19968"}],"version-history":[{"count":0,"href":"https:\/\/esreviral.com\/index.php?rest_route=\/wp\/v2\/posts\/19968\/revisions"}],"wp:featuredmedia":[{"embeddable":true,"href":"https:\/\/esreviral.com\/index.php?rest_route=\/"}],"wp:attachment":[{"href":"https:\/\/esreviral.com\/index.php?rest_route=%2Fwp%2Fv2%2Fmedia&parent=19968"}],"wp:term":[{"taxonomy":"category","embeddable":true,"href":"https:\/\/esreviral.com\/index.php?rest_route=%2Fwp%2Fv2%2Fcategories&post=19968"},{"taxonomy":"post_tag","embeddable":true,"href":"https:\/\/esreviral.com\/index.php?rest_route=%2Fwp%2Fv2%2Ftags&post=19968"}],"curies":[{"name":"wp","href":"https:\/\/api.w.org\/{rel}","templated":true}]}}