{"id":19941,"date":"2022-06-23T16:32:00","date_gmt":"2022-06-23T19:32:00","guid":{"rendered":"https:\/\/esreviral.com\/?p=19941"},"modified":"2022-06-23T16:32:00","modified_gmt":"2022-06-23T19:32:00","slug":"pense-que-no-lo-contaria-venezolano-que-sobrevivio-al-incendio-de-recoleta","status":"publish","type":"post","link":"https:\/\/esreviral.com\/?p=19941","title":{"rendered":"\u00abPens\u00e9 que no lo contar\u00eda\u00bb: venezolano que sobrevivi\u00f3 al incendio de Recoleta"},"content":{"rendered":"\n<p><strong><em>Carlos Iv\u00e1n Su\u00e1rez.- <\/em><\/strong>Una familia venezolana que reside en el edificio de la avenida C\u00f3rdoba y Ecuador, en Recoleta de Buenos Aires, <strong><a href=\"http:\/\/TR\u00c1GICO INCENDIO EN UN EDIFICIO DE RECOLETA: CINCO MUERTOS\">sobrevivi\u00f3 al fuerte incendio que se registr\u00f3 la madrugada de este jueves y donde perdieron la vida cinco personas, entre ellas, tres ni\u00f1os. <\/a><\/strong><\/p>\n\n\n\n<p>\u00abComo a las 4:30a.m., me levant\u00e9 para ir al ba\u00f1o y unos 20 minutos despu\u00e9s, <strong>mi suegra grit\u00f3 que hab\u00eda humo. Todos nos despertamos en ese momento, abrimos la puerta pero entr\u00f3 una ola fuerte de humo, as\u00ed que cerramos nuevamente.<\/strong> <strong>Yo me ahogu\u00e9 y me fui r\u00e1pido al balc\u00f3n para intentar tomar aire. Pens\u00e9 que no lo contar\u00eda porque se me dificultaba respirar\u00bb,<\/strong> narr\u00f3 en exclusiva para<strong><em> ES RE VIRAL,<\/em><\/strong> Richard Tovar, un venezolano, de 27 a\u00f1os de edad, que vive junto a sus familiares en el piso 11. <\/p>\n\n\n\n<p>Explic\u00f3 que al ver el reflejo de los vidrios de los edificios de al frente se percat\u00f3 que hab\u00eda un incendio en uno de los pisos de abajo. <strong>\u00abYo tem\u00eda que explotara la estaci\u00f3n de servicio que est\u00e1 ah\u00ed al lado pr\u00e1cticamente\u00bb. <\/strong><\/p>\n\n\n\n<p>Coment\u00f3 que tanto \u00e9l, como su hermano, Gilberto Tovar (30); su novia, In\u00e9s Gonz\u00e1lez (27); su cu\u00f1ada Irene Gonz\u00e1lez (25) y su suegra, Mar\u00eda Guzm\u00e1n (50), se agacharon y se sentaron en el balc\u00f3n. <\/p>\n\n\n\n<figure class=\"wp-block-image size-large\"><img decoding=\"async\" src=\"https:\/\/esreviral.com\/wp-content\/uploads\/2022\/06\/photo-output-3-1024x1024.jpg\" alt=\"\" class=\"wp-image-19943\"\/><figcaption>Momento en que los venezolanos estaban en el balc\u00f3n esperando ser rescatados y aguantando fr\u00edo por las bajas temperaturas<\/figcaption><\/figure>\n\n\n\n<p><strong>\u00abDe repente hab\u00edan r\u00e1fagas de viento con humo negro y se complicaba m\u00e1s la situaci\u00f3n. <\/strong>Tap\u00e1bamos a dos perritas que tenemos para que pudieran respirar tambi\u00e9n\u00bb, manifest\u00f3 el joven de Guatire. <\/p>\n\n\n\n<p>Unos 30 minutos despu\u00e9s llegaron los bomberos al departamento. Derribaron la puerta y entraron. \u00abNos dijeron que nos qued\u00e1ramos ah\u00ed agachados mientras terminaban de apagar el fuego. <strong>Yo entr\u00e9 a buscar camperas y s\u00e1banas porque hab\u00eda mucho fr\u00edo. Les indicamos que en el piso 12 hab\u00eda una familia con ni\u00f1os y necesitaban ayuda\u00bb. <\/strong><\/p>\n\n\n\n<p>Al pasar los minutos, se percataron que en la parte frontal del edificio hab\u00edan apagado el fuego, \u00abas\u00ed que entramos a la cocina a buscar agua y <strong>vimos que por detr\u00e1s a\u00fan estaba fuerte el incendio\u00bb. <\/strong><\/p>\n\n\n\n<p>Y es que, ese edificio, tiene un solo apartamento por piso desde la planta n\u00famero 7 por lo que creen que eso ayud\u00f3 a que se propagara m\u00e1s r\u00e1pido el fuego. <\/p>\n\n\n\n<figure class=\"wp-block-image size-large\"><img decoding=\"async\" src=\"https:\/\/esreviral.com\/wp-content\/uploads\/2022\/06\/photo-output-2-2-1024x1024.jpg\" alt=\"\" class=\"wp-image-19944\"\/><figcaption>Esta era la visi\u00f3n desde el piso 11 donde residen los venezolanos, al momento que los bomberos apagaban el fuego<\/figcaption><\/figure>\n\n\n\n<p>\u00abEntre las 7 y 7:15 nos buscaron y empezamos a bajar. Estaba todo negro, mucha agua en el piso. <strong>Cuando pasamos por el piso siete, estaba todo calcinado. Abajo nos recibieron los param\u00e9dicos en las ambulancias y a cada no nos llevaron a distintos hospitales para hacernos ex\u00e1menes y chequeos porque estuvimos mucho tiempo expuestos al humo\u00bb.<\/strong> <\/p>\n\n\n\n<p><strong>Afortunadamente los cinco integrantes de la familia y las dos perritas est\u00e1n bien, fuera de peligro, <\/strong>de hecho a Gilberto lo dieron de alta, In\u00e9s y su mam\u00e1 est\u00e1n en un hospital e Irene en otro. <\/p>\n\n\n\n<p><strong>\u00abYo estoy tranquilo en una especie de terapia intensiva pero es por prevenci\u00f3n y ya los m\u00e9dicos me dijeron que me dan de alta ma\u00f1ana\u00bb. <\/strong><\/p>\n\n\n\n<figure class=\"wp-block-image size-large\"><img decoding=\"async\" src=\"https:\/\/esreviral.com\/wp-content\/uploads\/2022\/06\/photo-output-5-1024x1024.jpg\" alt=\"\" class=\"wp-image-19945\"\/><figcaption>En este balc\u00f3n fue donde Richard Tovar se par\u00f3 a tomar aire porque estaba ahogado. \u00abPens\u00e9 que no lo contar\u00eda\u00bb, asegur\u00f3<\/figcaption><\/figure>\n\n\n\n<p><strong><span style=\"background-color:#9a1b22\" class=\"td_text_highlight_marker\">Pronto se mudar\u00e1n <\/span><\/strong><\/p>\n\n\n\n<p>Durante los casi tres a\u00f1os que tienen viviendo en ese lugar, es la primera vez que viven una situaci\u00f3n similar. <strong>El pr\u00f3ximo 30 de julio se les culmina el contrato y est\u00e1n en la b\u00fasqueda de una nueva vivienda.<\/strong> <\/p>\n\n\n\n<p>\u00ab<strong>El fuego no lleg\u00f3 a nosotros pero todo el departamento qued\u00f3 negro.<\/strong> Hay que hacer una limpieza total, creo q nada se quem\u00f3. Tumbaron una puerta y hay que reparala\u00bb, coment\u00f3. <\/p>\n\n\n\n<p>Tovar dijo que <strong>por ahora no necesitar\u00e1n ayuda y aclar\u00f3 que por un tiempo no podr\u00e1n retornar a su casa, <\/strong>por lo que tendr\u00e1n que quedarse con alg\u00fan amigo. <\/p>\n\n\n\n<p>Hoy dan gracias a Dios porque est\u00e1n bien y lamentan la p\u00e9rdida f\u00edsica de sus vecinos. <\/p>\n\n\n\n<figure class=\"wp-block-embed is-type-rich is-provider-twitter wp-block-embed-twitter\"><div class=\"wp-block-embed__wrapper\">\n<blockquote class=\"twitter-tweet\" data-width=\"500\" data-dnt=\"true\"><p lang=\"es\" dir=\"ltr\">Tragedia en Argentina: 3 ni\u00f1os y 2 mujeres murieron tras un fuerte incendio en un edificio residencial. <a href=\"https:\/\/t.co\/hrFnalTQ7k\">pic.twitter.com\/hrFnalTQ7k<\/a><\/p>&mdash; ES RE VIRAL (@esreviral) <a href=\"https:\/\/twitter.com\/esreviral\/status\/1540012011270053890?ref_src=twsrc%5Etfw\">June 23, 2022<\/a><\/blockquote><script async src=\"https:\/\/platform.twitter.com\/widgets.js\" charset=\"utf-8\"><\/script>\n<\/div><\/figure>\n","protected":false},"excerpt":{"rendered":"<p>Afortunadamente los cinco integrantes de la familia y las dos perritas est\u00e1n bien, fuera de peligro<\/p>\n","protected":false},"author":2,"featured_media":19942,"comment_status":"open","ping_status":"open","sticky":false,"template":"","format":"standard","meta":{"jnews-multi-image_gallery":[],"jnews_single_post":[],"jnews_primary_category":[],"jnews_social_meta":[],"jnews_review":[],"enable_review":"","type":"","name":"","summary":"","brand":"","sku":"","good":[],"bad":[],"score_override":"","override_value":"","rating":[],"price":[],"jnews_override_counter":[],"jnews_post_split":[],"footnotes":""},"categories":[54,64],"tags":[933,2813,2480,67],"class_list":["post-19941","post","type-post","status-publish","format-standard","has-post-thumbnail","hentry","category-inmigracion","category-sucesos","tag-incendio","tag-incendio-en-recoleta","tag-recoleta","tag-venezolanos-en-argentina"],"amp_enabled":true,"_links":{"self":[{"href":"https:\/\/esreviral.com\/index.php?rest_route=\/wp\/v2\/posts\/19941"}],"collection":[{"href":"https:\/\/esreviral.com\/index.php?rest_route=\/wp\/v2\/posts"}],"about":[{"href":"https:\/\/esreviral.com\/index.php?rest_route=\/wp\/v2\/types\/post"}],"author":[{"embeddable":true,"href":"https:\/\/esreviral.com\/index.php?rest_route=\/wp\/v2\/users\/2"}],"replies":[{"embeddable":true,"href":"https:\/\/esreviral.com\/index.php?rest_route=%2Fwp%2Fv2%2Fcomments&post=19941"}],"version-history":[{"count":0,"href":"https:\/\/esreviral.com\/index.php?rest_route=\/wp\/v2\/posts\/19941\/revisions"}],"wp:featuredmedia":[{"embeddable":true,"href":"https:\/\/esreviral.com\/index.php?rest_route=\/"}],"wp:attachment":[{"href":"https:\/\/esreviral.com\/index.php?rest_route=%2Fwp%2Fv2%2Fmedia&parent=19941"}],"wp:term":[{"taxonomy":"category","embeddable":true,"href":"https:\/\/esreviral.com\/index.php?rest_route=%2Fwp%2Fv2%2Fcategories&post=19941"},{"taxonomy":"post_tag","embeddable":true,"href":"https:\/\/esreviral.com\/index.php?rest_route=%2Fwp%2Fv2%2Ftags&post=19941"}],"curies":[{"name":"wp","href":"https:\/\/api.w.org\/{rel}","templated":true}]}}