{"id":19700,"date":"2022-06-20T08:58:33","date_gmt":"2022-06-20T11:58:33","guid":{"rendered":"https:\/\/esreviral.com\/?p=19700"},"modified":"2022-06-20T08:58:33","modified_gmt":"2022-06-20T11:58:33","slug":"corrientes-murieron-tres-personas-en-un-tragico-accidente-en-la-ruta-nacional-12","status":"publish","type":"post","link":"https:\/\/esreviral.com\/?p=19700","title":{"rendered":"Corrientes: murieron tres personas en un tr\u00e1gico accidente en la ruta nacional 12"},"content":{"rendered":"\n<p class=\"has-drop-cap\">Tres personas murieron este fin de semana producto de un\u00a0<strong>fatal accidente<\/strong>\u00a0ocurrido en el norte de la provincia de\u00a0Corrientes. El veh\u00edculo en el que viajaban\u00a0<strong>choc\u00f3 a gran velocidad, de manera frontal,<\/strong>\u00a0contra otro autom\u00f3vil que se dirig\u00eda en direcci\u00f3n contraria, sobre la ruta nacional 12, a la altura de localidad de El Sombrero.<\/p>\n\n\n\n<p>Seg\u00fan medios locales, las v\u00edctimas, de nacionalidad paraguaya, se dirig\u00edan en un VW Bora desde su pa\u00eds hacia la ciudad de\u00a0La Plata, donde resid\u00edan.<\/p>\n\n\n\n<p>De acuerdo a las pericias, la unidad, al mando de&nbsp;<strong>Nimia Vera Mareco<\/strong>, de 36 a\u00f1os, mordi\u00f3 la banquina y se cruz\u00f3 hacia el carril opuesto, provocando la colisi\u00f3n contra un Peugeot 208 conducido por&nbsp;<strong>un hombre de apellido&nbsp;Karsten<\/strong>, de 39 a\u00f1os, quien iba hacia la capital provincial y sufri\u00f3 heridas por las cuales debi\u00f3 ser trasladado al hospital escuela General San Mart\u00edn de Corrientes.<\/p>\n\n\n\n<p>Mareco viajaba junto a s<strong>u hermano Dionel Vera Mareco<\/strong>, de 48 a\u00f1os, y a<strong>&nbsp;su madre Leonarda Mareco Riveros<\/strong>, de 81, las&nbsp;<strong>otras dos v\u00edctimas del siniestro<\/strong>&nbsp;ocurrido aproximadamente en el kil\u00f3metro 1.000 de aquella ruta, el s\u00e1bado por la noche.<\/p>\n\n\n\n<p>De acuerdo al diario&nbsp;<em>\u00c9poca<\/em>,<strong>&nbsp;el veloc\u00edmetro de su auto qued\u00f3 clavado en 120 kil\u00f3metros por hora<\/strong>&nbsp;y los investigadores no encontraron huellas de frenadas.<\/p>\n\n\n\n<p>Los tres quedaron atrapados en el interior del veh\u00edculo despu\u00e9s del impacto y tuvieron que ser liberados por bomberos voluntarios de la cercana ciudad de Empedrado, quienes utilizaron herramientas especiales para rescatarlos.<\/p>\n\n\n\n<p>La colisi\u00f3n dej\u00f3 a los dos autom\u00f3viles cruzados en la ruta y caus\u00f3 la interrupci\u00f3n del tr\u00e1nsito por algunas horas. Intervinieron tambi\u00e9n Gendarmer\u00eda Nacional, y las comisar\u00edas de Riachuelo y Empedrado.<\/p>\n\n\n\n<p>Seg\u00fan fuentes policiales, al momento del accidente&nbsp;<strong>no hab\u00eda problemas de visibilidad en la zona<\/strong>, donde la ruta es recta y se encuentra en buen estado.<\/p>\n\n\n\n<p>Esto, al parecer, no es suficiente para evitar otros accidentes. De hecho, a principios de este mes se produjo otro choque frontal entre dos autom\u00f3viles que dej\u00f3 varios heridos y una persona mayor fallecida, en el kil\u00f3metro 1008.<\/p>\n\n\n\n<p class=\"has-text-align-right\"><strong><em>Clarin.-<\/em><\/strong><\/p>\n","protected":false},"excerpt":{"rendered":"<p>Fue a la altura de El Sombrero. Las v\u00edctimas son de nacionalidad paraguaya. Hubo otra persona herida.<\/p>\n","protected":false},"author":2,"featured_media":19701,"comment_status":"open","ping_status":"open","sticky":false,"template":"","format":"standard","meta":{"jnews-multi-image_gallery":[],"jnews_single_post":[],"jnews_primary_category":[],"jnews_social_meta":[],"jnews_review":[],"enable_review":"","type":"","name":"","summary":"","brand":"","sku":"","good":[],"bad":[],"score_override":"","override_value":"","rating":[],"price":[],"jnews_override_counter":[],"jnews_post_split":[],"footnotes":""},"categories":[64],"tags":[2543,44,1118,45],"class_list":["post-19700","post","type-post","status-publish","format-standard","has-post-thumbnail","hentry","category-sucesos","tag-accidente-de-transito","tag-argentina","tag-corrientes","tag-noticias"],"_links":{"self":[{"href":"https:\/\/esreviral.com\/index.php?rest_route=\/wp\/v2\/posts\/19700","targetHints":{"allow":["GET"]}}],"collection":[{"href":"https:\/\/esreviral.com\/index.php?rest_route=\/wp\/v2\/posts"}],"about":[{"href":"https:\/\/esreviral.com\/index.php?rest_route=\/wp\/v2\/types\/post"}],"author":[{"embeddable":true,"href":"https:\/\/esreviral.com\/index.php?rest_route=\/wp\/v2\/users\/2"}],"replies":[{"embeddable":true,"href":"https:\/\/esreviral.com\/index.php?rest_route=%2Fwp%2Fv2%2Fcomments&post=19700"}],"version-history":[{"count":0,"href":"https:\/\/esreviral.com\/index.php?rest_route=\/wp\/v2\/posts\/19700\/revisions"}],"wp:featuredmedia":[{"embeddable":true,"href":"https:\/\/esreviral.com\/index.php?rest_route=\/"}],"wp:attachment":[{"href":"https:\/\/esreviral.com\/index.php?rest_route=%2Fwp%2Fv2%2Fmedia&parent=19700"}],"wp:term":[{"taxonomy":"category","embeddable":true,"href":"https:\/\/esreviral.com\/index.php?rest_route=%2Fwp%2Fv2%2Fcategories&post=19700"},{"taxonomy":"post_tag","embeddable":true,"href":"https:\/\/esreviral.com\/index.php?rest_route=%2Fwp%2Fv2%2Ftags&post=19700"}],"curies":[{"name":"wp","href":"https:\/\/api.w.org\/{rel}","templated":true}]}}