{"id":19644,"date":"2022-06-18T10:17:03","date_gmt":"2022-06-18T13:17:03","guid":{"rendered":"https:\/\/esreviral.com\/?p=19644"},"modified":"2022-06-18T10:17:03","modified_gmt":"2022-06-18T13:17:03","slug":"rompio-el-silencio-alberto-fernandez-se-refirio-al-avion-retenido-quisieron-montar-un-movimiento-oscuro","status":"publish","type":"post","link":"https:\/\/esreviral.com\/?p=19644","title":{"rendered":"Rompi\u00f3 el silencio. Alberto Fern\u00e1ndez se refiri\u00f3 al avi\u00f3n retenido: \u201cQuisieron montar un movimiento oscuro\u201d"},"content":{"rendered":"\n<p>El presidente de Argentina, Alberto Fern\u00e1ndez, rompi\u00f3 el silencio y este s\u00e1bado se refiri\u00f3 por primera vez al avi\u00f3n venezolano retenido en Ezeiza, y afirm\u00f3que la oposici\u00f3n \u201ctrat\u00f3 de aprovechar\u201d el tema y que \u201cquisieron mostrar algo que no es\u201d.<\/p>\n\n\n\n<p>\u201cQuisieron mostrar algo que no es, alguna cosa o movimiento oscuro del Gobierno pero actuamos r\u00e1pidamente. La oposici\u00f3n trat\u00f3 de aprovecharlo\u201d, dijo el Presidente esta ma\u00f1ana en declaraciones a&nbsp;<em>Radio 10&nbsp;<\/em>sobre la nave, que lleg\u00f3 al pa\u00eds con&nbsp;<strong>tripulantes tanto venezolanos como iran\u00edes.<\/strong><\/p>\n","protected":false},"excerpt":{"rendered":"<p>El presidente de Argentina, Alberto Fern\u00e1ndez, rompi\u00f3 el silencio y este s\u00e1bado se refiri\u00f3 por primera vez al avi\u00f3n venezolano retenido en Ezeiza, y afirm\u00f3que la oposici\u00f3n \u201ctrat\u00f3 de aprovechar\u201d el tema y que \u201cquisieron mostrar algo que no es\u201d. \u201cQuisieron mostrar algo que no es, alguna cosa o movimiento oscuro del Gobierno pero actuamos [&hellip;]<\/p>\n","protected":false},"author":2,"featured_media":17385,"comment_status":"open","ping_status":"open","sticky":false,"template":"","format":"standard","meta":{"jnews-multi-image_gallery":[],"jnews_single_post":[],"jnews_primary_category":[],"jnews_social_meta":[],"jnews_review":[],"enable_review":"","type":"","name":"","summary":"","brand":"","sku":"","good":[],"bad":[],"score_override":"","override_value":"","rating":[],"price":[],"jnews_override_counter":[],"jnews_post_split":[],"footnotes":""},"categories":[58,59],"tags":[44,2611,475,45,960],"class_list":["post-19644","post","type-post","status-publish","format-standard","has-post-thumbnail","hentry","category-argentina","category-politica","tag-argentina","tag-avion-retenido","tag-ezeiza","tag-noticias","tag-urgente"],"amp_enabled":true,"_links":{"self":[{"href":"https:\/\/esreviral.com\/index.php?rest_route=\/wp\/v2\/posts\/19644"}],"collection":[{"href":"https:\/\/esreviral.com\/index.php?rest_route=\/wp\/v2\/posts"}],"about":[{"href":"https:\/\/esreviral.com\/index.php?rest_route=\/wp\/v2\/types\/post"}],"author":[{"embeddable":true,"href":"https:\/\/esreviral.com\/index.php?rest_route=\/wp\/v2\/users\/2"}],"replies":[{"embeddable":true,"href":"https:\/\/esreviral.com\/index.php?rest_route=%2Fwp%2Fv2%2Fcomments&post=19644"}],"version-history":[{"count":0,"href":"https:\/\/esreviral.com\/index.php?rest_route=\/wp\/v2\/posts\/19644\/revisions"}],"wp:featuredmedia":[{"embeddable":true,"href":"https:\/\/esreviral.com\/index.php?rest_route=\/"}],"wp:attachment":[{"href":"https:\/\/esreviral.com\/index.php?rest_route=%2Fwp%2Fv2%2Fmedia&parent=19644"}],"wp:term":[{"taxonomy":"category","embeddable":true,"href":"https:\/\/esreviral.com\/index.php?rest_route=%2Fwp%2Fv2%2Fcategories&post=19644"},{"taxonomy":"post_tag","embeddable":true,"href":"https:\/\/esreviral.com\/index.php?rest_route=%2Fwp%2Fv2%2Ftags&post=19644"}],"curies":[{"name":"wp","href":"https:\/\/api.w.org\/{rel}","templated":true}]}}