{"id":19634,"date":"2022-06-17T12:44:52","date_gmt":"2022-06-17T15:44:52","guid":{"rendered":"https:\/\/esreviral.com\/?p=19634"},"modified":"2022-06-17T12:44:52","modified_gmt":"2022-06-17T15:44:52","slug":"__trashed-8","status":"publish","type":"post","link":"https:\/\/esreviral.com\/?p=19634","title":{"rendered":"Las fotos con las que El Capi de la Vinotinto, encendi\u00f3 las redes por sus visita a Los Roques"},"content":{"rendered":"\n<p>Tom\u00e1s Rinc\u00f3n, de 34 a\u00f1os de edad y capit\u00e1n de la selecci\u00f3n venezolana de f\u00fatbol, encendi\u00f3 las redes sociales toda vez que mostrara parte de sus vacaciones por Los Roques en su pa\u00eds natal. <\/p>\n\n\n\n<p>\u00abEl para\u00edso venezolano\u00bb, escribi\u00f3 en uno de los \u00e1lbumes de su foto donde aparece en shorts tomando el sol, adem\u00e1s con sus amigos y su pareja. <\/p>\n\n\n\n<p>El Capi, tambi\u00e9n poste\u00f3 una foto con su beb\u00e9, mostrando la felicidad que siente de estar de vuelta en su patria. <\/p>\n\n\n\n<p>Ha recibido miles de likes y comentarios positivos por su paseo. <\/p>\n\n\n\n<figure class=\"wp-block-image size-large\"><img decoding=\"async\" src=\"https:\/\/esreviral.com\/wp-content\/uploads\/2022\/06\/IMG_7897-843x1024.jpg\" alt=\"\" class=\"wp-image-19636\"\/><\/figure>\n\n\n\n<figure class=\"wp-block-image size-large\"><img decoding=\"async\" src=\"https:\/\/esreviral.com\/wp-content\/uploads\/2022\/06\/IMG_7896-825x1024.jpg\" alt=\"\" class=\"wp-image-19637\"\/><\/figure>\n\n\n\n<figure class=\"wp-block-image size-large\"><img decoding=\"async\" src=\"https:\/\/esreviral.com\/wp-content\/uploads\/2022\/06\/IMG_7895-831x1024.jpg\" alt=\"\" class=\"wp-image-19638\"\/><\/figure>\n","protected":false},"excerpt":{"rendered":"<p>Tom\u00e1s Rinc\u00f3n, de 34 a\u00f1os de edad y capit\u00e1n de la selecci\u00f3n venezolana de f\u00fatbol, encendi\u00f3 las redes sociales toda vez que mostrara parte de sus vacaciones por Los Roques en su pa\u00eds natal. \u00abEl para\u00edso venezolano\u00bb, escribi\u00f3 en uno de los \u00e1lbumes de su foto donde aparece en shorts tomando el sol, adem\u00e1s con [&hellip;]<\/p>\n","protected":false},"author":2,"featured_media":19635,"comment_status":"open","ping_status":"open","sticky":false,"template":"","format":"standard","meta":{"jnews-multi-image_gallery":[],"jnews_single_post":[],"jnews_primary_category":[],"jnews_social_meta":[],"jnews_review":[],"enable_review":"","type":"","name":"","summary":"","brand":"","sku":"","good":[],"bad":[],"score_override":"","override_value":"","rating":[],"price":[],"jnews_override_counter":[],"jnews_post_split":[],"footnotes":""},"categories":[48],"tags":[146,2723],"class_list":["post-19634","post","type-post","status-publish","format-standard","has-post-thumbnail","hentry","category-deportes","tag-la-vinotinto","tag-tomas-rincon"],"amp_enabled":true,"_links":{"self":[{"href":"https:\/\/esreviral.com\/index.php?rest_route=\/wp\/v2\/posts\/19634"}],"collection":[{"href":"https:\/\/esreviral.com\/index.php?rest_route=\/wp\/v2\/posts"}],"about":[{"href":"https:\/\/esreviral.com\/index.php?rest_route=\/wp\/v2\/types\/post"}],"author":[{"embeddable":true,"href":"https:\/\/esreviral.com\/index.php?rest_route=\/wp\/v2\/users\/2"}],"replies":[{"embeddable":true,"href":"https:\/\/esreviral.com\/index.php?rest_route=%2Fwp%2Fv2%2Fcomments&post=19634"}],"version-history":[{"count":0,"href":"https:\/\/esreviral.com\/index.php?rest_route=\/wp\/v2\/posts\/19634\/revisions"}],"wp:featuredmedia":[{"embeddable":true,"href":"https:\/\/esreviral.com\/index.php?rest_route=\/"}],"wp:attachment":[{"href":"https:\/\/esreviral.com\/index.php?rest_route=%2Fwp%2Fv2%2Fmedia&parent=19634"}],"wp:term":[{"taxonomy":"category","embeddable":true,"href":"https:\/\/esreviral.com\/index.php?rest_route=%2Fwp%2Fv2%2Fcategories&post=19634"},{"taxonomy":"post_tag","embeddable":true,"href":"https:\/\/esreviral.com\/index.php?rest_route=%2Fwp%2Fv2%2Ftags&post=19634"}],"curies":[{"name":"wp","href":"https:\/\/api.w.org\/{rel}","templated":true}]}}