{"id":19624,"date":"2022-06-17T10:36:41","date_gmt":"2022-06-17T13:36:41","guid":{"rendered":"https:\/\/esreviral.com\/?p=19624"},"modified":"2022-06-17T10:36:41","modified_gmt":"2022-06-17T13:36:41","slug":"la-reina-isabel-es-tildada-de-innecesariamente-mala-tras-la-prohibicion-del-principe-harry-y-meghan-markle","status":"publish","type":"post","link":"https:\/\/esreviral.com\/?p=19624","title":{"rendered":"La reina Isabel es tildada de &#8216;innecesariamente mala&#8217; tras la prohibici\u00f3n del pr\u00edncipe Harry y Meghan Markle"},"content":{"rendered":"\n<p class=\"has-drop-cap\">Los expertos temen que la prohibici\u00f3n de la foto de<strong>\u00a0Meghan Markle\u00a0y el Pr\u00edncipe Harr<\/strong>y por parte de la\u00a0<strong>Reina\u00a0<\/strong>fue\u00a0<strong>\u00abdemasiado e innecesariamente cruel\u00bb.<\/strong><\/p>\n\n\n\n<p>Esta afirmaci\u00f3n la ha hecho el bi\u00f3grafo real\u00a0<strong>Christopher Andersen<\/strong>, en una entrevista con The Daily Beast.<\/p>\n\n\n\n<p>Se le cit\u00f3 diciendo:&nbsp;<strong>\u201cArchie se tom\u00f3 una foto con la Reina y el Pr\u00edncipe Felipe cuando ten\u00eda dos d\u00edas. Negarle esto a Lili en su primer cumplea\u00f1os parece innecesariamente mezquino\u201d.<\/strong><\/p>\n\n\n\n<p><strong>\u201cLa Reina podr\u00eda haber invalidado a sus supervisores en este tema y, por supuesto, podr\u00eda haber permitido que los Sussex aparecieran en el balc\u00f3n con el resto de la familia en alg\u00fan momento durante el Jubileo\u201d.<\/strong><\/p>\n\n\n\n<p>Antes de concluir, el comentarista agreg\u00f3:\u00a0<strong>\u00abEste fue un evento hist\u00f3rico y excluir a Harry y Meghan del registro visual parece incorrecto\u00bb.<\/strong><\/p>\n\n\n\n<p class=\"has-text-align-right\"><strong><em>.terra.cl.-<\/em><\/strong><\/p>\n\n\n\n<p><\/p>\n\n\n\n<p><\/p>\n","protected":false},"excerpt":{"rendered":"<p>El bi\u00f3grafo real Christopher Andersen hizo esta afirmaci\u00f3n en su entrevista con The Daily Beast.<\/p>\n","protected":false},"author":2,"featured_media":19625,"comment_status":"open","ping_status":"open","sticky":false,"template":"","format":"standard","meta":{"jnews-multi-image_gallery":[],"jnews_single_post":[],"jnews_primary_category":[],"jnews_social_meta":[],"jnews_review":[],"enable_review":"","type":"","name":"","summary":"","brand":"","sku":"","good":[],"bad":[],"score_override":"","override_value":"","rating":[],"price":[],"jnews_override_counter":[],"jnews_post_split":[],"footnotes":""},"categories":[88],"tags":[2427,368,45,2721,624,2722,2066],"class_list":["post-19624","post","type-post","status-publish","format-standard","has-post-thumbnail","hentry","category-internacionales","tag-jubileo","tag-meghan-markle","tag-noticias","tag-principe-harry-2","tag-realeza","tag-realeza-britanica","tag-reina-isabel-ii"],"amp_enabled":true,"_links":{"self":[{"href":"https:\/\/esreviral.com\/index.php?rest_route=\/wp\/v2\/posts\/19624"}],"collection":[{"href":"https:\/\/esreviral.com\/index.php?rest_route=\/wp\/v2\/posts"}],"about":[{"href":"https:\/\/esreviral.com\/index.php?rest_route=\/wp\/v2\/types\/post"}],"author":[{"embeddable":true,"href":"https:\/\/esreviral.com\/index.php?rest_route=\/wp\/v2\/users\/2"}],"replies":[{"embeddable":true,"href":"https:\/\/esreviral.com\/index.php?rest_route=%2Fwp%2Fv2%2Fcomments&post=19624"}],"version-history":[{"count":0,"href":"https:\/\/esreviral.com\/index.php?rest_route=\/wp\/v2\/posts\/19624\/revisions"}],"wp:featuredmedia":[{"embeddable":true,"href":"https:\/\/esreviral.com\/index.php?rest_route=\/"}],"wp:attachment":[{"href":"https:\/\/esreviral.com\/index.php?rest_route=%2Fwp%2Fv2%2Fmedia&parent=19624"}],"wp:term":[{"taxonomy":"category","embeddable":true,"href":"https:\/\/esreviral.com\/index.php?rest_route=%2Fwp%2Fv2%2Fcategories&post=19624"},{"taxonomy":"post_tag","embeddable":true,"href":"https:\/\/esreviral.com\/index.php?rest_route=%2Fwp%2Fv2%2Ftags&post=19624"}],"curies":[{"name":"wp","href":"https:\/\/api.w.org\/{rel}","templated":true}]}}