{"id":19562,"date":"2022-06-16T12:57:37","date_gmt":"2022-06-16T15:57:37","guid":{"rendered":"https:\/\/esreviral.com\/?p=19562"},"modified":"2022-06-16T12:57:37","modified_gmt":"2022-06-16T15:57:37","slug":"que-pasara-con-el-uso-del-tapabocas-en-el-transporte-publico","status":"publish","type":"post","link":"https:\/\/esreviral.com\/?p=19562","title":{"rendered":"\u00bfQu\u00e9 pasar\u00e1 con el uso del tapabocas en el transporte p\u00fablico?"},"content":{"rendered":"\n<p>Una resoluci\u00f3n del Gobierno porte\u00f1o dispuso desde este jueves\u00a0\u00ab<strong>el car\u00e1cter no obligatorio del uso de elementos de protecci\u00f3n que cubran nariz, boca y ment\u00f3n en el \u00e1mbito de la Ciudad Aut\u00f3noma de Buenos Aires\u00bb.<\/strong><\/p>\n\n\n\n<p>Pero el Ministerio de Transporte de la Naci\u00f3n&nbsp;<strong>aclar\u00f3 este viernes que se debe seguir utilizando el barbijo en el tren y el colectivo en viajes por la Ciudad de Buenos Aires<\/strong>. Argument\u00f3 que sigue siendo obligatorio debido a que son medios que pertenecen a la jurisdicci\u00f3n nacional.<\/p>\n\n\n\n<p>En lo que respecta a los colectivos, las 32 l\u00edneas que recorren la Capital Federal tienen los siguientes n\u00fameros: 4, 5, 6, 7, 12, 23, 25, 26, 34, 39, 42, 44, 47, 50, 61, 62, 64, 65, 68, 76, 84, 90, 99, 102, 106, 107, 108, 109, 115, 118, 132 y 151.<\/p>\n\n\n\n<p>Fuentes de la cartera que encabeza\u00a0<strong>Alexis Guerrera<\/strong>\u00a0dijeron a T\u00e9lam que\u00a0\u00abel barbijo sigue siendo obligatorio en transporte de jurisdicci\u00f3n nacional como el tren y el colectivo,\u00a0<strong>tal como establece la CNRT (Comisi\u00f3n Nacional de Regulaci\u00f3n del Transporte)<\/strong>\u00ab. Y agregaron que el Ministerio de Salud contin\u00faa con la recomendaci\u00f3n de\u00a0utilizar tapabocas\u00a0\u00aben espacios cerrados\u00bb.<\/p>\n\n\n\n<p><strong><span style=\"background-color:#9a1b22\" class=\"td_text_highlight_marker\">Infracciones por incumplimiento<\/span><\/strong><\/p>\n\n\n\n<p>En lo que va del a\u00f1o, se realizaron m\u00e1s de 2.200 actas de infracci\u00f3n a empresas por incumplimiento de los protocolos de prevenci\u00f3n, que determinaron que las ventanillas cerradas, falta de desinfecci\u00f3n y no uso de barbijo fueron los principales motivos de sanci\u00f3n.<\/p>\n\n\n\n<p class=\"has-text-align-right\"><strong><em>Cr\u00f3nica.-<br><\/em><\/strong><\/p>\n","protected":false},"excerpt":{"rendered":"<p>Una resoluci\u00f3n del Gobierno porte\u00f1o dispuso desde este jueves\u00a0\u00abel car\u00e1cter no obligatorio del uso de elementos de protecci\u00f3n que cubran nariz, boca y ment\u00f3n en el \u00e1mbito de la Ciudad Aut\u00f3noma de Buenos Aires\u00bb. Pero el Ministerio de Transporte de la Naci\u00f3n&nbsp;aclar\u00f3 este viernes que se debe seguir utilizando el barbijo en el tren y [&hellip;]<\/p>\n","protected":false},"author":2,"featured_media":19563,"comment_status":"open","ping_status":"open","sticky":false,"template":"","format":"standard","meta":{"jnews-multi-image_gallery":[],"jnews_single_post":[],"jnews_primary_category":[],"jnews_social_meta":[],"jnews_review":[],"enable_review":"","type":"","name":"","summary":"","brand":"","sku":"","good":[],"bad":[],"score_override":"","override_value":"","rating":[],"price":[],"jnews_override_counter":[],"jnews_post_split":[],"footnotes":""},"categories":[76],"tags":[44,1042,188,45],"class_list":["post-19562","post","type-post","status-publish","format-standard","has-post-thumbnail","hentry","category-coronavirus","tag-argentina","tag-barbijos","tag-covid-19","tag-noticias"],"amp_enabled":true,"_links":{"self":[{"href":"https:\/\/esreviral.com\/index.php?rest_route=\/wp\/v2\/posts\/19562"}],"collection":[{"href":"https:\/\/esreviral.com\/index.php?rest_route=\/wp\/v2\/posts"}],"about":[{"href":"https:\/\/esreviral.com\/index.php?rest_route=\/wp\/v2\/types\/post"}],"author":[{"embeddable":true,"href":"https:\/\/esreviral.com\/index.php?rest_route=\/wp\/v2\/users\/2"}],"replies":[{"embeddable":true,"href":"https:\/\/esreviral.com\/index.php?rest_route=%2Fwp%2Fv2%2Fcomments&post=19562"}],"version-history":[{"count":0,"href":"https:\/\/esreviral.com\/index.php?rest_route=\/wp\/v2\/posts\/19562\/revisions"}],"wp:featuredmedia":[{"embeddable":true,"href":"https:\/\/esreviral.com\/index.php?rest_route=\/"}],"wp:attachment":[{"href":"https:\/\/esreviral.com\/index.php?rest_route=%2Fwp%2Fv2%2Fmedia&parent=19562"}],"wp:term":[{"taxonomy":"category","embeddable":true,"href":"https:\/\/esreviral.com\/index.php?rest_route=%2Fwp%2Fv2%2Fcategories&post=19562"},{"taxonomy":"post_tag","embeddable":true,"href":"https:\/\/esreviral.com\/index.php?rest_route=%2Fwp%2Fv2%2Ftags&post=19562"}],"curies":[{"name":"wp","href":"https:\/\/api.w.org\/{rel}","templated":true}]}}