{"id":19338,"date":"2022-06-13T10:21:16","date_gmt":"2022-06-13T13:21:16","guid":{"rendered":"https:\/\/esreviral.com\/?p=19338"},"modified":"2022-06-13T10:21:16","modified_gmt":"2022-06-13T13:21:16","slug":"ordenan-retener-por-72-horas-los-pasaportes-de-los-iranies-que-llegaron-en-un-avion-venezolano","status":"publish","type":"post","link":"https:\/\/esreviral.com\/?p=19338","title":{"rendered":"Ordenan retener por 72 horas los pasaportes de los iran\u00edes que llegaron en un avi\u00f3n venezolano"},"content":{"rendered":"\n<p>El juez federal Federico Villena<strong>\u00a0le orden\u00f3 hoy a la Direcci\u00f3n de Migraciones que retenga el pasaporte de los cinco iran\u00edes que viajaban en el avi\u00f3n retenido en Ezeiza por otras 72 horas<\/strong>.<\/p>\n\n\n\n<p>\u201cHabr\u00e9 de requerirle a la Sra. Directora de la Direcci\u00f3n Nacional de Migraciones que mantenga retenidos a la orden de este Tribunal los pasaportes de los ciudadanos iran\u00edes Mohammad KHOSRAVIARAGH; Gholamreza GHASEMI; Mahdi MOUSELI; Saeid VALI ZADEH; y Abdolbaset, MOHAMMADI por el t\u00e9rmino de setenta y dos (72) horas\u201d, confirma la resoluci\u00f3n del juez.<\/p>\n\n\n\n<p>Tambi\u00e9n se pidi\u00f3 investigar que adem\u00e1s de los 14 venezolanos y cinco iran\u00edes hab\u00edan otras 10 personas para un total de 29 en la tripulaci\u00f3n, tal como lo inform\u00f3 ES RE VIRAL el pasado viernes. <\/p>\n\n\n\n<p>Incluso, uno de los iran\u00edes tendr\u00eda un pasaporte y c\u00e9dula venezolana y lo descubrieron al momento en que le hicieron preguntas y no hablaba espa\u00f1ol. <\/p>\n\n\n\n<p>El avi\u00f3n Boening 747-300M matr\u00edcula YV3531, en principio vol\u00f3 hacia Uruguay para abastecer combustible y lo rechazaron, as\u00ed que intentaron llegar a Ezeiza pero para ese d\u00eda hab\u00eda mucha neblina, as\u00ed que le pidieron aterrizar en C\u00f3rdoba. <\/p>\n\n\n\n<p>Se conoci\u00f3 que tra\u00edan una carga de autopartes pero se desconoce que habr\u00edan bajado en C\u00f3rdoba. pero \u00bfqu\u00e9 estaban haciendo los iran\u00edes con los venezolanos en ese avi\u00f3n? <\/p>\n\n\n\n<p>La versi\u00f3n que cobra fuerza es que los iran\u00edes estaban ense\u00f1ando a los venezolanos a manipularlo, ya que en enero la administraci\u00f3n de Maduro se lo compr\u00f3 a Ir\u00e1n pero el mismo est\u00e1 sancionado por Estados Unidos y es por eso que las empresas de combustible no quieren recargarlos porque podr\u00edan ser tambi\u00e9n sancionadas por norteam\u00e9rica. <\/p>\n\n\n\n<p>Se sospecha que tambi\u00e9n pudieran estar evaluando la seguridad a\u00e9rea de Argentina. <\/p>\n\n\n\n<p>Lea tambi\u00e9n: <a href=\"https:\/\/esreviral.com\/2022\/06\/10\/capturaron-a-un-irani-que-se-hizo-pasar-por-venezolano-en-el-aeropuerto-de-ezeiza\/\">CAPTURARON A UN IRAN\u00cd QUE SE HIZO PASAR POR VENEZOLANO EN EL AEROPUERTO DE EZEIZA<\/a><\/p>\n","protected":false},"excerpt":{"rendered":"<p>El avi\u00f3n Boening 747-300M matr\u00edcula YV3531, en principio vol\u00f3 hacia Uruguay para abastecer combustible y lo rechazaron, as\u00ed que intentaron llegar a Ezeiza pero para ese d\u00eda hab\u00eda mucha neblina, as\u00ed que le pidieron aterrizar en C\u00f3rdoba<\/p>\n","protected":false},"author":2,"featured_media":19339,"comment_status":"open","ping_status":"open","sticky":false,"template":"","format":"standard","meta":{"jnews-multi-image_gallery":[],"jnews_single_post":[],"jnews_primary_category":[],"jnews_social_meta":[],"jnews_review":[],"enable_review":"","type":"","name":"","summary":"","brand":"","sku":"","good":[],"bad":[],"score_override":"","override_value":"","rating":[],"price":[],"jnews_override_counter":[],"jnews_post_split":[],"footnotes":""},"categories":[43,58],"tags":[44,2611,2612,45,67],"class_list":["post-19338","post","type-post","status-publish","format-standard","has-post-thumbnail","hentry","category-actualidad","category-argentina","tag-argentina","tag-avion-retenido","tag-iranies","tag-noticias","tag-venezolanos-en-argentina"],"amp_enabled":true,"_links":{"self":[{"href":"https:\/\/esreviral.com\/index.php?rest_route=\/wp\/v2\/posts\/19338"}],"collection":[{"href":"https:\/\/esreviral.com\/index.php?rest_route=\/wp\/v2\/posts"}],"about":[{"href":"https:\/\/esreviral.com\/index.php?rest_route=\/wp\/v2\/types\/post"}],"author":[{"embeddable":true,"href":"https:\/\/esreviral.com\/index.php?rest_route=\/wp\/v2\/users\/2"}],"replies":[{"embeddable":true,"href":"https:\/\/esreviral.com\/index.php?rest_route=%2Fwp%2Fv2%2Fcomments&post=19338"}],"version-history":[{"count":0,"href":"https:\/\/esreviral.com\/index.php?rest_route=\/wp\/v2\/posts\/19338\/revisions"}],"wp:featuredmedia":[{"embeddable":true,"href":"https:\/\/esreviral.com\/index.php?rest_route=\/"}],"wp:attachment":[{"href":"https:\/\/esreviral.com\/index.php?rest_route=%2Fwp%2Fv2%2Fmedia&parent=19338"}],"wp:term":[{"taxonomy":"category","embeddable":true,"href":"https:\/\/esreviral.com\/index.php?rest_route=%2Fwp%2Fv2%2Fcategories&post=19338"},{"taxonomy":"post_tag","embeddable":true,"href":"https:\/\/esreviral.com\/index.php?rest_route=%2Fwp%2Fv2%2Ftags&post=19338"}],"curies":[{"name":"wp","href":"https:\/\/api.w.org\/{rel}","templated":true}]}}