{"id":19335,"date":"2022-06-13T10:37:51","date_gmt":"2022-06-13T13:37:51","guid":{"rendered":"https:\/\/esreviral.com\/?p=19335"},"modified":"2022-06-13T10:37:51","modified_gmt":"2022-06-13T13:37:51","slug":"acuna-advirtio-que-sancionaran-a-docentes-que-utilicen-el-lenguaje-inclusivo","status":"publish","type":"post","link":"https:\/\/esreviral.com\/?p=19335","title":{"rendered":"Acu\u00f1a advirti\u00f3 que sancionar\u00e1n a docentes que utilicen el lenguaje inclusivo"},"content":{"rendered":"\n<p class=\"has-drop-cap\">La ministra de Educaci\u00f3n de la Ciudad de Buenos Aires, Soledad Acu\u00f1a, dijo este domingo que la utilizaci\u00f3n del lenguaje inclusivo por parte de los estudiantes genera \u00abun obst\u00e1culo\u00bb en el aprendizaje y advierte que habr\u00e1 sanciones para los docentes que incumplan la prohibici\u00f3n de su uso institucional en las escuelas porte\u00f1as.<\/p>\n\n\n\n<p><strong>\u00abLa utilizaci\u00f3n de estas nuevas incorporaciones que rompen las convenciones del lenguaje generan un obst\u00e1culo. Si en el aula pon\u00e9s en un primer grado una palabra con un arroba, otra palabra con una \u2018x\u2019 y otra palabras escrita correctamente, gener\u00e1s confusi\u00f3n\u00bb, expres\u00f3 Acu\u00f1a<\/strong>&nbsp;a la radio FM Milenium.<\/p>\n\n\n\n<p>\u00abEntonces nosotros decimos:&nbsp;<strong>\u2018Eliminemos esos obst\u00e1culos\u2019. Eso no quiere decir eliminar el lenguaje inclusivo, la lengua espa\u00f1ola tiene una infinidad de recursos para no utilizar el masculino gen\u00e9rico. Somos todos conscientes de eso. La lengua no es neutral, tambi\u00e9n invisiviliza. Yo no me siento c\u00f3moda cuando en una sala dicen: \u2018Se\u00f1ores, vamos a hablar de tal tema\u00bb,<\/strong>&nbsp;abund\u00f3.<\/p>\n\n\n\n<p>\u201cNosotros sacamos una resoluci\u00f3n en el marco de un mont\u00f3n de decisiones que venimos tomando hace tiempo, a ra\u00edz de las consecuencias de la pandemia sobre los estudiantes, a ra\u00edz de la ca\u00edda en el aprendizaje tanto en escuelas p\u00fablicas como en privadas\u201d, sostuvo la funcionaria porte\u00f1a.<\/p>\n\n\n\n<p>\u00abTomamos una innumerable cantidad de decisiones en este tiempo que tienen que ver con generar nuevas oportunidades, reforzar, acelerar procesos, garantizar que todos los chicos y las chicas tengan las mismas oportunidades, de sacar todos los obst\u00e1culos que pueda haber en ese proceso\u00bb, a\u00f1adi\u00f3.<\/p>\n\n\n\n<p><strong>\u00abUna de estas medidas fue regular el uso de la \u2018e\u2019, la \u2018x\u2019, el \u2018@\u2019, en las aulas por parte de los docentes en el momento del ejercicio de la ense\u00f1anza con los estudiantes y en las comunicaciones institucionales\u201d, precis\u00f3 Acu\u00f1a<\/strong>&nbsp;a la FM.<\/p>\n\n\n\n<figure class=\"wp-block-image\"><a href=\"javascript:void(0);\"><img decoding=\"async\" src=\"https:\/\/www.telam.com.ar\/thumbs\/bluesteel\/advf\/imagenes\/2022\/03\/6238c34e42dd9_900.jpg\" alt=\"La medida es de aplicacin en todos los niveles educativos porteos Foto Victoria Gesualdi\"\/><\/a><figcaption>La medida es de aplicaci\u00f3n en todos los niveles educativos porte\u00f1os (Foto: Victoria Gesualdi).<\/figcaption><\/figure>\n\n\n\n<p>Seg\u00fan&nbsp;<strong>Acu\u00f1a, la utilizaci\u00f3n del lenguaje inclusivo en las aulas \u00abgenera un obst\u00e1culo en la comprensi\u00f3n y en la fluidez lectora y en la escritura por parte de los estudiantes que est\u00e1n en una situaci\u00f3n muy cr\u00edtica\u201d.<\/strong><\/p>\n\n\n\n<p>Respecto del eventual incumplimiento de la norma que emiti\u00f3 el Gobierno porte\u00f1o el jueves pasado, para que no se utilice el lenguaje inclusivo en comunicaciones institucionales y contenidos en las escuelas p\u00fablicas y privadas porte\u00f1as, Acu\u00f1a dijo:<\/p>\n\n\n\n<p><strong>\u00ablo primero que tiene que hacer la conducci\u00f3n de esa escuela es explicarle al docente que el foco de lo que hace tiene que estar en los derechos de los estudiantes, no en lo que a \u00e9l o ella como adulto le interese rebelarse o ponerse en contra. El foco son los chicos\u00bb.<\/strong><\/p>\n\n\n\n<p>\u00abEs obvio que como toda norma se tiene que cumplir y si no se cumple,&nbsp;<strong>hay un proceso administrativo disciplinario<\/strong>. Del mismo modo que si una docente elige evaluar con emoticones en lugar de n\u00fameros. Yo regulo las formas de evaluar. Si no se cumple, hay un procedimiento de sanciones\u00bb, agreg\u00f3.<\/p>\n\n\n\n<p>Acu\u00f1a se\u00f1al\u00f3 tambi\u00e9n que la resoluci\u00f3n de su cartera no se refiere a una prohibici\u00f3n:<\/p>\n\n\n\n<p>\u00abno habla de prohibici\u00f3n en ning\u00fan momento. Ninguna de las medidas que acompa\u00f1an las normativas hablan de prohibici\u00f3n. La primera parte habla de regulaci\u00f3n del ejercicio de la tarea docente. El segundo art\u00edculo habla de la aprobaci\u00f3n de manuales sobre el uso del lenguaje inclusivo sin la necesidad de tergiversar la lengua espa\u00f1ola. Queremos que siga la discusi\u00f3n sobre las identidades, la visibilizaci\u00f3n, la desnaturalizaci\u00f3n. Queremos reforzar la discusi\u00f3n con elementos concretos\u00bb.<\/p>\n\n\n\n<p class=\"has-text-align-right\"><strong><em>Telam.-<\/em><\/strong><\/p>\n","protected":false},"excerpt":{"rendered":"<p>Para la ministra de Educaci\u00f3n porte\u00f1a, su uso en las aulas \u00abgenera un obst\u00e1culo en la comprensi\u00f3n, en la fluidez lectora y en la escritura\u201d y se debe poner el foco \u00aben los derechos de los estudiantes\u00bb. Agreg\u00f3 que si se incumple habr\u00e1 un proceso administrativo disciplinario.<\/p>\n","protected":false},"author":2,"featured_media":19336,"comment_status":"open","ping_status":"open","sticky":false,"template":"","format":"standard","meta":{"jnews-multi-image_gallery":[],"jnews_single_post":[],"jnews_primary_category":[],"jnews_social_meta":[],"jnews_review":[],"enable_review":"","type":"","name":"","summary":"","brand":"","sku":"","good":[],"bad":[],"score_override":"","override_value":"","rating":[],"price":[],"jnews_override_counter":[],"jnews_post_split":[],"footnotes":""},"categories":[58],"tags":[44,2619,2590,45,2620],"class_list":["post-19335","post","type-post","status-publish","format-standard","has-post-thumbnail","hentry","category-argentina","tag-argentina","tag-docentes","tag-lenguaje-inclusivo","tag-noticias","tag-sancion"],"amp_enabled":true,"_links":{"self":[{"href":"https:\/\/esreviral.com\/index.php?rest_route=\/wp\/v2\/posts\/19335"}],"collection":[{"href":"https:\/\/esreviral.com\/index.php?rest_route=\/wp\/v2\/posts"}],"about":[{"href":"https:\/\/esreviral.com\/index.php?rest_route=\/wp\/v2\/types\/post"}],"author":[{"embeddable":true,"href":"https:\/\/esreviral.com\/index.php?rest_route=\/wp\/v2\/users\/2"}],"replies":[{"embeddable":true,"href":"https:\/\/esreviral.com\/index.php?rest_route=%2Fwp%2Fv2%2Fcomments&post=19335"}],"version-history":[{"count":0,"href":"https:\/\/esreviral.com\/index.php?rest_route=\/wp\/v2\/posts\/19335\/revisions"}],"wp:featuredmedia":[{"embeddable":true,"href":"https:\/\/esreviral.com\/index.php?rest_route=\/"}],"wp:attachment":[{"href":"https:\/\/esreviral.com\/index.php?rest_route=%2Fwp%2Fv2%2Fmedia&parent=19335"}],"wp:term":[{"taxonomy":"category","embeddable":true,"href":"https:\/\/esreviral.com\/index.php?rest_route=%2Fwp%2Fv2%2Fcategories&post=19335"},{"taxonomy":"post_tag","embeddable":true,"href":"https:\/\/esreviral.com\/index.php?rest_route=%2Fwp%2Fv2%2Ftags&post=19335"}],"curies":[{"name":"wp","href":"https:\/\/api.w.org\/{rel}","templated":true}]}}