{"id":19333,"date":"2022-06-13T10:36:48","date_gmt":"2022-06-13T13:36:48","guid":{"rendered":"https:\/\/esreviral.com\/?p=19333"},"modified":"2022-06-13T10:36:48","modified_gmt":"2022-06-13T13:36:48","slug":"volvieron-a-bajar-los-casos-de-coronavirus-en-argentina-36-835-nuevos-contagios-y-21-muertes-en-la-ultima-semana","status":"publish","type":"post","link":"https:\/\/esreviral.com\/?p=19333","title":{"rendered":"Volvieron a bajar los casos de coronavirus en Argentina: 36.835 nuevos contagios y 21 muertes en la \u00faltima semana"},"content":{"rendered":"\n<p class=\"has-drop-cap\">En los \u00faltimos 7 d\u00edas se confirmaron\u00a0<strong>36.835 nuevos casos<\/strong>\u00a0de\u00a0coronavirus\u00a0en la Argentina y se reportaron<strong>\u00a0otras 21 muertes<\/strong>\u00a0por la enfermedad. Las cifras salen del parte sanitario que el Ministerio de Salud public\u00f3 este domingo.<\/p>\n\n\n\n<p>Estos datos representan&nbsp;<strong>un descenso del 20%<\/strong>&nbsp;en los&nbsp;contagios y del&nbsp;<strong>75%<\/strong>&nbsp;en la cantidad de&nbsp;fallecidos respecto del domingo pasado.&nbsp;<\/p>\n\n\n\n<p>En las semanas previas, las nuevas infecciones ven\u00edan mostrando un repunte -considerado por los expertos la cuarta ola de la\u00a0pandemia- que se hab\u00eda frenado a principios de junio.<\/p>\n\n\n\n<p>El 17 de abril, cuando los reportes pasaron de ser diarios a semanales, se informaron 8.387 positivos. En ese momento comenz\u00f3 una tendencia en alza. La semana siguiente fueron 11.307, una suba\u00a0<strong>34%<\/strong>. El domingo 1\u00b0 de mayo fueron apenas un 1,2% m\u00e1s (11.443), pero las semana siguientes pegaron dos fuertes saltos:\u00a0<strong>54%<\/strong>\u00a0(17.646 informados el 8 de mayo) y\u00a0<strong>92%<\/strong>\u00a0(33.989, el 15 de mayo).<\/p>\n\n\n\n<p>El domingo 22 de mayo, aunque se hab\u00eda desacelerado el ritmo, se mantuvo el alza: 43.487 positivos, un&nbsp;<strong>27,9%<\/strong>&nbsp;m\u00e1s que la semana anterior. Los 51.778 infectados reportados el 29 de mayor representaron el \u00fatimo aumento semanal:&nbsp;<strong>19%<\/strong>. El 5 de junio, la tendencia se cort\u00f3: con 46.045 positivos, hubo una ca\u00edda del 11% en una semana. Y ahora la cifra volvi\u00f3 a caer, esta vez un 20%.<\/p>\n\n\n\n<p>Desde el inicio de la crisis sanitaria, en marzo de 2020, se confirmaron m\u00e1s de 9,2 millones de infecciones de Covid, la 13\u00b0 cifras m\u00e1s alta a nivel global. La enfermedad provoc\u00f3 128 mil muertes, por lo que Argentina es el 14\u00b0 pa\u00eds con mayor cantidad de fallecidos a nivel global, seg\u00fan datos del sitio Worldometers.<\/p>\n\n\n\n<p><strong><span style=\"background-color:#a3000d\" class=\"td_text_highlight_marker\">Los internados y fallecidos por Covid<\/span><\/strong><\/p>\n\n\n\n<p>El parte sanitario de esta semana indica que hubo un aumento en la cantidad de internados en terapia intensiva con Covid (subieron de 344 a 375 respecto del domingo pasado), aunque la ocupaci\u00f3n de camas cr\u00edticas en todo el sistema se mantiene en 43%.<\/p>\n\n\n\n<figure class=\"wp-block-image size-large\"><img decoding=\"async\" src=\"https:\/\/www.clarin.com\/img\/2022\/01\/18\/los-contagios-de-covid-en____Rdh0Qc9x_720x0__1.jpg\" alt=\"\"\/><\/figure>\n\n\n\n<p>Once de las 21 muertes reportadas hoy fueron de residentes en la Provincia de Buenos Aires. Tambi\u00e9n reportaron casos fatales La Pampa (4), C\u00f3rdoba (3), CABA (2) y&nbsp;Entre R\u00edos (1).<\/p>\n\n\n\n<p><strong><span style=\"background-color:#a30012\" class=\"td_text_highlight_marker\">Las vacunas contra el Covid<\/span><\/strong><\/p>\n\n\n\n<p>Los datos oficiales publicados en el Monitor P\u00fablico de Vacunaci\u00f3n indican que se aplicaron&nbsp;<strong>104.279.854 dosis de las vacunas anticovid<\/strong>, distribuidas de la siguiente manera: 40.815.327 personas iniciaron su esquema original, 37.535.219 lo completaron, 3.074.282 recibieron una dosis adicional y 22.855.026 accedieron al refuerzo.<\/p>\n\n\n\n<p>Tomando el dato de poblaci\u00f3n relevado en el \u00faltimo censo (47.327.497 habitantes), esto significa que el 79,3% complet\u00f3 la inmunizaci\u00f3n original, pero solo el 48,2% recibi\u00f3 el refuerzo que los expertos recomiendan para afrontar las nuevas olas de la pandemia.<\/p>\n\n\n\n<p><strong><span style=\"background-color:#a30004\" class=\"td_text_highlight_marker\">El impacto de las nuevas subvariantes de \u00d3micron<\/span><\/strong><\/p>\n\n\n\n<p>Dos nuevas subvariantes de \u00d3micron (BA.4 y BA.5) parecen estar impulsando -junto con la relajaci\u00f3n de las&nbsp;medidas de higiene-&nbsp;el aumento de contagios de coronavirus en varios pa\u00edses.<\/p>\n\n\n\n<p>Mayoritarias en Sud\u00e1frica y Portugal, estas mutaciones provocan incertidumbre ante una nueva ola de covid-19 estos pr\u00f3ximos meses.<\/p>\n\n\n\n<p>Identificadas a principios de abril por investigadores de Botsuana y Sud\u00e1frica,&nbsp;aparecieron probablemente entre mediados de diciembre y principios de enero.<\/p>\n\n\n\n<p>Despu\u00e9s de volverse mayoritarias entre los nuevos casos en Sud\u00e1frica y Portugal, ahora protagonizan las nuevas olas de la pandemia.<\/p>\n\n\n\n<p>En Sud\u00e1frica, \u00abdonde se detect\u00f3 por primera vez BA.4 y BA.5, siendo BA.5 la m\u00e1s presente ahora mismo, el pico pand\u00e9mico termin\u00f3 a mediados de mayo, y su impacto fue moderado. BA.5 es mayoritario en Portugal, un pa\u00eds donde la incidencia est\u00e1 aumentando, aunque a niveles inferiores, por ahora, que durante la ola anterior\u00bb, explic\u00f3 el viernes la Agencia de Salud P\u00fablica francesa.<\/p>\n\n\n\n<p>Y el aumento de los contagios amenaza ahora a otros pa\u00edses.<\/p>\n\n\n\n<p>En Europa, BA.4 y BA.5 son cada vez m\u00e1s frecuentes en Francia, y deber\u00edan imponerse a BA.2, mayoritaria desde principios de a\u00f1o. La agencia de salud francesa confirm\u00f3 la aceleraci\u00f3n de casos en sus \u00faltimas cifras semanales, as\u00ed como el aumento de estas dos subvariantes.<\/p>\n\n\n\n<p>Una situaci\u00f3n similar a la que se vive en Alemania y Reino Unido.<\/p>\n\n\n\n<p>Seg\u00fan varios especialistas, el fin de las medidas de control sanitarias favorecen este aumento de contagios.<\/p>\n\n\n\n<p class=\"has-text-align-right\"><strong><em>Clarin.-<\/em><\/strong><\/p>\n","protected":false},"excerpt":{"rendered":"<p>Lo inform\u00f3 el Ministerio de Salud en el parte sanitario que public\u00f3 este domingo. Hubo 20% menos infecciones que el domingo pasado y 75% menos de fallecidos.<\/p>\n","protected":false},"author":2,"featured_media":19334,"comment_status":"open","ping_status":"open","sticky":false,"template":"","format":"standard","meta":{"jnews-multi-image_gallery":[],"jnews_single_post":[],"jnews_primary_category":[],"jnews_social_meta":[],"jnews_review":[],"enable_review":"","type":"","name":"","summary":"","brand":"","sku":"","good":[],"bad":[],"score_override":"","override_value":"","rating":[],"price":[],"jnews_override_counter":[],"jnews_post_split":[],"footnotes":""},"categories":[68],"tags":[],"class_list":["post-19333","post","type-post","status-publish","format-standard","has-post-thumbnail","hentry","category-sin-categoria"],"amp_enabled":true,"_links":{"self":[{"href":"https:\/\/esreviral.com\/index.php?rest_route=\/wp\/v2\/posts\/19333"}],"collection":[{"href":"https:\/\/esreviral.com\/index.php?rest_route=\/wp\/v2\/posts"}],"about":[{"href":"https:\/\/esreviral.com\/index.php?rest_route=\/wp\/v2\/types\/post"}],"author":[{"embeddable":true,"href":"https:\/\/esreviral.com\/index.php?rest_route=\/wp\/v2\/users\/2"}],"replies":[{"embeddable":true,"href":"https:\/\/esreviral.com\/index.php?rest_route=%2Fwp%2Fv2%2Fcomments&post=19333"}],"version-history":[{"count":0,"href":"https:\/\/esreviral.com\/index.php?rest_route=\/wp\/v2\/posts\/19333\/revisions"}],"wp:featuredmedia":[{"embeddable":true,"href":"https:\/\/esreviral.com\/index.php?rest_route=\/"}],"wp:attachment":[{"href":"https:\/\/esreviral.com\/index.php?rest_route=%2Fwp%2Fv2%2Fmedia&parent=19333"}],"wp:term":[{"taxonomy":"category","embeddable":true,"href":"https:\/\/esreviral.com\/index.php?rest_route=%2Fwp%2Fv2%2Fcategories&post=19333"},{"taxonomy":"post_tag","embeddable":true,"href":"https:\/\/esreviral.com\/index.php?rest_route=%2Fwp%2Fv2%2Ftags&post=19333"}],"curies":[{"name":"wp","href":"https:\/\/api.w.org\/{rel}","templated":true}]}}