{"id":19329,"date":"2022-06-13T10:33:27","date_gmt":"2022-06-13T13:33:27","guid":{"rendered":"https:\/\/esreviral.com\/?p=19329"},"modified":"2022-06-13T10:33:27","modified_gmt":"2022-06-13T13:33:27","slug":"hallaron-el-cadaver-de-un-adolescente-en-laguna-del-parque-simon-bolivar","status":"publish","type":"post","link":"https:\/\/esreviral.com\/?p=19329","title":{"rendered":"Hallaron el cad\u00e1ver de un adolescente en laguna del Parque Sim\u00f3n Bol\u00edvar"},"content":{"rendered":"\n<p class=\"has-drop-cap\">Este domingo 12 de junio extrajeron el cad\u00e1ver de un adolescente de 13 a\u00f1os de edad en la laguna del Parque Sim\u00f3n Bol\u00edvar, en La Carlota.<\/p>\n\n\n\n<p>La informaci\u00f3n la public\u00f3 el rescatista\u00a0Delmiro De Barrio\u00a0en su cuenta en Twitter. Adem\u00e1s, comparti\u00f3 algunas im\u00e1genes en las que se vio a funcionarios realizando algunas labores para la recuperaci\u00f3n del cuerpo.<\/p>\n\n\n\n<p>\u00abDesaparecido por inmersi\u00f3n en el lago del Parque Sim\u00f3n Bol\u00edvar de La Carlota.&nbsp;<strong>Reportan inicio de operaciones de rescate de dos menores, donde se tiene conocimiento que uno de ellos logr\u00f3 ser sacado de la laguna y el otro se presume que permanece sumergido\u00bb.&nbsp;<\/strong>As\u00ed lo indic\u00f3 en uno de los primeros mensajes que escribi\u00f3.<\/p>\n\n\n\n<p><strong><span style=\"background-color:#a30004\" class=\"td_text_highlight_marker\">Adolescente muri\u00f3 en laguna del Parque Sim\u00f3n Bol\u00edvar, en La Carlota<\/span><\/strong><\/p>\n\n\n\n<p>Luego de esto, indic\u00f3:&nbsp;<strong>\u00abEfectivos de los Bomberos de Distrito Capital realizaron la recuperaci\u00f3n del cad\u00e1ver del ni\u00f1o D. A. de 13 a\u00f1os, quien estaba desaparecido en el lago del Parque Sim\u00f3n Bol\u00edvar La Carlota\u00bb.&nbsp;<\/strong><\/p>\n\n\n\n<p>De Barrio dijo que al lugar tambi\u00e9n acudieron funcionarios de\u00a0Protecci\u00f3n Civil Nacional,\u00a0Protecci\u00f3n Civil Miranda, Bomberos del Distrito Capital, Polic\u00eda de Miranda, Param\u00e9dicos V\u00edas R\u00e1pidas.<\/p>\n\n\n\n<p>Por los momentos, no hay informaci\u00f3n sobre c\u00f3mo los menores cayeron a la laguna del lugar.<\/p>\n\n\n\n<figure class=\"wp-block-embed is-type-rich is-provider-twitter wp-block-embed-twitter\"><div class=\"wp-block-embed__wrapper\">\nhttps:\/\/twitter.com\/DelmiroDeBarrio\/status\/1536069773242552320?ref_src=twsrc%5Etfw%7Ctwcamp%5Etweetembed%7Ctwterm%5E1536069773242552320%7Ctwgr%5E%7Ctwcon%5Es1_c10&#038;ref_url=https%3A%2F%2Fwww.elnacional.com%2Fvenezuela%2Fhallaron-el-cadaver-de-un-adolescente-en-laguna-del-parque-simon-bolivar%2F\n<\/div><\/figure>\n\n\n\n<p class=\"has-text-align-right\"><strong><em>ElNacional.-<\/em><\/strong><\/p>\n","protected":false},"excerpt":{"rendered":"<p>La informaci\u00f3n la public\u00f3 el rescatista Delmiro De Barrio en su cuenta en Twitter. Adem\u00e1s, comparti\u00f3 algunas im\u00e1genes en las que se vio a funcionarios realizando algunas labores para la recuperaci\u00f3n del cuerpo<\/p>\n","protected":false},"author":2,"featured_media":19330,"comment_status":"open","ping_status":"open","sticky":false,"template":"","format":"standard","meta":{"jnews-multi-image_gallery":[],"jnews_single_post":[],"jnews_primary_category":[],"jnews_social_meta":[],"jnews_review":[],"enable_review":"","type":"","name":"","summary":"","brand":"","sku":"","good":[],"bad":[],"score_override":"","override_value":"","rating":[],"price":[],"jnews_override_counter":[],"jnews_post_split":[],"footnotes":""},"categories":[64,66],"tags":[2617,45,2618,65,56],"class_list":["post-19329","post","type-post","status-publish","format-standard","has-post-thumbnail","hentry","category-sucesos","category-venezuela","tag-cadaver","tag-noticias","tag-parque-simon-bolivar","tag-sucesos","tag-venezuela"],"amp_enabled":true,"_links":{"self":[{"href":"https:\/\/esreviral.com\/index.php?rest_route=\/wp\/v2\/posts\/19329"}],"collection":[{"href":"https:\/\/esreviral.com\/index.php?rest_route=\/wp\/v2\/posts"}],"about":[{"href":"https:\/\/esreviral.com\/index.php?rest_route=\/wp\/v2\/types\/post"}],"author":[{"embeddable":true,"href":"https:\/\/esreviral.com\/index.php?rest_route=\/wp\/v2\/users\/2"}],"replies":[{"embeddable":true,"href":"https:\/\/esreviral.com\/index.php?rest_route=%2Fwp%2Fv2%2Fcomments&post=19329"}],"version-history":[{"count":0,"href":"https:\/\/esreviral.com\/index.php?rest_route=\/wp\/v2\/posts\/19329\/revisions"}],"wp:featuredmedia":[{"embeddable":true,"href":"https:\/\/esreviral.com\/index.php?rest_route=\/"}],"wp:attachment":[{"href":"https:\/\/esreviral.com\/index.php?rest_route=%2Fwp%2Fv2%2Fmedia&parent=19329"}],"wp:term":[{"taxonomy":"category","embeddable":true,"href":"https:\/\/esreviral.com\/index.php?rest_route=%2Fwp%2Fv2%2Fcategories&post=19329"},{"taxonomy":"post_tag","embeddable":true,"href":"https:\/\/esreviral.com\/index.php?rest_route=%2Fwp%2Fv2%2Ftags&post=19329"}],"curies":[{"name":"wp","href":"https:\/\/api.w.org\/{rel}","templated":true}]}}