{"id":19327,"date":"2022-06-13T10:43:10","date_gmt":"2022-06-13T13:43:10","guid":{"rendered":"https:\/\/esreviral.com\/?p=19327"},"modified":"2022-06-13T10:43:10","modified_gmt":"2022-06-13T13:43:10","slug":"video-derrumbes-desborde-de-quebradas-y-apagones-por-lluvias-se-registraron-en-lara","status":"publish","type":"post","link":"https:\/\/esreviral.com\/?p=19327","title":{"rendered":"+ VIDEO: Derrumbes, desborde de quebradas y apagones por lluvias se registraron en Lara"},"content":{"rendered":"\n<p class=\"has-drop-cap\">Luis Mujica, jefe de Protecci\u00f3n Civil y administraci\u00f3n de desastres en la entidad, se\u00f1al\u00f3 que las fuertes lluvias producto de la\u00a0onda tropical n\u00famero siete\u00a0que atraviesa al pa\u00eds, han ocasionado estragos en algunas zonas del estado Lara.<\/p>\n\n\n\n<p>En los municipios Iribarren y Palavecino se desplegaron diversos organismos de gesti\u00f3n de riesgo y seguridad ciudadana, seg\u00fan rese\u00f1\u00f3 el diario La Prensa.<\/p>\n\n\n\n<p>Mujica report\u00f3 adem\u00e1s que en las parroquias Catedral, Concepci\u00f3n, Cuj\u00ed y Uni\u00f3n se registraron viviendas afectadas por inundaciones. Por lo que inst\u00f3 a la comunidad a permanecer en constante alerta ante cualquier situaci\u00f3n de riesgo.<\/p>\n\n\n\n<p>Record\u00f3 que est\u00e1n a disposici\u00f3n las l\u00edneas telef\u00f3nicas 0251-254-48-89 o 0251-254-39-65 para reportar incidencias. Tambi\u00e9n se podr\u00e1n contactar a trav\u00e9s del VEN 911.<\/p>\n\n\n\n<p>Por otro lado, en las cercan\u00edas de la urbanizaci\u00f3n El Trigal en Palavecino se registr\u00f3 la ca\u00edda de una torre de transmisi\u00f3n de alta tensi\u00f3n, debido a las fuertes lluvias y vientos huracanados.<\/p>\n\n\n\n<p>Tras esto, se produjo un apag\u00f3n el\u00e9ctrico que afect\u00f3 a varias zonas de la localidad y algunos sectores de Barquisimeto.<\/p>\n\n\n\n<figure class=\"wp-block-embed is-type-rich is-provider-twitter wp-block-embed-twitter\"><div class=\"wp-block-embed__wrapper\">\n<blockquote class=\"twitter-tweet\" data-width=\"500\" data-dnt=\"true\"><p lang=\"es\" dir=\"ltr\"><a href=\"https:\/\/twitter.com\/hashtag\/12Jun?src=hash&amp;ref_src=twsrc%5Etfw\">#12Jun<\/a> 3:42 pm Fuertes lluvias causan ca\u00edda de torres de transmisi\u00f3n de alta tensi\u00f3n en Cabudare estado Lara, motivo del apag\u00f3n general <a href=\"https:\/\/twitter.com\/hashtag\/Lluvias?src=hash&amp;ref_src=twsrc%5Etfw\">#Lluvias<\/a> <a href=\"https:\/\/twitter.com\/hashtag\/Lara?src=hash&amp;ref_src=twsrc%5Etfw\">#Lara<\/a> v\u00eda <a href=\"https:\/\/twitter.com\/fernandodquero?ref_src=twsrc%5Etfw\">@fernandodquero<\/a> <a href=\"https:\/\/t.co\/8q2TysGCa2\">pic.twitter.com\/8q2TysGCa2<\/a><\/p>&mdash; Red-58 (@Red5818) <a href=\"https:\/\/twitter.com\/Red5818\/status\/1536104588377575426?ref_src=twsrc%5Etfw\">June 12, 2022<\/a><\/blockquote><script async src=\"https:\/\/platform.twitter.com\/widgets.js\" charset=\"utf-8\"><\/script>\n<\/div><\/figure>\n\n\n\n<figure class=\"wp-block-embed is-type-rich is-provider-twitter wp-block-embed-twitter\"><div class=\"wp-block-embed__wrapper\">\n<blockquote class=\"twitter-tweet\" data-width=\"500\" data-dnt=\"true\"><p lang=\"es\" dir=\"ltr\"><a href=\"https:\/\/twitter.com\/hashtag\/Lara?src=hash&amp;ref_src=twsrc%5Etfw\">#Lara<\/a> Reportan fuertes precipitaciones que han colapsado las principales calles del pueblo de Santa Rosa <a href=\"https:\/\/twitter.com\/hashtag\/Venezuela?src=hash&amp;ref_src=twsrc%5Etfw\">#Venezuela<\/a> <a href=\"https:\/\/t.co\/k4IzTHakjT\">pic.twitter.com\/k4IzTHakjT<\/a><\/p>&mdash; ES RE VIRAL (@esreviral) <a href=\"https:\/\/twitter.com\/esreviral\/status\/1536304954402537473?ref_src=twsrc%5Etfw\">June 13, 2022<\/a><\/blockquote><script async src=\"https:\/\/platform.twitter.com\/widgets.js\" charset=\"utf-8\"><\/script>\n<\/div><\/figure>\n\n\n\n<p><\/p>\n\n\n\n<p class=\"has-text-align-right\"><strong><em>ElNacional.-<\/em><\/strong><\/p>\n","protected":false},"excerpt":{"rendered":"<p>Luis Mujica, director de Protecci\u00f3n Civil Lara, inform\u00f3 en la noche del martes 26 de abril, que hubo inundaciones en los municipios Iribarren y Jim\u00e9nez, con m\u00e1s de 50 viviendas afectadas. En las redes sociales, tambi\u00e9n se observaron crecidas de quebradas en el municipio Mor\u00e1n e inundaciones en Torres, as\u00ed como derrumbes en las carreteras<\/p>\n","protected":false},"author":2,"featured_media":0,"comment_status":"open","ping_status":"open","sticky":false,"template":"","format":"standard","meta":{"jnews-multi-image_gallery":[],"jnews_single_post":[],"jnews_primary_category":[],"jnews_social_meta":[],"jnews_review":[],"enable_review":"","type":"","name":"","summary":"","brand":"","sku":"","good":[],"bad":[],"score_override":"","override_value":"","rating":[],"price":[],"jnews_override_counter":[],"jnews_post_split":[],"footnotes":""},"categories":[66],"tags":[2614,2615,2616,473,271,45,56],"class_list":["post-19327","post","type-post","status-publish","format-standard","hentry","category-venezuela","tag-colapso","tag-derrumbes","tag-desborde-de-quebradas","tag-lara","tag-lluvias","tag-noticias","tag-venezuela"],"amp_enabled":true,"_links":{"self":[{"href":"https:\/\/esreviral.com\/index.php?rest_route=\/wp\/v2\/posts\/19327"}],"collection":[{"href":"https:\/\/esreviral.com\/index.php?rest_route=\/wp\/v2\/posts"}],"about":[{"href":"https:\/\/esreviral.com\/index.php?rest_route=\/wp\/v2\/types\/post"}],"author":[{"embeddable":true,"href":"https:\/\/esreviral.com\/index.php?rest_route=\/wp\/v2\/users\/2"}],"replies":[{"embeddable":true,"href":"https:\/\/esreviral.com\/index.php?rest_route=%2Fwp%2Fv2%2Fcomments&post=19327"}],"version-history":[{"count":0,"href":"https:\/\/esreviral.com\/index.php?rest_route=\/wp\/v2\/posts\/19327\/revisions"}],"wp:attachment":[{"href":"https:\/\/esreviral.com\/index.php?rest_route=%2Fwp%2Fv2%2Fmedia&parent=19327"}],"wp:term":[{"taxonomy":"category","embeddable":true,"href":"https:\/\/esreviral.com\/index.php?rest_route=%2Fwp%2Fv2%2Fcategories&post=19327"},{"taxonomy":"post_tag","embeddable":true,"href":"https:\/\/esreviral.com\/index.php?rest_route=%2Fwp%2Fv2%2Ftags&post=19327"}],"curies":[{"name":"wp","href":"https:\/\/api.w.org\/{rel}","templated":true}]}}