{"id":19325,"date":"2022-06-13T10:39:57","date_gmt":"2022-06-13T13:39:57","guid":{"rendered":"https:\/\/esreviral.com\/?p=19325"},"modified":"2022-06-13T10:39:57","modified_gmt":"2022-06-13T13:39:57","slug":"torre-caida-de-alta-tension-deja-sin-servicio-electrico-parte-de-lara-y-yaracuy","status":"publish","type":"post","link":"https:\/\/esreviral.com\/?p=19325","title":{"rendered":"+Video: Torre ca\u00edda de alta tensi\u00f3n deja sin servicio el\u00e9ctrico parte de Lara y Yaracuy"},"content":{"rendered":"\n<p class=\"has-drop-cap\">Se indica que ante la crecida de una quebrada, las bases de la torre de alta tensi\u00f3n, sufrieron un socavamiento, inclinando la mencionada torre. Se indica que debido al peso de la misma y la resistencia producida por los cables, otra torre tambi\u00e9n pueda sufrir algo similar, sin embargo los equipos de Corpoelec trabajan en esta \u00e1rea.<\/p>\n\n\n\n<p>La estatal el\u00e9ctrica mantiene un campamento en la zona, a fin de realizar las labores de recuperaci\u00f3n de la torre ca\u00edda, debido a que est\u00e1 en riesgo de caerse otra por el peso del tendido el\u00e9ctrico, as\u00ed lo hizo saber el mandatario regional, quien estuvo acompa\u00f1ado por el alcalde de Palavecino y el coordinador de Corpoelec en la entidad crepuscular.<\/p>\n\n\n\n<p>De igual manera inform\u00f3 que la onda tropical que actualmente se ubica sobre el territorio occidental de Venezuela, permanecer\u00e1 por varias horas y se espera que pr\u00f3ximamente proveniente desde Guyana llegue la siguiente onda tropical, la cual atravesar\u00e1 al pa\u00eds desde oriente hasta occidente.<\/p>\n\n\n\n<p>Se conoci\u00f3 que la Torre colapsada lleva 115 mil vatios a las subestaciones del Este y El Ujano en Barquisimeto, las cuales actualmente est\u00e1n fuera de servicio, afectando a las zonas norte y este de la capital larense y parte de Cabudare. La reparaci\u00f3n de esa torre puede durar varios d\u00edas.<\/p>\n\n\n\n<figure class=\"wp-block-video\"><video controls src=\"https:\/\/esreviral.com\/wp-content\/uploads\/2022\/06\/WhatsApp-Video-2022-06-13-at-8.03.57-AM.mp4\"><\/video><\/figure>\n\n\n\n<p class=\"has-text-align-right\"><em><strong>ElInformador<\/strong><\/em><strong><em>.-<\/em><\/strong><\/p>\n","protected":false},"excerpt":{"rendered":"<p>El gobernador del estado Lara, Adolfo  Pereira, @adolfopereiragobernador confirma desplazamiento de una torre de alta tensi\u00f3n de Corpoelec ubicada en el municipio Palavecino y que tambi\u00e9n afecta a la vecina entidad de Yaracuy.<\/p>\n","protected":false},"author":2,"featured_media":19326,"comment_status":"open","ping_status":"open","sticky":false,"template":"","format":"standard","meta":{"jnews-multi-image_gallery":[],"jnews_single_post":[],"jnews_primary_category":[],"jnews_social_meta":[],"jnews_review":[],"enable_review":"","type":"","name":"","summary":"","brand":"","sku":"","good":[],"bad":[],"score_override":"","override_value":"","rating":[],"price":[],"jnews_override_counter":[],"jnews_post_split":[],"footnotes":""},"categories":[66],"tags":[473,45,2613,56,312],"class_list":["post-19325","post","type-post","status-publish","format-standard","has-post-thumbnail","hentry","category-venezuela","tag-lara","tag-noticias","tag-torre-de-alta-tension","tag-venezuela","tag-yaracuy"],"amp_enabled":true,"_links":{"self":[{"href":"https:\/\/esreviral.com\/index.php?rest_route=\/wp\/v2\/posts\/19325"}],"collection":[{"href":"https:\/\/esreviral.com\/index.php?rest_route=\/wp\/v2\/posts"}],"about":[{"href":"https:\/\/esreviral.com\/index.php?rest_route=\/wp\/v2\/types\/post"}],"author":[{"embeddable":true,"href":"https:\/\/esreviral.com\/index.php?rest_route=\/wp\/v2\/users\/2"}],"replies":[{"embeddable":true,"href":"https:\/\/esreviral.com\/index.php?rest_route=%2Fwp%2Fv2%2Fcomments&post=19325"}],"version-history":[{"count":0,"href":"https:\/\/esreviral.com\/index.php?rest_route=\/wp\/v2\/posts\/19325\/revisions"}],"wp:featuredmedia":[{"embeddable":true,"href":"https:\/\/esreviral.com\/index.php?rest_route=\/"}],"wp:attachment":[{"href":"https:\/\/esreviral.com\/index.php?rest_route=%2Fwp%2Fv2%2Fmedia&parent=19325"}],"wp:term":[{"taxonomy":"category","embeddable":true,"href":"https:\/\/esreviral.com\/index.php?rest_route=%2Fwp%2Fv2%2Fcategories&post=19325"},{"taxonomy":"post_tag","embeddable":true,"href":"https:\/\/esreviral.com\/index.php?rest_route=%2Fwp%2Fv2%2Ftags&post=19325"}],"curies":[{"name":"wp","href":"https:\/\/api.w.org\/{rel}","templated":true}]}}