{"id":19307,"date":"2022-06-10T13:27:39","date_gmt":"2022-06-10T16:27:39","guid":{"rendered":"https:\/\/esreviral.com\/?p=19307"},"modified":"2022-06-10T13:27:39","modified_gmt":"2022-06-10T16:27:39","slug":"legisladores-del-kirchnerismo-se-oponen-a-la-exclusion-del-lenguaje-inclusivo","status":"publish","type":"post","link":"https:\/\/esreviral.com\/?p=19307","title":{"rendered":"legisladores del kirchnerismo se oponen a la exclusi\u00f3n del lenguaje inclusivo"},"content":{"rendered":"\n<p class=\"has-drop-cap\">Esta pol\u00e9mica resoluci\u00f3n establece que las y los docentes tienen que desarrollar las actividades de ense\u00f1anza y realizar las comunicaciones institucionales \u201cen conformidad con las reglas del idioma espa\u00f1ol\u201d, argumentando que esto servir\u00eda para \u201cno forzar las estructuras ling\u00fc\u00edsticas del espa\u00f1ol para que se convierta en el espejo de una ideolog\u00eda\u201d, evitando que \u201clos\/as docentes puedan imponer sus preferencias ling\u00fc\u00edsticas\u201d. El GCBA est\u00e1 siendo pionero en la avanzada contra los progresismos; ninguna jurisdicci\u00f3n del pa\u00eds hasta el momento prohibi\u00f3 el uso del lenguaje inclusivo.<\/p>\n\n\n\n<p>\u201cEs una provocaci\u00f3n de la ministra que nos deja en claro el desprecio que tiene por les docentes; el no haber aplicado durante tantos a\u00f1os con presupuesto y programa especifico la Educaci\u00f3n Sexual Integral en las escuelas de la Ciudad de Buenos Aires y su falta de compromiso con garantizar espacios de trabajo para el abordaje de una escuela inclusiva y un lenguaje inclusivo con los actores de la comunidad educativa\u201d, asegur\u00f3 Velasco, quien tambi\u00e9n es educadora, maestra y profesora en letras, y especialista en ESI.<\/p>\n\n\n\n<p>\u201cAcu\u00f1a acostumbra imponer en lugar de generar espacios de participaci\u00f3n y de debate donde se problematicen, por ejemplo, las pr\u00e1cticas del lenguaje, que siempre son cambiantes. Lo que no se nombra no existe; es violencia simb\u00f3lica negar nombrar, es decir, existir, a infancias y adolescencias trans y no binaries. Estamos en una sociedad cada vez m\u00e1s plural, donde esta diversidad nos define y nos nutre y nos genera nuevos aprendizajes. Por eso esto va a generar much\u00edsima resistencia y malestar en la comunidad educativa, en particular en los y las adolescentes\u201d, agreg\u00f3.<\/p>\n\n\n\n<p>\u201cLamentablemente esto es muy ajeno a la mirada progresista que se construye en la Ciudad desde hace muchos a\u00f1os. Esta reglamentaci\u00f3n no tiene ning\u00fan fundamento cient\u00edfico y la misma ministra lo admite. No es casual que esta resoluci\u00f3n salga en v\u00edsperas de una jornada ESI\u201d, advirti\u00f3 la legisladora.<\/p>\n\n\n\n<p>\u201cSi existen problemas de aprendizaje tienen que ver con la falta de presupuesto y de decisi\u00f3n pol\u00edtica para generar una educaci\u00f3n de calidad para todos, todas y todes. En este momento ser\u00eda m\u00e1s importante que la Ministra pueda preocuparse por el recorte de presupuesto de su cartera de m\u00e1s de 12 puntos, de entregar computadoras con el Plan Sarmiento que discontinu\u00f3 en la pandemia dificultando las clases virtuales, de la falta de gas en las escuelas con d\u00edas de bajas temperaturas, de la comida en mal estado de los comedores escolares y de la recurrente falta de vacantes que niega el derecho a la educaci\u00f3n a miles de estudiant en la Ciudad m\u00e1s rica del pa\u00eds\u201d, finaliz\u00f3.<\/p>\n","protected":false},"excerpt":{"rendered":"<p>La legisladora e integrante de las comisiones de Educaci\u00f3n y Mujeres, G\u00e9neros y Diversidades, Laura Velasco, le respondi\u00f3 a la ministra Soledad Acu\u00f1a, qui\u00e9n decidi\u00f3 prohibir el uso del lenguaje inclusivo en todos los niveles de las escuelas porte\u00f1as: \u201cEn una nueva expresi\u00f3n de autoritarismo contra la comunidad educativa por parte de una ministra que piensa m\u00e1s en c\u00f3mo llamar la atenci\u00f3n para proyectarse electoralmente, para competir con la derecha m\u00e1s rancia y reaccionaria que cuestiona la ESI y la perspectiva de g\u00e9nero\u201d.<\/p>\n","protected":false},"author":2,"featured_media":19308,"comment_status":"open","ping_status":"open","sticky":false,"template":"","format":"standard","meta":{"jnews-multi-image_gallery":[],"jnews_single_post":[],"jnews_primary_category":[],"jnews_social_meta":[],"jnews_review":[],"enable_review":"","type":"","name":"","summary":"","brand":"","sku":"","good":[],"bad":[],"score_override":"","override_value":"","rating":[],"price":[],"jnews_override_counter":[],"jnews_post_split":[],"footnotes":""},"categories":[58,59],"tags":[44,1521,2609,2590,45],"class_list":["post-19307","post","type-post","status-publish","format-standard","has-post-thumbnail","hentry","category-argentina","category-politica","tag-argentina","tag-kirchnerismo","tag-legisladores","tag-lenguaje-inclusivo","tag-noticias"],"amp_enabled":true,"_links":{"self":[{"href":"https:\/\/esreviral.com\/index.php?rest_route=\/wp\/v2\/posts\/19307"}],"collection":[{"href":"https:\/\/esreviral.com\/index.php?rest_route=\/wp\/v2\/posts"}],"about":[{"href":"https:\/\/esreviral.com\/index.php?rest_route=\/wp\/v2\/types\/post"}],"author":[{"embeddable":true,"href":"https:\/\/esreviral.com\/index.php?rest_route=\/wp\/v2\/users\/2"}],"replies":[{"embeddable":true,"href":"https:\/\/esreviral.com\/index.php?rest_route=%2Fwp%2Fv2%2Fcomments&post=19307"}],"version-history":[{"count":0,"href":"https:\/\/esreviral.com\/index.php?rest_route=\/wp\/v2\/posts\/19307\/revisions"}],"wp:featuredmedia":[{"embeddable":true,"href":"https:\/\/esreviral.com\/index.php?rest_route=\/"}],"wp:attachment":[{"href":"https:\/\/esreviral.com\/index.php?rest_route=%2Fwp%2Fv2%2Fmedia&parent=19307"}],"wp:term":[{"taxonomy":"category","embeddable":true,"href":"https:\/\/esreviral.com\/index.php?rest_route=%2Fwp%2Fv2%2Fcategories&post=19307"},{"taxonomy":"post_tag","embeddable":true,"href":"https:\/\/esreviral.com\/index.php?rest_route=%2Fwp%2Fv2%2Ftags&post=19307"}],"curies":[{"name":"wp","href":"https:\/\/api.w.org\/{rel}","templated":true}]}}