{"id":19257,"date":"2022-06-10T08:59:03","date_gmt":"2022-06-10T11:59:03","guid":{"rendered":"https:\/\/esreviral.com\/?p=19257"},"modified":"2022-06-10T08:59:03","modified_gmt":"2022-06-10T11:59:03","slug":"chile-atraviesa-su-peor-crisis-de-seguridad-en-30-anos","status":"publish","type":"post","link":"https:\/\/esreviral.com\/?p=19257","title":{"rendered":"Chi\u00adle atraviesa su peor cri\u00adsis de se\u00adgu\u00adri\u00addad en 30 a\u00f1os"},"content":{"rendered":"\n<p class=\"has-drop-cap\">La violencia viene en aumento desde hace una d\u00e9cada, y aunque sus \u00edndices siguen por detr\u00e1s de otros pa\u00edses latinoamericanos, en los \u00faltimos dos a\u00f1os la inseguridad pas\u00f3 a ser la principal preocupaci\u00f3n de los chilenos, que han empezado a cambiar sus rutinas para evitar ser v\u00edctimas del creciente n\u00famero de delitos violentos.<\/p>\n\n\n\n<p>\u201cPodemos pensar que Chile est\u00e1 siendo un pa\u00eds donde el delito est\u00e1 generandounmayorda\u00f1odeloque hac\u00eda anteriormente. Las familias hoy d\u00eda perciben que tienen un alto riesgo de ser v\u00edctimas de un delito\u201d, dijo Daniel Johnson, director de la fundaci\u00f3n Paz Ciudadana.<\/p>\n\n\n\n<p>En los \u00faltimos seis a\u00f1os, la tasa de homicidio aument\u00f3 el 70%, mientras que la percepci\u00f3n de da\u00f1o provocado por el robo con violencia subi\u00f3 el 37% en una d\u00e9cada.<\/p>\n\n\n\n<p>Entre los delitos con mayor connotaci\u00f3n social est\u00e1n los llamados \u201cportonazos\u201d, asaltos en los ingresos a casas o condominios, y las \u201cencerronas\u201d, como llaman a los robos del auto en plena v\u00eda p\u00fablica mediante intercepciones de delincuentes armados.<\/p>\n\n\n\n<p>El \u00faltimo estudio de la encuestadora Ipsos indic\u00f3 que para el 52% de los chilenos la principal preocupaci\u00f3n es la delincuencia, adem\u00e1s de la presencia de mafias organizadas y el narcotr\u00e1fico. Seg\u00fan la polic\u00eda, las incautaciones de droga aumentaron 150% en 2021.<\/p>\n\n\n\n<p>En este escenario,el sub secretario de Prevenci\u00f3n del Delito, Eduardo Vergara, lanz\u00f3 una frase que levant\u00f3 alarma: \u201cChile est\u00e1 viviendo el peor momento en inseguridad desde el retorno a la democracia\u201d, en 1990.<\/p>\n\n\n\n<p class=\"has-text-align-right\"><br><strong><em>Agencia de noticias.-<\/em><\/strong><\/p>\n","protected":false},"excerpt":{"rendered":"<p>Sicariato, bandas de crimen organizado, \u201cportonazos\u201d o \u201cencerronas\u201d y un fuerte incremento de los homicidios: Chile enfrenta la peor crisis de seguridad en tres d\u00e9cadas, un escenario desconocido en el pa\u00eds, donde crece el temor en la poblaci\u00f3n.<\/p>\n","protected":false},"author":2,"featured_media":19258,"comment_status":"open","ping_status":"open","sticky":false,"template":"","format":"standard","meta":{"jnews-multi-image_gallery":[],"jnews_single_post":[],"jnews_primary_category":[],"jnews_social_meta":[],"jnews_review":[],"enable_review":"","type":"","name":"","summary":"","brand":"","sku":"","good":[],"bad":[],"score_override":"","override_value":"","rating":[],"price":[],"jnews_override_counter":[],"jnews_post_split":[],"footnotes":""},"categories":[88],"tags":[386,2593,2594,940,45],"class_list":["post-19257","post","type-post","status-publish","format-standard","has-post-thumbnail","hentry","category-internacionales","tag-chile","tag-crisis-de-seguridad","tag-delitos","tag-inseguridad","tag-noticias"],"amp_enabled":true,"_links":{"self":[{"href":"https:\/\/esreviral.com\/index.php?rest_route=\/wp\/v2\/posts\/19257"}],"collection":[{"href":"https:\/\/esreviral.com\/index.php?rest_route=\/wp\/v2\/posts"}],"about":[{"href":"https:\/\/esreviral.com\/index.php?rest_route=\/wp\/v2\/types\/post"}],"author":[{"embeddable":true,"href":"https:\/\/esreviral.com\/index.php?rest_route=\/wp\/v2\/users\/2"}],"replies":[{"embeddable":true,"href":"https:\/\/esreviral.com\/index.php?rest_route=%2Fwp%2Fv2%2Fcomments&post=19257"}],"version-history":[{"count":0,"href":"https:\/\/esreviral.com\/index.php?rest_route=\/wp\/v2\/posts\/19257\/revisions"}],"wp:featuredmedia":[{"embeddable":true,"href":"https:\/\/esreviral.com\/index.php?rest_route=\/"}],"wp:attachment":[{"href":"https:\/\/esreviral.com\/index.php?rest_route=%2Fwp%2Fv2%2Fmedia&parent=19257"}],"wp:term":[{"taxonomy":"category","embeddable":true,"href":"https:\/\/esreviral.com\/index.php?rest_route=%2Fwp%2Fv2%2Fcategories&post=19257"},{"taxonomy":"post_tag","embeddable":true,"href":"https:\/\/esreviral.com\/index.php?rest_route=%2Fwp%2Fv2%2Ftags&post=19257"}],"curies":[{"name":"wp","href":"https:\/\/api.w.org\/{rel}","templated":true}]}}