{"id":19254,"date":"2022-06-10T08:54:39","date_gmt":"2022-06-10T11:54:39","guid":{"rendered":"https:\/\/esreviral.com\/?p=19254"},"modified":"2022-06-10T08:54:39","modified_gmt":"2022-06-10T11:54:39","slug":"julian-alvarez-aplaude-la-posible-llegada-de-luis-suarez-al-river","status":"publish","type":"post","link":"https:\/\/esreviral.com\/?p=19254","title":{"rendered":"Juli\u00e1n \u00c1lvarez aplaude la posible llegada de Luis Su\u00e1rez al River"},"content":{"rendered":"\n<p class=\"has-drop-cap\"><strong>Juli\u00e1n \u00c1lvarez<\/strong>\u00a0disfruta de sus \u00faltimos d\u00edas en\u00a0<strong>River<\/strong>\u00a0y este jueves en el Camp de Ezeiza recibi\u00f3\u00a0<strong>el premio del prestigioso diario El Pa\u00eds de Uruguay al mejor jugador de Sudam\u00e9rica en 2021<\/strong>.<\/p>\n\n\n\n<p> Luego de la entrega del ya tradicional trofeo, el goleador del equipo de\u00a0<strong>Marcelo Gallardo<\/strong>\u00a0se mostr\u00f3 ilusionado con la posibilidad de que<strong>\u00a0Luis Su\u00e1rez<\/strong>\u00a0llegue al club para reemplazarlo, ya que el Ara\u00f1a partir\u00e1 al Manchester City luego de la serie de octavos de la Copa Libertadores.<strong>\u00a0<\/strong><\/p>\n\n\n\n<p><strong>\u00abTodos sabemos la calidad de jugador que es Lucho Su\u00e1rez, los equipos en los que jug\u00f3, la cantidad de goles que ha hecho tanto en los clubes de Europa como en la selecci\u00f3n, as\u00ed que para River obviamente ser\u00eda un gran refuerzo\u00bb,\u00a0<\/strong>dijo el 9.<\/p>\n\n\n\n<figure class=\"wp-block-embed is-type-video is-provider-youtube wp-block-embed-youtube wp-embed-aspect-16-9 wp-has-aspect-ratio\"><div class=\"wp-block-embed__wrapper\">\n<div class=\"jeg_video_container jeg_video_content\"><iframe title=\"Juli\u00e1n \u00c1lvarez recibi\u00f3 el premio al Rey de Am\u00e9rica y habl\u00f3 de Messi, Luis Su\u00e1rez y Manchester City\" width=\"500\" height=\"281\" src=\"https:\/\/www.youtube.com\/embed\/04XIhxRjleI?feature=oembed\" frameborder=\"0\" allow=\"accelerometer; autoplay; clipboard-write; encrypted-media; gyroscope; picture-in-picture; web-share\" referrerpolicy=\"strict-origin-when-cross-origin\" allowfullscreen><\/iframe><\/div>\n<\/div><\/figure>\n\n\n\n<p><mark>El delantero de 22 a\u00f1os<\/mark>\u00a0cont\u00f3 que se enter\u00f3 del reconocimiento del medio de Montevideo como El Rey de Am\u00e9rica justo cuando \u00abestaba volviendo de vacaciones y apenas aterric\u00e9 me empezaron a llegar los mensajes: fue una alegr\u00eda inmensa\u00bb. Y\u00a0<mark>destac\u00f3 como el momento m\u00e1s determinante de 2021 para \u00e9l fue \u00aba mitad de a\u00f1o, cuando hubo varios casos de Covid ac\u00e1 en River y nos toc\u00f3 jugar un partido en cancha de Boca y otro por Libertadores, decisivo para clasificar a octavos. Me toc\u00f3 jugar porque fui uno de los pocos que no se agarr\u00f3 Covid y creo que lo hice de gran forma\u00bb<\/mark>. Y claro, porque ah\u00ed se produjo su gran explosi\u00f3n que a la postre lo convirti\u00f3 en el goleador del River campe\u00f3n de la Copa de la Liga y el Trofeo de Campeones.<\/p>\n\n\n\n<p><img decoding=\"async\" src=\"https:\/\/images.ole.com.ar\/2022\/06\/09\/ctgNvWTOG_720x0__1.jpg\" alt=\"Juli\u00e1n \u00c1lvarez se coron\u00f3 como el mejor futbolista del continente en 2021 en la encuesta Am\u00e9rica le responde a El Pa\u00eds y recibi\u00f3 las distinciones.\"><\/p>\n\n\n\n<p>Juli\u00e1n \u00c1lvarez se coron\u00f3 como el mejor futbolista del continente en 2021 en la encuesta Am\u00e9rica le responde a El Pa\u00eds y recibi\u00f3 las distinciones.<\/p>\n\n\n\n<p><strong>Juli\u00e1n tambi\u00e9n expres\u00f3 su ilusi\u00f3n de ser campe\u00f3n del mundo en Qatar 2022<\/strong>, aunque se enfoc\u00f3 principalmente en que el l\u00edder y capit\u00e1n de la Selecci\u00f3n se lo merece m\u00e1s que nadie:\u00a0<mark><strong>\u00abSer\u00eda\u00a0muy lindo que se pueda conseguir, por todos los argentinos y, obviamente,\u00a0porque creo que el f\u00fatbol se lo debe a Messi por todo lo que significa a nivel mundial\u00bb<\/strong><\/mark>.<\/p>\n\n\n\n<p><strong><span style=\"background-color:#a30004\" class=\"td_text_highlight_marker\">La charla de Juli\u00e1n con Guardiola<\/span><\/strong><\/p>\n\n\n\n<p><mark>\u00abTuve la posibilidad de hablar con Guardiola s\u00f3lo en febrero, cuando se realiz\u00f3 la firma del contrato. Fue una breve charla en la que me daba la bienvenida y me felicitaba por todo lo que estaba logrando\u00bb, cont\u00f3 JA9.<\/mark>&nbsp;Ahora, el cordob\u00e9s&nbsp;\u00c1lvarez jugar\u00e1 en River hasta la revancha de los octavos de la Libertadores contra V\u00e9lez, el 6 de julio, antes de sumarse al City de Pep.<\/p>\n\n\n\n<p><strong><span style=\"background-color:#a30004\" class=\"td_text_highlight_marker\">Tras el r\u00e9cord de goles de Borr\u00e9 en el ciclo Gallardo<\/span><\/strong><\/p>\n\n\n\n<p>Juli\u00e1n tiene por delante siete partidos para convertirse en el m\u00e1ximo goleador del ciclo Gallardo, que le pertenece al colombiano Rafael Borr\u00e9, con 55 gritos. \u00abEstoy ah\u00ed cerca, a cuatro goles, y quedan varios partidos. Siempre trato de dar lo mejor adentro de la cancha. de jugar bien, ayudar a mis compa\u00f1eros&#8230;\u00a0Y\u00a0obviamente si llegan los goles, bienvenidos, ja\u00bb.\u00a0<\/p>\n\n\n\n<p class=\"has-text-align-right\"><strong><em>ole.com.ar.-<\/em><\/strong><\/p>\n","protected":false},"excerpt":{"rendered":"<p>Al recibir el premio de El Pa\u00eds, \u00c1lvarez elogi\u00f3 al Pistolero, cont\u00f3 su charla con Guardiola y dijo que el f\u00fatbol le debe un Mundial a Messi.<\/p>\n","protected":false},"author":2,"featured_media":19255,"comment_status":"open","ping_status":"open","sticky":false,"template":"","format":"standard","meta":{"jnews-multi-image_gallery":[],"jnews_single_post":[],"jnews_primary_category":[],"jnews_social_meta":[],"jnews_review":[],"enable_review":"","type":"","name":"","summary":"","brand":"","sku":"","good":[],"bad":[],"score_override":"","override_value":"","rating":[],"price":[],"jnews_override_counter":[],"jnews_post_split":[],"footnotes":""},"categories":[48],"tags":[44,49,2592,1192,45,2527,492],"class_list":["post-19254","post","type-post","status-publish","format-standard","has-post-thumbnail","hentry","category-deportes","tag-argentina","tag-deportes","tag-julian-alvarez","tag-luis-suarez-2","tag-noticias","tag-river","tag-river-plate"],"amp_enabled":true,"_links":{"self":[{"href":"https:\/\/esreviral.com\/index.php?rest_route=\/wp\/v2\/posts\/19254"}],"collection":[{"href":"https:\/\/esreviral.com\/index.php?rest_route=\/wp\/v2\/posts"}],"about":[{"href":"https:\/\/esreviral.com\/index.php?rest_route=\/wp\/v2\/types\/post"}],"author":[{"embeddable":true,"href":"https:\/\/esreviral.com\/index.php?rest_route=\/wp\/v2\/users\/2"}],"replies":[{"embeddable":true,"href":"https:\/\/esreviral.com\/index.php?rest_route=%2Fwp%2Fv2%2Fcomments&post=19254"}],"version-history":[{"count":0,"href":"https:\/\/esreviral.com\/index.php?rest_route=\/wp\/v2\/posts\/19254\/revisions"}],"wp:featuredmedia":[{"embeddable":true,"href":"https:\/\/esreviral.com\/index.php?rest_route=\/"}],"wp:attachment":[{"href":"https:\/\/esreviral.com\/index.php?rest_route=%2Fwp%2Fv2%2Fmedia&parent=19254"}],"wp:term":[{"taxonomy":"category","embeddable":true,"href":"https:\/\/esreviral.com\/index.php?rest_route=%2Fwp%2Fv2%2Fcategories&post=19254"},{"taxonomy":"post_tag","embeddable":true,"href":"https:\/\/esreviral.com\/index.php?rest_route=%2Fwp%2Fv2%2Ftags&post=19254"}],"curies":[{"name":"wp","href":"https:\/\/api.w.org\/{rel}","templated":true}]}}