{"id":19249,"date":"2022-06-10T08:43:06","date_gmt":"2022-06-10T11:43:06","guid":{"rendered":"https:\/\/esreviral.com\/?p=19249"},"modified":"2022-06-10T08:43:06","modified_gmt":"2022-06-10T11:43:06","slug":"asi-fue-la-visita-no-oficial-de-la-reina-maxima-a-argentina","status":"publish","type":"post","link":"https:\/\/esreviral.com\/?p=19249","title":{"rendered":"As\u00ed fue la visita no oficial de la Reina M\u00e1xima a Argentina"},"content":{"rendered":"\n<p class=\"has-drop-cap\"><strong>M\u00e1xima<\/strong>&nbsp;(51) aterriz\u00f3 otra vez en Buenos Aires. Se trat\u00f3 de una visita fugaz y privada (fuera de su agenda como reina consorte), por lo que estuvo rodeada de mucho hermetismo y de un fuerte operativo de seguridad, como es habitual.<\/p>\n\n\n\n<p> En este viaje, solamente la acompa\u00f1\u00f3&nbsp;<strong>Ariane<\/strong>, la menor de sus tres princesas. \u201cVino por unos pocos d\u00edas.<\/p>\n\n\n\n<p>Se trata de un reencuentro familiar: desde antes de la pandemia, adem\u00e1s, no se reun\u00eda con sus amigas, dijeron a \u00a1HOLA! Argentina fuentes cercanas a M\u00e1xima. La visita coincidi\u00f3 con el aniversario de la muerte de su hermana In\u00e9s.<\/p>\n\n\n\n<p>El 6 de junio de 2018, la psic\u00f3loga de 33 a\u00f1os se quit\u00f3 la vida en el departamento en el que viv\u00eda en la zona de Caballito. M\u00e1xima se reencontr\u00f3 con su madre,&nbsp;<strong>Mar\u00eda del Carmen Cerruti<\/strong>&nbsp;(le dicen Mar\u00eda Pame), y con su hermano Mart\u00edn, que vol\u00f3 especialmente desde Villa La Angostura, donde vive desde hace m\u00e1s de veinte a\u00f1os. <\/p>\n\n\n\n<p>Tuvo tiempo para recorrer galer\u00edas de arte y, para juntarse con sus amigas del Northlands, su c\u00edrculo rojo. Con ellas, almorz\u00f3 el viernes en el Tenis Club Argentino y, luego, fueron a El Talar de Pacheco, un barrio privado en Zona Norte.<\/p>\n\n\n\n<figure class=\"wp-block-image size-large\"><img decoding=\"async\" src=\"https:\/\/resizer.glanacion.com\/resizer\/koxE2lwbUomt2r8Kr6j_-2PcDGY=\/879x0\/filters:format(webp):quality(80)\/cloudfront-us-east-1.images.arcpublishing.com\/lanacionar\/3T6FPLUV2FELXJ7EIQWAF4XEYU.jpg\" alt=\"\"\/><figcaption>Lunes 6. La princesa Ariane acompa\u00f1\u00f3 a su madre a despedirse de Mar\u00eda Pame.foto: Grosby \/ RS<\/figcaption><\/figure>\n\n\n\n<p>El s\u00e1bado al mediod\u00eda, la Reina sorprendi\u00f3 a quienes hab\u00edan ido al restaurante Manso, en Nordelta. Con campera de cuero, botas y tapado bord\u00f3, almorz\u00f3 en la galer\u00eda del lugar, cerca del muelle, con un grupo de dieciocho personas. Y no dud\u00f3 en sacarse fotos con los curiosos que se le acercaron. La vuelta de M\u00e1xima, su hija y la comitiva de guardaespaldas reales (Marechaussee) hacia los Pa\u00edses Bajos se demor\u00f3 un poco m\u00e1s: el vuelo de KLM parti\u00f3 de Ezeiza rumbo a Europa reci\u00e9n el martes 7. Estaba pautado para el lunes pero fue cancelado por la espesa niebla porte\u00f1a.<\/p>\n\n\n\n<figure class=\"wp-block-image size-large\"><img decoding=\"async\" src=\"https:\/\/resizer.glanacion.com\/resizer\/sB-IeA1ZnKtbnHFkMEADqGkE96c=\/879x0\/filters:format(webp):quality(80)\/cloudfront-us-east-1.images.arcpublishing.com\/lanacionar\/ME3L7GG3YZEZJKBVM46XTRXH4Y.jpg\" alt=\"\"\/><figcaption>La madre de la Reina llegando a su departamento de la calle Austria.foto: Grosby \/ RS<\/figcaption><\/figure>\n\n\n\n<p>Amante de los deportes y con ese esp\u00edritu audaz que la caracteriza,&nbsp;<strong>M\u00e1xima de Holanda<\/strong>&nbsp;protagoniz\u00f3 una nueva haza\u00f1a: se tir\u00f3 en paraca\u00eddas. El mi\u00e9rcoles 1 de junio, durante una visita a la Escuela de Defensa de la localidad Breda, donde se imparten todos los cursos de entrenamiento de paracaidismo de las Fuerzas Armadas de los Pa\u00edses Bajos, Su Majestad acept\u00f3 encantada la invitaci\u00f3n que le hicieron , aunque reconoci\u00f3: \u201cNo tengo idea en lo que me estoy metiendo\u201d.<\/p>\n\n\n\n<figure class=\"wp-block-image size-large\"><img decoding=\"async\" src=\"https:\/\/resizer.glanacion.com\/resizer\/j3teO1cDilfkZaE-sxmB8Vtp8aU=\/879x0\/filters:format(webp):quality(80)\/cloudfront-us-east-1.images.arcpublishing.com\/lanacionar\/BMUFDN3P45CFZAU7BHV2PV4ODM.jpg\" alt=\"\"\/><figcaption>Para tirarse al vac\u00edo, M\u00e1xima se cambi\u00f3 el conjunto de blusa y pantal\u00f3n de Natan con que hab\u00eda llegado por un mono militar y zapatillas.Getty Images &#8211; Getty Images Europe<\/figcaption><\/figure>\n\n\n\n<p>Enfundada en un mono militar, que acompa\u00f1\u00f3 con anteojos y zapatillas, Su Majestad se tir\u00f3 desde cuatro mil metros de altura. Fue su salto de bautismo y lo hizo en t\u00e1ndem con un instructor llamado Mark. Ya en tierra firme, la mujer de&nbsp;<strong>Guillermo Alejandro<\/strong>&nbsp;asegur\u00f3 que la experiencia le hab\u00eda resultado inolvidable. \u201cEn alg\u00fan momento tuve que decirme a m\u00ed misma: \u2018Segu\u00ed respirando\u2019. Fue muy emocionante\u201d, se\u00f1al\u00f3. \u201cPor supuesto hago esto para apoyar a los hombres y mujeres de la defensa y experimentar lo que est\u00e1n atravesando\u201d, concluy\u00f3. Y una vez m\u00e1s, sorprendi\u00f3 a todos con su actitud real y cercana.<\/p>\n\n\n\n<figure class=\"wp-block-image size-large\"><img decoding=\"async\" src=\"https:\/\/resizer.glanacion.com\/resizer\/MNrjdhNlX5CVgYAPrU3Rj66upDo=\/879x0\/filters:format(webp):quality(80)\/cloudfront-us-east-1.images.arcpublishing.com\/lanacionar\/VLM6V4MIBBFONBPI5ZF7C2L2GA.jpg\" alt=\"\"\/><figcaption>El mi\u00e9rcoles 1 de junio la Reina asisti\u00f3 a la Escuela de Defensa de la localidad de Breda y se anim\u00f3 a tirarse en paraca\u00eddas en tandem con un instructor llamado Mark.Getty Images &#8211; Getty Images Europe<\/figcaption><\/figure>\n\n\n\n<figure class=\"wp-block-image size-large\"><img decoding=\"async\" src=\"https:\/\/resizer.glanacion.com\/resizer\/fbm1DvfjQ6YmPtuR_n3dsVn0aEk=\/879x0\/filters:format(webp):quality(80)\/cloudfront-us-east-1.images.arcpublishing.com\/lanacionar\/WAGWG4DANFEE7EUECMLHPXQQN4.jpg\" alt=\"\"\/><figcaption>La reina de los Pa\u00edses Bajos volvi\u00f3 a sorprendernos: hizo paracaidismo.Getty Images &#8211; Getty Images Europe<\/figcaption><\/figure>\n\n\n\n<figure class=\"wp-block-image size-large\"><img decoding=\"async\" src=\"https:\/\/resizer.glanacion.com\/resizer\/Jyzag3G10gJo6-Ylg7DZ5Lwh6pU=\/879x0\/filters:format(webp):quality(80)\/cloudfront-us-east-1.images.arcpublishing.com\/lanacionar\/4RGCGWJQVZFGZHOWRXSNNBX6ZE.jpg\" alt=\"\"\/><figcaption>Antes de realizar la actividad, la mujer del rey Guillermo de Holanda recibi\u00f3 instrucciones de paracaidismo.Getty Images &#8211; Getty Images Europe<\/figcaption><\/figure>\n\n\n\n<figure class=\"wp-block-image size-large\"><img decoding=\"async\" src=\"https:\/\/resizer.glanacion.com\/resizer\/35OTT-7CAPA7PApBfLjcrw7iJZk=\/879x0\/filters:format(webp):quality(80)\/cloudfront-us-east-1.images.arcpublishing.com\/lanacionar\/I6KNWNZNFJAQZID6QIDHIQJGUI.jpg\" alt=\"\"\/><figcaption>Minutos antes de dar inicio a su salto de bautismo. \u201cNo tengo idea en lo que me estoy metiendo\u201d, admiti\u00f3.Getty Images &#8211; Getty Images Europe<\/figcaption><\/figure>\n\n\n\n<figure class=\"wp-block-image size-large\"><img decoding=\"async\" src=\"https:\/\/resizer.glanacion.com\/resizer\/_eE505rADjBr7uQCojAePGiVlno=\/879x0\/filters:format(webp):quality(80)\/cloudfront-us-east-1.images.arcpublishing.com\/lanacionar\/QU25HDYP4JGQJHMURJUG73D2TY.jpg\" alt=\"\"\/><\/figure>\n\n\n\n<p class=\"has-text-align-right\"><em><strong>LaNacion.-<\/strong><\/em><\/p>\n","protected":false},"excerpt":{"rendered":"<p>La soberana de los Pa\u00edses Bajos viaj\u00f3 a Argentina acompa\u00f1ada por Ariane, la menor de sus princesas<\/p>\n","protected":false},"author":2,"featured_media":19272,"comment_status":"open","ping_status":"open","sticky":false,"template":"","format":"standard","meta":{"jnews-multi-image_gallery":[],"jnews_single_post":[],"jnews_primary_category":[],"jnews_social_meta":[],"jnews_review":[],"enable_review":"","type":"","name":"","summary":"","brand":"","sku":"","good":[],"bad":[],"score_override":"","override_value":"","rating":[],"price":[],"jnews_override_counter":[],"jnews_post_split":[],"footnotes":""},"categories":[58],"tags":[2587,2588,2589,45,624],"class_list":["post-19249","post","type-post","status-publish","format-standard","has-post-thumbnail","hentry","category-argentina","tag-guillermo-de-holanda","tag-lifestyle","tag-maxima-en-la-argentina","tag-noticias","tag-realeza"],"amp_enabled":true,"_links":{"self":[{"href":"https:\/\/esreviral.com\/index.php?rest_route=\/wp\/v2\/posts\/19249"}],"collection":[{"href":"https:\/\/esreviral.com\/index.php?rest_route=\/wp\/v2\/posts"}],"about":[{"href":"https:\/\/esreviral.com\/index.php?rest_route=\/wp\/v2\/types\/post"}],"author":[{"embeddable":true,"href":"https:\/\/esreviral.com\/index.php?rest_route=\/wp\/v2\/users\/2"}],"replies":[{"embeddable":true,"href":"https:\/\/esreviral.com\/index.php?rest_route=%2Fwp%2Fv2%2Fcomments&post=19249"}],"version-history":[{"count":0,"href":"https:\/\/esreviral.com\/index.php?rest_route=\/wp\/v2\/posts\/19249\/revisions"}],"wp:featuredmedia":[{"embeddable":true,"href":"https:\/\/esreviral.com\/index.php?rest_route=\/"}],"wp:attachment":[{"href":"https:\/\/esreviral.com\/index.php?rest_route=%2Fwp%2Fv2%2Fmedia&parent=19249"}],"wp:term":[{"taxonomy":"category","embeddable":true,"href":"https:\/\/esreviral.com\/index.php?rest_route=%2Fwp%2Fv2%2Fcategories&post=19249"},{"taxonomy":"post_tag","embeddable":true,"href":"https:\/\/esreviral.com\/index.php?rest_route=%2Fwp%2Fv2%2Ftags&post=19249"}],"curies":[{"name":"wp","href":"https:\/\/api.w.org\/{rel}","templated":true}]}}