{"id":1916,"date":"2020-11-20T22:37:02","date_gmt":"2020-11-20T22:37:02","guid":{"rendered":"http:\/\/esreviral.com\/?p=1916"},"modified":"2020-11-20T22:37:02","modified_gmt":"2020-11-20T22:37:02","slug":"a-pesar-del-decreto-desalojaron-a-un-venezolano-de-su-departamento-y-lo-hurtaron","status":"publish","type":"post","link":"https:\/\/esreviral.com\/?p=1916","title":{"rendered":"A pesar del decreto desalojaron a un venezolano de su departamento y lo hurtaron"},"content":{"rendered":"\n<p><strong><em>CIS.-<\/em><\/strong> Luis Arturo Brice\u00f1o, alquil\u00f3 un departamento en Bartolom\u00e9 Mitre 1444, del barrio San Nicol\u00e1s, en agosto, especialmente, porque le ofrec\u00edan seguridad las 24 horas del d\u00eda.<\/p>\n\n\n\n<p>A los 28 d\u00edas de estar en el lugar le hurtaron su iMac i7 27&#8243;, Mini iPad 5\u00aa Generaci\u00f3n, auriculares, software de dise\u00f1o con los que trabaja como dise\u00f1ador gr\u00e1fico, adem\u00e1s de unos proyectos gubernamentales, todo valorado en m\u00e1s de un mill\u00f3n 600 mil pesos. <\/p>\n\n\n\n<p>\u00abLa computadora, conten\u00eda adem\u00e1s, material de trabajo que me hab\u00eda sido encargado por terceros y que no tengo c\u00f3mo recuperar. La empresa locadora tiene acceso a los departamentos, pues cuenta con servicio de limpieza. De hecho, cuentan con tarjetas magnetizadas y poseen y pueden generar copia de las mismas\u00bb, inform\u00f3 Brice\u00f1o.<\/p>\n\n\n\n<p>Seg\u00fan \u00e9l, quienes lo hurtaron son personas que contaban con la posibilidad de ingresar sin forzar la cerradura, en tanto la misma estaba inalterada el d\u00eda en que se produjo la sustracci\u00f3n.<\/p>\n\n\n\n<figure class=\"wp-block-image size-large\"><img decoding=\"async\" src=\"http:\/\/esreviral.com\/wp-content\/uploads\/2020\/11\/WhatsApp-Image-2020-11-20-at-5.57.31-PM.jpeg\" alt=\"\" class=\"wp-image-1917\"\/><\/figure>\n\n\n\n<p>La v\u00edctima puso la denuncia ante la polic\u00eda, sin embargo, no aceptaron hacerse cargo del deber de seguridad asumido.<\/p>\n\n\n\n<p>\u00abComo medida previa a la promoci\u00f3n de un juicio, particip\u00e9 de la instancia de mediaci\u00f3n, en la que no se lleg\u00f3 a acuerdo, porque lo \u00fanico que la contraparte ofrec\u00eda era que permaneciera tres meses m\u00e1s sin pago de alquiler. Aclaramos que mientras no se cumplieran las obligaciones por las que les reclamaba, no estaban en condiciones de formular, a su vez, reclamos\u00bb.<\/p>\n\n\n\n<p>Al momento del cierre del proceso de mediaci\u00f3n el abogado envi\u00f3 un correo electr\u00f3nico a las partes, diciendo que deb\u00eda desocupar el departamento.<br>\u00abContestamos que para la desocupaci\u00f3n, deb\u00eda promover juicio de desalojo, con la respectiva instancia de mediaci\u00f3n previa\u00bb, explic\u00f3.<\/p>\n\n\n\n<p>Brice\u00f1\u00f3 narr\u00f3 que inici\u00f3 una persecuci\u00f3n hac\u00eda \u00e9l debido a oponerse a lo que le propon\u00edan y al no salirse del lugar le cortaron los servicios, por lo que \u00abpido que se adopten las medidas para que cese la persecuci\u00f3n que sufro, y para que me restituyan en el uso normal del departamento, hasta que un juez disponga lo contrario\u00bb.<\/p>\n\n\n\n<p>Pero a pesar del decreto que proh\u00edbe los desalojos hasta el 31 de enero de 2021, le prohibieron la entrada a su casa. \u00abNo me dejaron entrar dici\u00e9ndome que ten\u00eda que esperar que ellos sacar\u00e1n mis bienes y me llamaban para que los fuera a buscar. \u00a1siento que me est\u00e1n violando todos mis derechos!\u00bb.<\/p>\n\n\n\n<p><\/p>\n\n\n\n<p><\/p>\n","protected":false},"excerpt":{"rendered":"<p>CIS.- Luis Arturo Brice\u00f1o, alquil\u00f3 un departamento en Bartolom\u00e9 Mitre 1444, del barrio San Nicol\u00e1s, en agosto, especialmente, porque le ofrec\u00edan seguridad las 24 horas del d\u00eda. A los 28 d\u00edas de estar en el lugar le hurtaron su iMac i7 27&#8243;, Mini iPad 5\u00aa Generaci\u00f3n, auriculares, software de dise\u00f1o con los que trabaja como [&hellip;]<\/p>\n","protected":false},"author":2,"featured_media":1918,"comment_status":"open","ping_status":"open","sticky":false,"template":"","format":"standard","meta":{"jnews-multi-image_gallery":[],"jnews_single_post":[],"jnews_primary_category":[],"jnews_social_meta":[],"jnews_review":[],"enable_review":"","type":"","name":"","summary":"","brand":"","sku":"","good":[],"bad":[],"score_override":"","override_value":"","rating":[],"price":[],"jnews_override_counter":[],"jnews_post_split":[],"footnotes":""},"categories":[54],"tags":[335,123,55,45],"class_list":["post-1916","post","type-post","status-publish","format-standard","has-post-thumbnail","hentry","category-inmigracion","tag-desalojo","tag-informacion","tag-inmigracion","tag-noticias"],"amp_enabled":true,"_links":{"self":[{"href":"https:\/\/esreviral.com\/index.php?rest_route=\/wp\/v2\/posts\/1916"}],"collection":[{"href":"https:\/\/esreviral.com\/index.php?rest_route=\/wp\/v2\/posts"}],"about":[{"href":"https:\/\/esreviral.com\/index.php?rest_route=\/wp\/v2\/types\/post"}],"author":[{"embeddable":true,"href":"https:\/\/esreviral.com\/index.php?rest_route=\/wp\/v2\/users\/2"}],"replies":[{"embeddable":true,"href":"https:\/\/esreviral.com\/index.php?rest_route=%2Fwp%2Fv2%2Fcomments&post=1916"}],"version-history":[{"count":0,"href":"https:\/\/esreviral.com\/index.php?rest_route=\/wp\/v2\/posts\/1916\/revisions"}],"wp:featuredmedia":[{"embeddable":true,"href":"https:\/\/esreviral.com\/index.php?rest_route=\/"}],"wp:attachment":[{"href":"https:\/\/esreviral.com\/index.php?rest_route=%2Fwp%2Fv2%2Fmedia&parent=1916"}],"wp:term":[{"taxonomy":"category","embeddable":true,"href":"https:\/\/esreviral.com\/index.php?rest_route=%2Fwp%2Fv2%2Fcategories&post=1916"},{"taxonomy":"post_tag","embeddable":true,"href":"https:\/\/esreviral.com\/index.php?rest_route=%2Fwp%2Fv2%2Ftags&post=1916"}],"curies":[{"name":"wp","href":"https:\/\/api.w.org\/{rel}","templated":true}]}}