{"id":18887,"date":"2022-06-03T10:44:28","date_gmt":"2022-06-03T13:44:28","guid":{"rendered":"https:\/\/esreviral.com\/?p=18887"},"modified":"2022-06-03T10:44:28","modified_gmt":"2022-06-03T13:44:28","slug":"abrio-la-nueva-reserva-ecologica-en-costanera-norte","status":"publish","type":"post","link":"https:\/\/esreviral.com\/?p=18887","title":{"rendered":"Abri\u00f3 la nueva reserva ecol\u00f3gica en Costanera Norte"},"content":{"rendered":"\n<p class=\"has-drop-cap\"><strong>La reserva ecol\u00f3gica de Costanera Norte<\/strong>, un espacio cogestionado por la Universidad de Buenos Aires y el gobierno porte\u00f1o,&nbsp;<strong>abri\u00f3 al p\u00fablico despu\u00e9s de 10 a\u00f1os de su creaci\u00f3n por ley<\/strong>&nbsp;como una nueva alternativa de espacio verde en la ciudad de Buenos Aires&nbsp;<strong>para realizar jornadas de caminatas, avistajes y actividades recreativas<\/strong>&nbsp;y de ocio&nbsp;<strong>a orillas del R\u00edo de La Plata<\/strong>.<\/p>\n\n\n\n<p>Se trata de la&nbsp;<strong>Reserva Ecol\u00f3gica Ciudad Universitaria- Costanera Norte (Recucn)<\/strong>, creada por ley en 2012 luego de tres d\u00e9cadas en las que la sociedad civil breg\u00f3 por su defensa, especialmente profesionales y estudiantes de la UBA.<\/p>\n\n\n\n<p>As\u00ed, ya lista la infraestructura necesaria para recibir visitantes, la Costanera Norte se suma al tejido de reservas urbanas de la Ciudad de Buenos Aires, entre las que se encuentran la Reserva Ecol\u00f3gica Costanera Sur (de 350 hect\u00e1reas) y la de Lago Lugano (de 36 hect\u00e1reas).<\/p>\n\n\n\n<figure class=\"wp-block-image\"><a href=\"javascript:void(0);\"><img decoding=\"async\" src=\"https:\/\/www.telam.com.ar\/thumbs\/bluesteel\/advf\/imagenes\/2022\/06\/6299ecf93d6eb_900.jpg\" alt=\"Foto Florencia Downes\"\/><\/a><figcaption>Foto Florencia Downes<\/figcaption><\/figure>\n\n\n\n<p>En&nbsp;<strong>un predio de 23 hect\u00e1reas con vista franca al r\u00edo<\/strong>, esta \u00e1rea natural dispone de senderos que&nbsp;<strong>se pueden recorrer caminando y en bicicleta<\/strong>, donde se puede avistar una muestra significativa de la biodiversidad propia de la regi\u00f3n y realizar actividades de ocio y recreativas durante el d\u00eda.<\/p>\n\n\n\n<p>Se puede visitar&nbsp;<strong>de martes a domingos de 9 a 18 horas, con entrada libre y gratuita<\/strong>&nbsp;y su ingreso es por detr\u00e1s del Pabell\u00f3n 3 de Ciudad Universitaria.<\/p>\n\n\n\n<p>Acerca de esta reserva, que es la primera gestionada por el gobierno porte\u00f1o y la UBA, el rector de esta instituci\u00f3n,&nbsp;<strong>Alberto Barbieri, asegur\u00f3 que representa \u00abun espacio muy valioso para la comunidad de la universidad\u00bb<\/strong>.<\/p>\n\n\n\n<figure class=\"wp-block-image\"><a href=\"javascript:void(0);\"><img decoding=\"async\" src=\"https:\/\/www.telam.com.ar\/thumbs\/bluesteel\/advf\/imagenes\/2022\/06\/6299ecf9308ce_900.jpg\" alt=\"Foto Florencia Downes\"\/><\/a><figcaption>Foto Florencia Downes<\/figcaption><\/figure>\n\n\n\n<p>En ese marco, adelant\u00f3 que, de acuerdo con lo pactado con el gobierno local, se tomar\u00e1n \u00ablas medidas necesarias para el mantenimiento del equilibrio ambiental, la protecci\u00f3n de la flora y fauna, y la preservaci\u00f3n del patrimonio natural, paisaj\u00edstico y cultural de las distintas \u00e1reas\u00bb.<\/p>\n\n\n\n<p>Por su parte, la secretaria de Ambiente porte\u00f1a, In\u00e9s Gorbea, manifest\u00f3 su \u00aborgullo\u00bb por el trabajo mancomunado junto a la UBA en la gesti\u00f3n de este espacio verde que, junto a las dem\u00e1s reservas de la ciudad, constituyen \u00abun biocorredor fundamental para la biodiversidad\u00bb del territorio.<\/p>\n\n\n\n<p>\u00abCelebramos que los vecinos puedan visitar esta reserva ecol\u00f3gica que constituye un espacio valioso para garantizar la biodiversidad en el \u00e1mbito de la Ciudad\u00bb, a\u00f1adi\u00f3.<\/p>\n\n\n\n<figure class=\"wp-block-image\"><a href=\"javascript:void(0);\"><img decoding=\"async\" src=\"https:\/\/www.telam.com.ar\/thumbs\/bluesteel\/advf\/imagenes\/2022\/06\/6299ecf966298_900.jpg\" alt=\"Foto Florencia Downes\"\/><\/a><figcaption>Foto Florencia Downes<\/figcaption><\/figure>\n\n\n\n<p>Durante una recorrida por el predio, Germ\u00e1n Ausina, gerente operativo de las reservas ecol\u00f3gicas y \u00e1reas de conservaci\u00f3n, destac\u00f3 en di\u00e1logo con T\u00e9lam la importancia de \u00abfomentar el cuidado de estos grandes pulmones con los que cuenta la sociedad, espacios que ayudan a mejorar la calidad de vida de todos los habitantes de la ciudad\u00bb.<\/p>\n\n\n\n<p>En ese sentido, resalt\u00f3 que contar con una reserva en la zona permite no s\u00f3lo el contacto directo con la naturaleza sino tambi\u00e9n la contenci\u00f3n de crecidas del r\u00edo y aporta a la mitigaci\u00f3n de la contaminaci\u00f3n sonora y visual propia de la ciudad.<\/p>\n\n\n\n<p>\u00abA fines de 2018 se convoc\u00f3 a la sociedad civil, a ONGs, a la Facultad de Ciencias Exactas y parques nacionales, y entre todos desarrollamos un plan de manejo donde se proyecta el trabajo que se va a hacer por los pr\u00f3ximos 10 a\u00f1os, que es nuestro marco rector para el desarrollo y conservaci\u00f3n de esta \u00e1rea\u00bb, explic\u00f3 Ausina.<\/p>\n\n\n\n<figure class=\"wp-block-image\"><a href=\"javascript:void(0);\"><img decoding=\"async\" src=\"https:\/\/www.telam.com.ar\/thumbs\/bluesteel\/advf\/imagenes\/2022\/06\/6299ecf94ae4e_900.jpg\" alt=\"Foto Florencia Downes\"\/><\/a><figcaption>Foto Florencia Downes<\/figcaption><\/figure>\n\n\n\n<p>Con un paisaje te\u00f1ido de los colores oto\u00f1ales,&nbsp;<strong>la reserva presenta distintas ecorregiones como pastizales, bosques y humedales, donde convive una mixtura de especies de flora y fauna aut\u00f3ctonas, nativas y ex\u00f3ticas<\/strong>.<\/p>\n\n\n\n<p>Hongos, helechos, dicotiled\u00f3neas y monocotiled\u00f3neas son algunas de las plantas que nutren la zona, junto a la orqu\u00eddea del talar, la anacahuita, el molle, el algarrobo blanco, la cortina del cielo y la u\u00f1a de gato, entre otras.<\/p>\n\n\n\n<p>Y&nbsp;<strong>m\u00e1s de 600 especies de animales fueron registradas en el predio, entre las que se encuentran aves, peces, reptiles, anfibios y mam\u00edferos<\/strong>, como el coipo.<\/p>\n\n\n\n<figure class=\"wp-block-image\"><a href=\"javascript:void(0);\"><img decoding=\"async\" src=\"https:\/\/www.telam.com.ar\/thumbs\/bluesteel\/advf\/imagenes\/2022\/06\/6299ecf98c189_900.jpg\" alt=\"Foto Florencia Downes\"\/><\/a><figcaption>Foto Florencia Downes<\/figcaption><\/figure>\n\n\n\n<p>A\u00fan sin estar oficialmente inaugurada, los d\u00edas de fin de semana alrededor de 500 personas visitan la reserva, donde se pueden apreciar vistas al horizonte libre, enmarcado por las localidades de Quilmes y Vicente L\u00f3pez a cada lado.<\/p>\n\n\n\n<p>Atra\u00eddos por la tranquilidad y el silencio casi ininterrumpido, una gran cantidad de estudiantes de las facultades de Arquitectura, Dise\u00f1o y Urbanismo y de Ciencias Exactas y Naturales visitan a diario la reserva para comer, estudiar o descansar entre clases.<\/p>\n\n\n\n<p>Asimismo, por su cercan\u00eda con las casas de estudio, esta \u00e1rea es utilizada por docentes con objetivos educativos y de investigaci\u00f3n, lo que la convierte un \u00abespacio ideal\u00bb para la realizaci\u00f3n de trabajos pr\u00e1cticos, seminarios y proyectos de investigaci\u00f3n.<\/p>\n\n\n\n<figure class=\"wp-block-image\"><a href=\"javascript:void(0);\"><img decoding=\"async\" src=\"https:\/\/www.telam.com.ar\/thumbs\/bluesteel\/advf\/imagenes\/2022\/06\/6299ecf9b4aa9_900.jpg\" alt=\"Foto Florencia Downes\"\/><\/a><figcaption>Foto Florencia Downes<\/figcaption><\/figure>\n\n\n\n<p>En el marco del D\u00eda Mundial del Medio Ambiente, que se conmemora este domingo, las autoridades hicieron hincapi\u00e9 en difundir la reserva Costanera Norte e invitar a \u00abconocer este espacio de uso y disfrute de todos los ciudadanos no s\u00f3lo de la Capital Federal sino a todas las personas del pa\u00eds\u00bb.<\/p>\n\n\n\n<figure class=\"wp-block-image\"><a href=\"javascript:void(0);\"><img decoding=\"async\" src=\"https:\/\/www.telam.com.ar\/thumbs\/bluesteel\/advf\/imagenes\/2022\/06\/6299ecf9a8644_900.jpg\" alt=\"Foto Florencia Downes\"\/><\/a><figcaption>Foto Florencia Downes<\/figcaption><\/figure>\n\n\n\n<figure class=\"wp-block-image\"><a href=\"javascript:void(0);\"><img decoding=\"async\" src=\"https:\/\/www.telam.com.ar\/thumbs\/bluesteel\/advf\/imagenes\/2022\/06\/6299ecf97f982_900.jpg\" alt=\"Foto Florencia Downes\"\/><\/a><figcaption>Foto Florencia Downes<\/figcaption><\/figure>\n\n\n\n<figure class=\"wp-block-image\"><a href=\"javascript:void(0);\"><img decoding=\"async\" src=\"https:\/\/www.telam.com.ar\/thumbs\/bluesteel\/advf\/imagenes\/2022\/06\/6299ecf8f136d_900.jpg\" alt=\"Foto Florencia Downes\"\/><\/a><figcaption>Foto Florencia Downes<\/figcaption><\/figure>\n\n\n\n<figure class=\"wp-block-image\"><a href=\"javascript:void(0);\"><img decoding=\"async\" src=\"https:\/\/www.telam.com.ar\/thumbs\/bluesteel\/advf\/imagenes\/2022\/06\/6299ecf8d4400_900.jpg\" alt=\"Foto Florencia Downes\"\/><\/a><figcaption>Foto Florencia Downes<\/figcaption><\/figure>\n\n\n\n<figure class=\"wp-block-image\"><a href=\"javascript:void(0);\"><img decoding=\"async\" src=\"https:\/\/www.telam.com.ar\/thumbs\/bluesteel\/advf\/imagenes\/2022\/06\/6299ecf8c692c_900.jpg\" alt=\"Foto Florencia Downes\"\/><\/a><figcaption>Foto Florencia Downes<\/figcaption><\/figure>\n\n\n\n<figure class=\"wp-block-embed is-type-video is-provider-youtube wp-block-embed-youtube wp-embed-aspect-16-9 wp-has-aspect-ratio\"><div class=\"wp-block-embed__wrapper\">\n<div class=\"jeg_video_container jeg_video_content\"><iframe title=\"Abre la nueva reserva ecol\u00f3gica en Costanera Norte, gestionada por la UBA y CABA\" width=\"500\" height=\"281\" src=\"https:\/\/www.youtube.com\/embed\/zPaXcYjHNFE?feature=oembed\" frameborder=\"0\" allow=\"accelerometer; autoplay; clipboard-write; encrypted-media; gyroscope; picture-in-picture; web-share\" referrerpolicy=\"strict-origin-when-cross-origin\" allowfullscreen><\/iframe><\/div>\n<\/div><\/figure>\n\n\n\n<p class=\"has-text-align-right\"><strong><em>Telam.-<\/em><\/strong><\/p>\n","protected":false},"excerpt":{"rendered":"<p>El predio de 23 hect\u00e1reas dispone de senderos que se pueden recorrer caminando y en bicicleta. Se ingresa por detr\u00e1s del Pabell\u00f3n 3 de Ciudad Universitaria y se puede visitar de martes a domingos de 9 a 18 horas, con entrada libre y gratuita.<\/p>\n","protected":false},"author":2,"featured_media":18888,"comment_status":"open","ping_status":"open","sticky":false,"template":"","format":"standard","meta":{"jnews-multi-image_gallery":[],"jnews_single_post":[],"jnews_primary_category":[],"jnews_social_meta":[],"jnews_review":[],"enable_review":"","type":"","name":"","summary":"","brand":"","sku":"","good":[],"bad":[],"score_override":"","override_value":"","rating":[],"price":[],"jnews_override_counter":[],"jnews_post_split":[],"footnotes":""},"categories":[58],"tags":[44,2466,2467,2468,2469,2470,45,2471],"class_list":["post-18887","post","type-post","status-publish","format-standard","has-post-thumbnail","hentry","category-argentina","tag-argentina","tag-ciudad-universitaria","tag-costanera-norte","tag-dia-mundial-del-medio-ambiente","tag-ecologica","tag-medio-ambiente","tag-noticias","tag-uba"],"amp_enabled":true,"_links":{"self":[{"href":"https:\/\/esreviral.com\/index.php?rest_route=\/wp\/v2\/posts\/18887"}],"collection":[{"href":"https:\/\/esreviral.com\/index.php?rest_route=\/wp\/v2\/posts"}],"about":[{"href":"https:\/\/esreviral.com\/index.php?rest_route=\/wp\/v2\/types\/post"}],"author":[{"embeddable":true,"href":"https:\/\/esreviral.com\/index.php?rest_route=\/wp\/v2\/users\/2"}],"replies":[{"embeddable":true,"href":"https:\/\/esreviral.com\/index.php?rest_route=%2Fwp%2Fv2%2Fcomments&post=18887"}],"version-history":[{"count":0,"href":"https:\/\/esreviral.com\/index.php?rest_route=\/wp\/v2\/posts\/18887\/revisions"}],"wp:featuredmedia":[{"embeddable":true,"href":"https:\/\/esreviral.com\/index.php?rest_route=\/"}],"wp:attachment":[{"href":"https:\/\/esreviral.com\/index.php?rest_route=%2Fwp%2Fv2%2Fmedia&parent=18887"}],"wp:term":[{"taxonomy":"category","embeddable":true,"href":"https:\/\/esreviral.com\/index.php?rest_route=%2Fwp%2Fv2%2Fcategories&post=18887"},{"taxonomy":"post_tag","embeddable":true,"href":"https:\/\/esreviral.com\/index.php?rest_route=%2Fwp%2Fv2%2Ftags&post=18887"}],"curies":[{"name":"wp","href":"https:\/\/api.w.org\/{rel}","templated":true}]}}