{"id":18758,"date":"2022-06-02T08:38:34","date_gmt":"2022-06-02T11:38:34","guid":{"rendered":"https:\/\/esreviral.com\/?p=18758"},"modified":"2022-06-02T08:38:34","modified_gmt":"2022-06-02T11:38:34","slug":"con-la-familia-real-unida-la-reina-isabel-ii-celebra-su-jubileo-de-platino-su-ultimo-gran-acto","status":"publish","type":"post","link":"https:\/\/esreviral.com\/?p=18758","title":{"rendered":"Con la familia real unida, la reina Isabel II celebra su Jubileo de Platino, su \u00faltimo gran acto"},"content":{"rendered":"\n<p class=\"has-drop-cap\">\u00bfSer\u00e1 amarillo, su color favorito? \u00bfO verde pastel o rosa? Al cumplirse su Jubileo de Platino de 70 a\u00f1os en el trono, la\u00a0reina Isabel\u00a0ya ha elegido el sombrero, el vestido, el probable tapado y el broche hist\u00f3rico con el que se comunicar\u00e1 este jueves con sus s\u00fabditos desde el balc\u00f3n del\u00a0palacio de Buckingham, el s\u00edmbolo del poder entre ella y su pueblo.<\/p>\n\n\n\n<p>Ese uniforme atemporal, s\u00edmbolo de neutralidad y prudencia, que ha evolucionado con su reinado y verlo fascina al mundo entero. Para ella tiene otro objetivo: es su transmisor de mensajes.<\/p>\n\n\n\n<p>Probablemente sea uno de los \u00faltimos encuentros entre la soberana y los brit\u00e1nicos. Uno de sus \u00faltimos<em>\u00a0Trooping the colour<\/em>, la ceremonia que celebra su cumplea\u00f1os oficial.<\/p>\n\n\n\n<p>Con sus\u00a096 a\u00f1os\u00a0y serios problemas de movilidad en sus rodillas, a Isabel II\u00a0<strong>le cuesta caminar y desplazarse<\/strong>. Pero ella da enorme importancia a los gestos exteriores de la monarqu\u00eda, al protocolo, a la etiqueta. La Casa Real habla con ellos.<\/p>\n\n\n\n<p>En ellos se consolida la continuidad.<\/p>\n\n\n\n<p><strong><span style=\"background-color:#a30016\" class=\"td_text_highlight_marker\">El balc\u00f3n, s\u00edmbolo del poder<\/span><\/strong><\/p>\n\n\n\n<p>Por eso los ojos del reino estar\u00e1n en<strong>\u00a0el balc\u00f3n del palacio, el s\u00edmbolo de las buenas y las malas noticias de la Casa de Windsor<\/strong>. Desde la victoria en la guerra a los casamientos<em>\u00a0Royals<\/em>, o sus cumplea\u00f1os. La balanza del poder\u00a0<em>Royal<\/em>.<\/p>\n\n\n\n<figure class=\"wp-block-image size-large\"><img decoding=\"async\" src=\"https:\/\/www.clarin.com\/img\/2022\/05\/31\/la-reina-isabel-ii-el___MfMM0RX2S_1200x0__1.jpg\" alt=\"\"\/><\/figure>\n\n\n\n<p>Con precisi\u00f3n y gravedad van a medir el peso que la reina da a cada miembro de la Familia Real, cuando un grupo de cortesanos hablan de Regencia, otros de Abdicaci\u00f3n y&nbsp;<strong>ella ha decidido que morir\u00e1 en el trono<\/strong>, sin ceder su autoridad o su corona.<\/p>\n\n\n\n<p>Desde la renuncia anticipada de Edward VII al trono para casarse con Wallis Simpson,&nbsp;<strong>la Abdicaci\u00f3n es un trauma&nbsp;<\/strong>para la corte de St James y los Windsor. Para Isabel II no est\u00e1 en sus planes.<\/p>\n\n\n\n<p>Arruin\u00f3 la vida de su padre George, de su madre Elizabeth, la reina madre. Jam\u00e1s se imaginaron que heredar\u00edan el trono por culpa de una historia de amor de un soberano y una divorciada norteamericana, Wallis Simpson.<\/p>\n\n\n\n<p>Tres futuros reyes estar\u00e1n a la vista este jueves. Uniformados, el\u00a0pr\u00edncipe Carlos, que la reemplazar\u00e1 a su madre cuando muera, William, su hijo y futuro heredero, y el peque\u00f1o George, el que suceder\u00e1 a su abuelo y a su padre, probablemente en otro siglo.<\/p>\n\n\n\n<p>Para mostrar reconciliaci\u00f3n, el resto de la familia real no estar\u00e1 en el balc\u00f3n. All\u00ed solo estar\u00e1 la reina, con sus problemas de movilidad.<\/p>\n\n\n\n<p>Todos observar\u00e1n la ceremonia desde la oficina del Mayor general, la antigua oficina del Duque de Wellington, con una espectacular vista al desfile.As\u00ed se resolvi\u00f3 la batalla del balc\u00f3n, al que Harry y Meghan no pueden estar.<\/p>\n\n\n\n<p>No faltar\u00e1n Kate, futura reina y duquesa de Cambridge, sus hijos, los pr\u00edncipes Charlotte y Louis, Edward, hijo de la reina, y Sophie, los duques de Wessex y sus dos hijos, Anna, la princesa Royal, hija de la reina y su marido almirante. Los duques de Kent y Gloucestershire.<\/p>\n\n\n\n<p>Son ellos la familia \u201ctrabajadora\u201d de la Casa de Windsor. La que cumple con la agenda, a lo largo y ancho del pa\u00eds y el Commonwealth, que diariamente publican los diarios&nbsp;<em>The Times<\/em>&nbsp;y&nbsp;<em>The Daily Telegraph.<\/em><\/p>\n\n\n\n<p><strong><span style=\"background-color:#a3001b\" class=\"td_text_highlight_marker\">Harry y Meghan<\/span><\/strong><\/p>\n\n\n\n<p>Pero el mundo se fijar\u00e1 en Harry y Meghan:\u00a0la profunda crisis\u00a0en la disfuncional brit\u00e1nica Familia Real, los duques de Sussex, y sus dos hijos, Archie y Lilibet, que han regresado a Gran Breta\u00f1a desde California, tras abandonar la Familia Real para vivir con independencia, para celebrar con su abuela el Jubileo y conocerse con sus primos, a quien no ven hace 2 a\u00f1os.<img decoding=\"async\" src=\"https:\/\/www.clarin.com\/img\/2022\/06\/01\/la-gente-camina-a-lo___4WOpyrUFU_720x0__1.jpg\" alt=\"La gente camina a lo largo de The Mall en Londres para celebrar los 70 a\u00f1os de la Reina Isabel II en el trono. Foto AP Photo\/Alberto Pezzali\"><\/p>\n\n\n\n<p>La gente camina a lo largo de The Mall en Londres para celebrar los 70 a\u00f1os de la Reina Isabel II en el trono. Foto AP Photo\/Alberto Pezzali<\/p>\n\n\n\n<p>Antes dieron un portazo y\u00a0acusaron a los\u00a0<em>Royals<\/em>\u00a0de \u201cracistas\u201d\u00a0ante una duquesa mestiza en el m\u00e1s famoso programa televisivo de Estados Unidos.<\/p>\n\n\n\n<p><strong>El otro ausente es \u201cun prohibido\u201d: el pr\u00edncipe Andr\u00e9s,<\/strong>\u00a0el hijo favorito de la reina Isabel, ha sido excluido de las actividades oficiales por su madre, su hermano y su sobrino a causa del Caso Epstein. Aunque haya habido\u00a0un arreglo judicial\u00a0con la joven que lo acusaba de abuso sexual.<\/p>\n\n\n\n<p><strong><span style=\"background-color:#a30012\" class=\"td_text_highlight_marker\">Reconciliaci\u00f3n obligatoria<\/span><\/strong><\/p>\n\n\n\n<p>Los Sussex no quedar\u00e1n afuera de las ceremonias por el cumplea\u00f1os oficial de la soberana y que tendr\u00e1 a su padre y hermano de protagonista. Ser\u00e1n ubicados en una zona VIP, tampoco lejos de las c\u00e1maras. Tambi\u00e9n&nbsp;<strong>ser\u00e1n custodiados<\/strong>, a pesar de que la polic\u00eda no quer\u00eda. Han encontrado un&nbsp;\u00abstatus especial\u00bb&nbsp;para ellos, a pedido de la reina.<\/p>\n\n\n\n<p>As\u00ed<strong>&nbsp;se arregl\u00f3 salom\u00f3nicamente la crisis que divide a la Familia Rea<\/strong>l, a la que Isabel II ha dicho oficialmente \u201cbasta\u201d. La reconciliaci\u00f3n entre todas las partes irreconciliables es obligatoria y est\u00e1 en marcha.<strong>&nbsp;Todos deber\u00e1n hablar con todos.<\/strong><img decoding=\"async\" src=\"https:\/\/www.clarin.com\/img\/2021\/07\/19\/los-principes-william-y-harry___tdzOZrrQJ_720x0__1.jpg\" alt=\"Los pr\u00edncipes William y Harry, dejaron atr\u00e1s su peleas para acompa\u00f1ar a su abuela. Foto: AFP\"><\/p>\n\n\n\n<p>Los pr\u00edncipes William y Harry, dejaron atr\u00e1s su peleas para acompa\u00f1ar a su abuela. Foto: AFP<\/p>\n\n\n\n<p>Harry y William han dejado\u00a0sus rencores\u00a0de lado y se hablan por videollamada para resolver su crisis, sin esposas de por medio.<\/p>\n\n\n\n<p>Meghan y Harry, los Sussex, han decidido hacer un nuevo \u201cleasing\u201d de Frogmore Cottage, la casa que les regal\u00f3 la reina y hab\u00edan cedido a su prima Eugenia y su marido mientras permanecen en California y hasta que ellos se mudaron a Portugal.&nbsp;<strong>Todo parece indicar los duques pasar\u00e1n m\u00e1s tiempo en Gran Breta\u00f1a,<\/strong>&nbsp;a diez minutos a pie del castillo de su abuela, en Windsor. \u00bfSe acab\u00f3 el&nbsp;<em>Megxit<\/em>?<\/p>\n\n\n\n<p><strong><span style=\"background-color:#a30009\" class=\"td_text_highlight_marker\">El cumplea\u00f1os de la bisnieta<\/span><\/strong><\/p>\n\n\n\n<p>All\u00ed celebrar\u00e1n el cumplea\u00f1os de Lilibet, la bisnieta de la reina, junto a ella. La soberana ha decidido anular su visita al Derby en Epsom Down, donde solo falt\u00f3 dos veces en 70 a\u00f1os y corr\u00edan sus caballos favoritos, para asistir al cumplea\u00f1os de la bebita que lleva su nombre. Lilibet, como la llaman a ella en su casa. Es la mayor prenda de paz en una familia en llamas. La soberana es el \u00e1rbitro.<\/p>\n\n\n\n<p>El pr\u00edncipe Carlos y Camilla, aun ocupados con las celebraciones, seguramente deber\u00e1n pasar por Frogmore Cottage a conocer a su nieta, que nunca han visto. Meghan se comunic\u00f3 con su padre, Thomas Markle, que tuvo un ataque card\u00edaco y no puede hablar sino s\u00f3lo escribir en San Diego. Otra reconciliaci\u00f3n en marcha.<\/p>\n\n\n\n<p><strong>Isabel quiere ver una Familia real unida, s\u00f3lida, sin esc\u00e1ndalos p\u00fablicos ni divisiones<\/strong>&nbsp;porque est\u00e1 convencida de que \u201cen esta existencia, el trabajo y la vida privada van juntos, no se pueden separar\u201d, como dijo en uno de los dos documentales de la BBC en los que particip\u00f3. Y remarc\u00f3 para las generaciones que vienen \u201clas dificultades con el aspecto estricto y disciplinado de la profesi\u00f3n de monarca\u201d.<img decoding=\"async\" src=\"https:\/\/www.clarin.com\/img\/2022\/06\/01\/entusiastas-de-la-realeza-se___ePneyC9rq_720x0__1.jpg\" alt=\"Entusiastas de la realeza se re\u00fanen en The Mall, que lleva al Palacio de Buckingham, en Londres. Foto de Daniel LEAL \/ AFP\"><\/p>\n\n\n\n<p>Entusiastas de la realeza se re\u00fanen en The Mall, que lleva al Palacio de Buckingham, en Londres. Foto de Daniel LEAL \/ AFP<\/p>\n\n\n\n<p><strong><span style=\"background-color:#a30012\" class=\"td_text_highlight_marker\">Ceremonia en la Catedral<\/span><\/strong><\/p>\n\n\n\n<p>Otro evento est\u00e1 organizado minuciosamente para el viernes: es la ceremonia de acci\u00f3n de gracias en la catedral de St Paul. All\u00ed estar\u00e1 la Familia Real en pleno, incluidos Harry y Meghan y el pr\u00edncipe Andr\u00e9s y sus hijas, las princesas Beatrice y Eugenie, y sus maridos.<\/p>\n\n\n\n<p>El protocolo hasta ahora no permite a los chicos .Pero los fot\u00f3grafos esperan que, en alg\u00fan lado , aparezcan Archi y Lilibet Mountbatten-Windsor Windsor, dos bisnietos de la soberana , desconocidos para los fot\u00f3grafos brit\u00e1nicos.<\/p>\n\n\n\n<p>Ser\u00e1 la primera vez que los Sussex se encuentran con el resto de la Familia Real, despu\u00e9s de acusarla de racismo y haberlos abandonado.<\/p>\n\n\n\n<p>Netflix, que est\u00e1 haciendo un documental de la vida de los Sussex, no tendr\u00e1 favoritismo, pero tampoco restricciones para filmar. Podr\u00e1n ser acreditados como las dem\u00e1s cadenas. La gran obsesi\u00f3n de los cortesanos es que los Sussex no roben el espect\u00e1culo a la soberana y ellos no consiguen controlarlos.<\/p>\n\n\n\n<p>La reina ha partido a su palacio escoc\u00e9s de Balmoral para descansar antes del Jubileo. Le han organizado su&nbsp;<em>lodge<\/em>&nbsp;favorito y han colocado all\u00ed un ascensor de 20.000 libras para evitar problemas de movilidad.<img decoding=\"async\" src=\"https:\/\/www.clarin.com\/img\/2022\/06\/01\/la-reina-isabel-celebra-su___-ESUF97q4_720x0__1.jpg\" alt=\"La reina Isabel celebra su Jubileo de Platino, a los 96 a\u00f1os. Foto: AP\"><\/p>\n\n\n\n<p>La reina Isabel celebra su Jubileo de Platino, a los 96 a\u00f1os. Foto: AP<\/p>\n\n\n\n<p><strong><span style=\"background-color:#a30016\" class=\"td_text_highlight_marker\">Las celebraciones<\/span><\/strong><\/p>\n\n\n\n<p>Su primera aparici\u00f3n p\u00fablica ser\u00e1 el jueves en los cuatro d\u00edas de festividades. En\u00a0<em>Trooping the Colors<\/em>\u00a0estar\u00e1 el pr\u00edncipe Carlos, el\u00a0pr\u00edncipe William\u00a0a caballo junto a la princesa Anna, por primera vez en sus 71 a\u00f1os de reino. Una novedad. La mayor\u00eda de los soldados que participan tuvieron que aprender a cabalgar para la ocasi\u00f3n de la Horse Guards Parade. No sab\u00edan.<\/p>\n\n\n\n<p>Al ritmo lo marcar\u00e1 el\u00a0estado de salud\u00a0de la soberana. Ya se sabe que no asistir\u00e1 a la carrera de Epson y ha retirado sus tres caballos. Tampoco ir\u00e1 al concierto en el palacio de Buckingham, que mirar\u00e1 por televisi\u00f3n desde el palacio de Windsor, al que ha convertido en su residencia oficial. En \u00e9l participar\u00e1n el pr\u00edncipe Carlos y su hijo William.<img decoding=\"async\" src=\"https:\/\/www.clarin.com\/img\/2022\/06\/01\/una-carroza-de-oro-en___vUKIS0cgx_720x0__1.jpg\" alt=\"Una carroza de oro en un parque durante las celebraciones del Jubileo de Platino . REUTERS\/Tom Nicholson\"><\/p>\n\n\n\n<p>Una carroza de oro en un parque durante las celebraciones del Jubileo de Platino . REUTERS\/Tom Nicholson<\/p>\n\n\n\n<p>All\u00ed tocar\u00e1n Sir\u00a0Elton John, Diana Ross,\u00a0Duran Duran\u00a0Lord Lloyd Webber, la banda Elbow y el guitarrista de\u00a0Queen, el astrof\u00edsico\u00a0Brian May, que lo har\u00e1 desde el techo del palacio, en una producci\u00f3n muy especial.<\/p>\n\n\n\n<p>Pero Isabel II aparecer\u00e1 dos veces en el balc\u00f3n del palacio el mismo d\u00eda. La primera, junto al duque de Kent (86), para ver marchar a las&nbsp;tropas&nbsp;hacia el palacio tras el desfile. Luego, junto a los miembros de la Familia real \u201ctrabajadora\u201d en el balc\u00f3n, para el tradicional \u201cFly Pass\u201d sobre el cielo del palacio de los aviones de la Royal Air Force.<\/p>\n\n\n\n<p><strong>M\u00e1s de 85.000 personas celebrar\u00e1n almuerzos del Jubileo el domingo&nbsp;<\/strong>a lo largo del reino. Uno de los m\u00e1s largos ser\u00e1 en el camino del Palacio de Windsor. Nadie descarta que la reina pueda aparecer el domingo a la tarde para la final del Platinum Pageant, un carnaval que va a ser televisado por la BBC, en el palacio de Buckingham. Pero habr\u00e1 al menos 16.000 fiestas en la calle en todo el pa\u00eds.<\/p>\n\n\n\n<p><strong><span style=\"background-color:#a30012\" class=\"td_text_highlight_marker\">El trauma de la abdicaci\u00f3n<\/span><\/strong><\/p>\n\n\n\n<p>Con\u00a070\u00a0a\u00f1os en el trono,\u00a0Isabel II est\u00e1 impregnada de su funci\u00f3n, as\u00ed sea en un buggy de golf, que la ayude a desplazarse o paseando a sus perros corgies. Su \u201cJob\u201d \u201ces de por vida\u201d, como ella lo ha remarcado. Continuar\u00e1 sirviendo hasta su muerte.<\/p>\n\n\n\n<p><strong><span style=\"background-color:#a30009\" class=\"td_text_highlight_marker\">La Reina Isabel II y los presidentes de EE UU<\/span><\/strong><\/p>\n\n\n\n<hr class=\"wp-block-separator\"\/>\n\n\n\n<figure class=\"wp-block-image\"><img decoding=\"async\" src=\"https:\/\/www.clarin.com\/redaccionfiler\/clarin\/infografia\/2022\/mundo\/05\/reina-isabel-presidentes-eeuu-1256-sin-titulo-dk.jpg\" alt=\"La reina de inglaterra\"\/><\/figure>\n\n\n\n<hr class=\"wp-block-separator\"\/>\n\n\n\n<p>Fuente:&nbsp;<strong>AFP<\/strong>Infograf\u00eda:&nbsp;<strong>Clar\u00edn<\/strong><\/p>\n\n\n\n<p>La abdicaci\u00f3n de Eduardo VIII en 1936 fue un verdadero trauma familiar para su padre, su madre y ella, como heredera inesperada. La soberana considera a sus funciones como una vocaci\u00f3n religiosa y el secreto de la continuidad es&nbsp;<strong>adaptarse a la modernidad, sin abandonar un r\u00edgido protocolo.<\/strong><\/p>\n\n\n\n<p>Su otra vida es medi\u00e1tica. T\u00edmida, distante, secreta y discreta, la soberana detesta la televisi\u00f3n y los tabloides, pero ellos son los que realzan su figura y su funci\u00f3n.<\/p>\n\n\n\n<p>Su imagen es el s\u00edmbolo de su funci\u00f3n. Ella considera a los medios como \u201cun mal necesario\u201d pero morir\u00e1 sin dar una entrevista en su vida. Pero son estas reglas, esta sobriedad con las que la enfrentan quienes garantizan la perennidad de la monarqu\u00eda.<img decoding=\"async\" src=\"https:\/\/www.clarin.com\/img\/2022\/05\/31\/el-rey-jorge-vi-la___uQS-Q1xRS_720x0__1.jpg\" alt=\"El rey Jorge VI, la reina Isabel I tras su coronaci\u00f3n, el 12 de mayo de 1937. En el centro, sus hijas, la entonces princesa Isabel (ahora reina) y su hermana Margaret, Foto: AP\"><\/p>\n\n\n\n<p>El rey Jorge VI, la reina Isabel I tras su coronaci\u00f3n, el 12 de mayo de 1937. En el centro, sus hijas, la entonces princesa Isabel (ahora reina) y su hermana Margaret, Foto: AP<\/p>\n\n\n\n<p><strong><span style=\"background-color:#a30012\" class=\"td_text_highlight_marker\">Debate<\/span><\/strong><\/p>\n\n\n\n<p>Cuando el pa\u00eds celebra sus casi 71 a\u00f1os en el trono, en el palacio, entre los cortesanos, historiadores y diputados surge otro debate m\u00e1s constitucional: Mientras&nbsp;la reina se vuelve cada d\u00eda m\u00e1s fr\u00e1gil,<strong>\u00bfcu\u00e1ndo su heredero deber\u00e1 asumir su reinado<\/strong>? \u00bfSer\u00e1&nbsp;de una manera informal o formal?<\/p>\n\n\n\n<p>El debate divide a la Casa Real, al pr\u00edncipe Carlos, el pr\u00f3ximo heredero y su corte, a William y a Harry, que lo habla con la reina. Ella ya lo ha decidido: morir\u00e1 en el trono.<\/p>\n\n\n\n<p>En la \u00faltima apertura del Parlamento, la reina no fue.\u00a0La reemplaz\u00f3 por primera vez su hijo Carlos, que ley\u00f3 el discurso escrito por el gobierno, junto a William, su pr\u00f3ximo heredero.<\/p>\n\n\n\n<p>En una mesa barroca, sobre un almohad\u00f3n&nbsp;<em>Royal<\/em>, la corona representando a la soberana ausente y la monarqu\u00eda. El pr\u00edncipe Carlos ley\u00f3 el discurso, no desde el trono de su madre sino del pr\u00edncipe Consorte, m\u00e1s bajo que el de la reina.<img decoding=\"async\" src=\"https:\/\/www.clarin.com\/img\/2022\/05\/31\/londres-se-prepara-para-los___NQQ3OyMGQ_720x0__1.jpg\" alt=\"Londres se prepara para los festejos que se inician este jueves por el Jubileo de Platino de la reina Isabel II. Foto: EFE\"><\/p>\n\n\n\n<p>Londres se prepara para los festejos que se inician este jueves por el Jubileo de Platino de la reina Isabel II. Foto: EFE<\/p>\n\n\n\n<p>Esta fue la primera vez en la historia que la soberana delega \u201cel gracioso discurso\u201d a otro miembro de su familia.<\/p>\n\n\n\n<p>El momento era solemne pero raro: los dos pr\u00edncipes que eventualmente van a ser reyes estaban ejerciendo el ritual de soberanos, pero sin el poder de la monarqu\u00eda. Eso es lo que su madre quiere.<\/p>\n\n\n\n<p>Hay llamados para que Carlos sea designado&nbsp;<strong>Pr\u00edncipe Regente<\/strong>, que le permitir\u00eda ejercer todas las funciones constitucionales, aunque su madree retenga el t\u00edtulo.<\/p>\n\n\n\n<p>La reina va a continuar siendo monarca hasta la coronaci\u00f3n, cuando Carlos puede ejercer los poderes y prerrogativas de un soberano, firmando actos del Parlamento, designando primeros ministros y disolviendo o prorrogando el Parlamento.<\/p>\n\n\n\n<p>Tras haber esperado tantos a\u00f1os en el aburrimiento protocolar para llegar al trono, Carlos podr\u00eda cumplir con las funciones constitucionales de la reina. Encontrarse con el primer ministro semanalmente, acordar designaciones y comisiones, firmar \u00f3rdenes del Privy Council, recibir embajadores, condecorar a futbolistas.<\/p>\n\n\n\n<p>Facilitar\u00eda enormemente la vida de la soberana, aliviar\u00eda sus obligaciones, podr\u00eda levantar el pie del acelerador y relajarse. Pero es ella quien no quiere ni abdicar ni delegar&nbsp;sus responsabilidades hasta el fin.<\/p>\n\n\n\n<p>En Gran Breta\u00f1a hay una larga historia de Regencia, que sirvi\u00f3 muchas veces para apoderarse del poder. Hoy la cuesti\u00f3n no es si el rey designado es muy joven, sino que la soberana se volver\u00e1 demasiado anciana para continuar en el cargo.<img decoding=\"async\" src=\"https:\/\/www.clarin.com\/img\/2022\/05\/11\/el-principe-carlos-heredero-de___gEljNJO2U_720x0__1.jpg\" alt=\"El pr\u00edncipe Carlos, heredero de la reina Isabel, el 10 de mayo en el Parlamento brit\u00e1nico.  Foto: AP\"><\/p>\n\n\n\n<p>El pr\u00edncipe Carlos, heredero de la reina Isabel, el 10 de mayo en el Parlamento brit\u00e1nico. Foto: AP<\/p>\n\n\n\n<p><strong><span style=\"background-color:#a3000d\" class=\"td_text_highlight_marker\">\u00abPr\u00edncipe regente\u00bb\u00a0<\/span><\/strong><\/p>\n\n\n\n<p>Con 73 a\u00f1os, el pr\u00edncipe Carlos tambi\u00e9n est\u00e1 impaciente. \u201cPor supuesto que lo estoy. A mi tambi\u00e9n se me va a acabar el tiempo\u201d, admiti\u00f3 en Escocia. El es el rey en espera desde que tiene 18 a\u00f1os.<\/p>\n\n\n\n<p>El Acta de Regencia brit\u00e1nica establece que se procede a designar a un regente si un menor llega al trono o ante \u201cla incapacidad del soberano\u201d.<\/p>\n\n\n\n<p>Probablemente el tiempo ha llegado para la reina Isabel. Pero la palabra Abdicaci\u00f3n es impronunciable en la corte de St James. Es probable que pueda derivar algunas de sus obligaciones mientras mantiene la corona y el respecto que la acompa\u00f1a.&nbsp;<strong>Una Regencia \u201csoft\u201d<\/strong>&nbsp;es la que puede esperarle al pr\u00edncipe Carlos. Es constitucionalmente aceptable.<\/p>\n\n\n\n<p>Cuando la reina muera, Carlos se convertir\u00e1 en Charles III y la suceder\u00e1. A el lo reemplazar\u00e1 su hijo, William V. \u00bfPero qu\u00e9 suceder\u00eda si toda la l\u00ednea de sucesi\u00f3n muere cuando los chicos de William son chiquitos para asumir el trono?<\/p>\n\n\n\n<p>Bajo las actuales leyes de Regencia, es el pr\u00edncipe Harry el Regente en ese caso. Pero si sigue viviendo en California no estar\u00eda habilitado. En ese caso le corresponde al pr\u00edncipe Andrew, el hijo favorito de la reina, que \u201cprohibido\u201d, almuerza con ella cada d\u00eda en el palacio de Windsor y la acompa\u00f1ar\u00e1 a la catedral de St Paul.<\/p>\n\n\n\n<figure class=\"wp-block-embed is-type-video is-provider-youtube wp-block-embed-youtube wp-embed-aspect-4-3 wp-has-aspect-ratio\"><div class=\"wp-block-embed__wrapper\">\n<div class=\"jeg_video_container jeg_video_content\"><iframe title=\"Watch Trooping the Colour in full: The Queen&#039;s Platinum Jubilee 2022 full spectacular parade\" width=\"500\" height=\"281\" src=\"https:\/\/www.youtube.com\/embed\/-zDyl7XF4y8?feature=oembed\" frameborder=\"0\" allow=\"accelerometer; autoplay; clipboard-write; encrypted-media; gyroscope; picture-in-picture; web-share\" referrerpolicy=\"strict-origin-when-cross-origin\" allowfullscreen><\/iframe><\/div>\n<\/div><\/figure>\n\n\n\n<p class=\"has-text-align-right\"><strong><em>Clarin.-<\/em><\/strong><\/p>\n","protected":false},"excerpt":{"rendered":"<p>Sus hijos y nietos dejan atr\u00e1s las peleas para los festejos por los 70 a\u00f1os de su coronaci\u00f3n. El pasado y el futuro de la Corona brit\u00e1nica.<\/p>\n","protected":false},"author":2,"featured_media":18353,"comment_status":"open","ping_status":"open","sticky":false,"template":"","format":"standard","meta":{"jnews-multi-image_gallery":[],"jnews_single_post":[],"jnews_primary_category":[],"jnews_social_meta":[],"jnews_review":[],"enable_review":"","type":"","name":"","summary":"","brand":"","sku":"","good":[],"bad":[],"score_override":"","override_value":"","rating":[],"price":[],"jnews_override_counter":[],"jnews_post_split":[],"footnotes":""},"categories":[50],"tags":[355,2427,45,2066],"class_list":["post-18758","post","type-post","status-publish","format-standard","has-post-thumbnail","hentry","category-entretenimiento","tag-familia-real","tag-jubileo","tag-noticias","tag-reina-isabel-ii"],"_links":{"self":[{"href":"https:\/\/esreviral.com\/index.php?rest_route=\/wp\/v2\/posts\/18758","targetHints":{"allow":["GET"]}}],"collection":[{"href":"https:\/\/esreviral.com\/index.php?rest_route=\/wp\/v2\/posts"}],"about":[{"href":"https:\/\/esreviral.com\/index.php?rest_route=\/wp\/v2\/types\/post"}],"author":[{"embeddable":true,"href":"https:\/\/esreviral.com\/index.php?rest_route=\/wp\/v2\/users\/2"}],"replies":[{"embeddable":true,"href":"https:\/\/esreviral.com\/index.php?rest_route=%2Fwp%2Fv2%2Fcomments&post=18758"}],"version-history":[{"count":0,"href":"https:\/\/esreviral.com\/index.php?rest_route=\/wp\/v2\/posts\/18758\/revisions"}],"wp:featuredmedia":[{"embeddable":true,"href":"https:\/\/esreviral.com\/index.php?rest_route=\/"}],"wp:attachment":[{"href":"https:\/\/esreviral.com\/index.php?rest_route=%2Fwp%2Fv2%2Fmedia&parent=18758"}],"wp:term":[{"taxonomy":"category","embeddable":true,"href":"https:\/\/esreviral.com\/index.php?rest_route=%2Fwp%2Fv2%2Fcategories&post=18758"},{"taxonomy":"post_tag","embeddable":true,"href":"https:\/\/esreviral.com\/index.php?rest_route=%2Fwp%2Fv2%2Ftags&post=18758"}],"curies":[{"name":"wp","href":"https:\/\/api.w.org\/{rel}","templated":true}]}}