{"id":18707,"date":"2022-06-01T09:32:00","date_gmt":"2022-06-01T12:32:00","guid":{"rendered":"https:\/\/esreviral.com\/?p=18707"},"modified":"2022-06-01T09:32:00","modified_gmt":"2022-06-01T12:32:00","slug":"catorce-mineros-atrapados-por-accidente-en-una-mina-en-colombiaaccidente","status":"publish","type":"post","link":"https:\/\/esreviral.com\/?p=18707","title":{"rendered":"Catorce mineros atrapados por accidente en una mina en Colombiaaccidente"},"content":{"rendered":"\n<p class=\"has-drop-cap\">Catorce obreros est\u00e1n atrapados en una mina de carb\u00f3n en el municipio colombiano de Zulia, en la frontera con\u00a0Venezuela, tras una explosi\u00f3n, informaron autoridades locales este martes.<\/p>\n\n\n\n<p>\u00abEstamos todos preocupados porque son 14 mineros que hay adentro y no nos dicen nada de si est\u00e1n vivos (o) est\u00e1n muertos\u00bb, dijo a la\u00a0AFP, Bel\u00e9n Contreras, esposa de uno de los hombres atrapados entre los escombros.<\/p>\n\n\n\n<p>Junto a los dem\u00e1s familiares Contreras espera entre l\u00e1grimas noticias del rescate en la zona rural donde se encuentra la mina, que explot\u00f3 por una acumulaci\u00f3n de \u00abmetano y polvo de carb\u00f3n\u00bb, seg\u00fan la estatal Agencia Nacional de Miner\u00eda.<\/p>\n\n\n\n<p>\u00abNo perdemos la fe y&nbsp;la esperanza de que estas 14 personas que est\u00e1n all\u00ed atrapadas pueda ser que las encontremos con vida\u00bb, dijo Manuel Pradilla, alcalde de El Zulia, en entrevista con el canal RCN.<\/p>\n\n\n\n<p>Seg\u00fan Catalina Gheorghe, quien lidera el operativo de b\u00fasqueda de la ANM, \u00abes un rescate muy dif\u00edcil\u00bb y \u00abseguramente va a tomar varios d\u00edas m\u00e1s\u00bb.<\/p>\n\n\n\n<p>Uno de los obreros que se encontraba&nbsp;en el exterior de la mina fue alcanzado por la onda explosiva y se recupera de varias quemaduras en un hospital de la zona, agreg\u00f3 Pradilla.<\/p>\n\n\n\n<p>El secretario de Salud del municipio, Gerson Hoyos,&nbsp;asegur\u00f3 que la explotaci\u00f3n opera legalmente y \u00abpertenece al complejo de Carbomax\u00bb, en el fronterizo departamento de Norte de Santander.<\/p>\n\n\n\n<p>Los organismos de socorro trabajan para rescatar a los mineros, mientras sus familiares esperan en los alrededores del lugar de la explosi\u00f3n, seg\u00fan im\u00e1genes divulgadas en medios locales.<\/p>\n\n\n\n<p>La miner\u00eda y el petr\u00f3leo son los principales productos de exportaci\u00f3n de Colombia.<\/p>\n\n\n\n<p>Colombia, cuarta econom\u00eda de Am\u00e9rica Latina, registr\u00f3 el a\u00f1o pasado 148 muertes en accidentes mineros.<\/p>\n\n\n\n<p class=\"has-text-align-right\"><em><strong>ElNacion<\/strong><\/em><strong><em>al.-<\/em><\/strong><\/p>\n","protected":false},"excerpt":{"rendered":"<p>Uno de los obreros que se encontraba en el exterior de la mina fue alcanzado por la onda explosiva y se recupera de varias quemaduras en un hospital de la zona, agreg\u00f3 Pradilla<\/p>\n","protected":false},"author":2,"featured_media":18708,"comment_status":"open","ping_status":"open","sticky":false,"template":"","format":"standard","meta":{"jnews-multi-image_gallery":[],"jnews_single_post":[],"jnews_primary_category":[],"jnews_social_meta":[],"jnews_review":[],"enable_review":"","type":"","name":"","summary":"","brand":"","sku":"","good":[],"bad":[],"score_override":"","override_value":"","rating":[],"price":[],"jnews_override_counter":[],"jnews_post_split":[],"footnotes":""},"categories":[64],"tags":[433,283,2411,2412,45],"class_list":["post-18707","post","type-post","status-publish","format-standard","has-post-thumbnail","hentry","category-sucesos","tag-accidente","tag-colombia","tag-mina","tag-mineros","tag-noticias"],"amp_enabled":true,"_links":{"self":[{"href":"https:\/\/esreviral.com\/index.php?rest_route=\/wp\/v2\/posts\/18707"}],"collection":[{"href":"https:\/\/esreviral.com\/index.php?rest_route=\/wp\/v2\/posts"}],"about":[{"href":"https:\/\/esreviral.com\/index.php?rest_route=\/wp\/v2\/types\/post"}],"author":[{"embeddable":true,"href":"https:\/\/esreviral.com\/index.php?rest_route=\/wp\/v2\/users\/2"}],"replies":[{"embeddable":true,"href":"https:\/\/esreviral.com\/index.php?rest_route=%2Fwp%2Fv2%2Fcomments&post=18707"}],"version-history":[{"count":0,"href":"https:\/\/esreviral.com\/index.php?rest_route=\/wp\/v2\/posts\/18707\/revisions"}],"wp:featuredmedia":[{"embeddable":true,"href":"https:\/\/esreviral.com\/index.php?rest_route=\/"}],"wp:attachment":[{"href":"https:\/\/esreviral.com\/index.php?rest_route=%2Fwp%2Fv2%2Fmedia&parent=18707"}],"wp:term":[{"taxonomy":"category","embeddable":true,"href":"https:\/\/esreviral.com\/index.php?rest_route=%2Fwp%2Fv2%2Fcategories&post=18707"},{"taxonomy":"post_tag","embeddable":true,"href":"https:\/\/esreviral.com\/index.php?rest_route=%2Fwp%2Fv2%2Ftags&post=18707"}],"curies":[{"name":"wp","href":"https:\/\/api.w.org\/{rel}","templated":true}]}}