{"id":1870,"date":"2020-11-19T20:57:05","date_gmt":"2020-11-19T20:57:05","guid":{"rendered":"http:\/\/esreviral.com\/?p=1870"},"modified":"2020-11-19T20:57:05","modified_gmt":"2020-11-19T20:57:05","slug":"asamblea-nacional-aprobo-preguntas-definitivas-de-la-consulta-popular","status":"publish","type":"post","link":"https:\/\/esreviral.com\/?p=1870","title":{"rendered":"Asamblea Nacional aprob\u00f3 preguntas definitivas de la Consulta Popular"},"content":{"rendered":"\n<p>La Asamblea Nacional en Sesi\u00f3n ordinaria este martes, aprob\u00f3 las tres preguntas definitivas que contempla la Consulta Popular la cual se desarrollar\u00e1 entre el 07 y 12 de diciembre del presente a\u00f1o.<\/p>\n\n\n\n<p>Cabe recordar que la Consulta Popular se desarrollar\u00e1 en dos fases; primero; se activar\u00e1 el \u201cOperativo Contra el Fraude\u201d los d\u00edas 5 y 6 de diciembre y la segunda fase; comenzar\u00e1 desde el d\u00eda 7 hasta el 12 de diciembre para la participaci\u00f3n digital, donde a trav\u00e9s de 4 instrumentos electr\u00f3nicos pueden registrar el voto y el d\u00eda 12 de diciembre, los ciudadanos pueden ejercer la participaci\u00f3n presencial en las mesas distribuidas a nivel nacional y en las principales ciudades del mundo.<\/p>\n\n\n\n<p><strong>A continuaci\u00f3n las preguntas:<\/strong><\/p>\n\n\n\n<p>1. \u00bfExige Usted el cese de la usurpaci\u00f3n de la Presidencia de parte de Nicol\u00e1s Maduro y convoca la realizaci\u00f3n de elecciones presidenciales y parlamentarias libres, justas y verificables?<\/p>\n\n\n\n<p><br><strong>SI&nbsp; &nbsp; &nbsp;NO<\/strong><\/p>\n\n\n\n<p>2. \u00bfRechaza usted el evento del 6 de diciembre organizado por el r\u00e9gimen de Nicol\u00e1s Maduro y solicita a la comunidad internacional su desconocimiento?<\/p>\n\n\n\n<p><br><strong>SI&nbsp; &nbsp; &nbsp;NO<\/strong><\/p>\n\n\n\n<p>3. \u00bfOrdena usted adelantar las gestiones necesarias ante la comunidad internacional para activar la cooperaci\u00f3n, acompa\u00f1amiento y asistencia que permitan rescatar nuestra democracia, atender la crisis humanitaria y proteger al pueblo de los cr\u00edmenes de lesa humanidad?<\/p>\n\n\n\n<p><br><strong>SI&nbsp; &nbsp; &nbsp;NO<\/strong><\/p>\n","protected":false},"excerpt":{"rendered":"<p>Cabe recordar que la Consulta Popular se desarrollar\u00e1 en dos fases; primero; se activar\u00e1 el \u201cOperativo Contra el Fraude\u201d los d\u00edas 5 y 6 de diciembre y la segunda fase; comenzar\u00e1 desde el d\u00eda 7 hasta el 12 de diciembre para la participaci\u00f3n digital<\/p>\n","protected":false},"author":2,"featured_media":1871,"comment_status":"open","ping_status":"open","sticky":false,"template":"","format":"standard","meta":{"jnews-multi-image_gallery":[],"jnews_single_post":[],"jnews_primary_category":[],"jnews_social_meta":[],"jnews_review":[],"enable_review":"","type":"","name":"","summary":"","brand":"","sku":"","good":[],"bad":[],"score_override":"","override_value":"","rating":[],"price":[],"jnews_override_counter":[],"jnews_post_split":[],"footnotes":""},"categories":[66],"tags":[318,319,56],"class_list":["post-1870","post","type-post","status-publish","format-standard","has-post-thumbnail","hentry","category-venezuela","tag-asamblea-nacional","tag-consulta-popular","tag-venezuela"],"amp_enabled":true,"_links":{"self":[{"href":"https:\/\/esreviral.com\/index.php?rest_route=\/wp\/v2\/posts\/1870"}],"collection":[{"href":"https:\/\/esreviral.com\/index.php?rest_route=\/wp\/v2\/posts"}],"about":[{"href":"https:\/\/esreviral.com\/index.php?rest_route=\/wp\/v2\/types\/post"}],"author":[{"embeddable":true,"href":"https:\/\/esreviral.com\/index.php?rest_route=\/wp\/v2\/users\/2"}],"replies":[{"embeddable":true,"href":"https:\/\/esreviral.com\/index.php?rest_route=%2Fwp%2Fv2%2Fcomments&post=1870"}],"version-history":[{"count":0,"href":"https:\/\/esreviral.com\/index.php?rest_route=\/wp\/v2\/posts\/1870\/revisions"}],"wp:featuredmedia":[{"embeddable":true,"href":"https:\/\/esreviral.com\/index.php?rest_route=\/"}],"wp:attachment":[{"href":"https:\/\/esreviral.com\/index.php?rest_route=%2Fwp%2Fv2%2Fmedia&parent=1870"}],"wp:term":[{"taxonomy":"category","embeddable":true,"href":"https:\/\/esreviral.com\/index.php?rest_route=%2Fwp%2Fv2%2Fcategories&post=1870"},{"taxonomy":"post_tag","embeddable":true,"href":"https:\/\/esreviral.com\/index.php?rest_route=%2Fwp%2Fv2%2Ftags&post=1870"}],"curies":[{"name":"wp","href":"https:\/\/api.w.org\/{rel}","templated":true}]}}