{"id":18695,"date":"2022-06-01T08:50:35","date_gmt":"2022-06-01T11:50:35","guid":{"rendered":"https:\/\/esreviral.com\/?p=18695"},"modified":"2022-06-01T08:50:35","modified_gmt":"2022-06-01T11:50:35","slug":"larreta-alberto-va-a-la-cumbre-de-las-americas-porque-maduro-dio-el-visto-bueno","status":"publish","type":"post","link":"https:\/\/esreviral.com\/?p=18695","title":{"rendered":"Larreta: Alberto va a la Cumbre de las Am\u00e9ricas porque Maduro dio el visto bueno"},"content":{"rendered":"\n<p class=\"has-drop-cap\">En una conferencia de prensa, tambi\u00e9n pidi\u00f3 que el Gobierno nacional sea \u00abcoherente\u00bb en su pol\u00edtica exterior. Seg\u00fan el jefe comunal, el Gobierno muestra \u00absus contradicciones\u00bb en sus relaciones bilaterales y enfatiz\u00f3 que \u00ablo que tenemos que generar es confianza, credibilidad y relaciones a largo plazo\u00bb.<\/p>\n\n\n\n<p>En esa l\u00ednea se sum\u00f3 m\u00e1s tarde el secretario General y de Relaciones Internacionales porte\u00f1o, Fernando Straface, quien cuestion\u00f3 el alineamiento del Gobierno nacional con Venezuela. \u201cLa raz\u00f3n final por la que Alberto Fern\u00e1ndez ir\u00eda a la Cumbre de las Am\u00e9ricas, que es la novela de esta semana en las idas y vueltas del Presidente, es porque Maduro le dio el<\/p>\n\n\n\n<p>visto bueno\u201d, sostuvo Straface \u201cLa pregunta que nos tenemos que hacer es por qu\u00e9 nuestro gobierno encabezado por Alberto Fern\u00e1ndez en vez de empujar una agenda de desarrollo para el bienestar de los argentinos, en una oportunidad tan importante como es reunirse con el resto de los presidentes de Am\u00e9rica, se enreda en una discusi\u00f3n ideol\u00f3gica que es antigua. Hoy el gobierno nacional no tiene una pol\u00edtica exterior\u201d, cerr\u00f3. Larreta tambi\u00e9n habl\u00f3 del fallo de la Corte por la coparticipaci\u00f3n. \u00abSi nos devuelve los fondos, yo me comprometo a bajar los impuestos de manera autom\u00e1tica\u00bb, remarc\u00f3 durante una presentaci\u00f3n sobre el sistema de videovigilancia de la Polic\u00eda Metropolitana que se llev\u00f3 a cabo en el Centro de Monitoreo Urbano de la Ciudad, ubicado en Jorge Newbery 4218.<\/p>\n\n\n\n<p>La Ciudad denunci\u00f3 ante la Justicia para denunciar la quita de fondos y el m\u00e1ximo Tribunal dio, en marzo pasado, 30 d\u00edas h\u00e1biles para llegar a un acuerdo, luego extendido, hasta el pasado 11 de mayo, con lo cual la Corte Suprema qued\u00f3 en condiciones de expedirse sobre el tema.<\/p>\n\n\n\n<p>Al ser consultado si incorporar\u00eda a planta permanente a 30.000 agentes estatales, manifest\u00f3 que \u00abtodo lo que signifique sumar m\u00e1s gasto hay que analizarlo con cuidado\u00bb.<\/p>\n\n\n\n<p class=\"has-text-align-right\"><strong><em>Clarin&nbsp;.-<\/em><\/strong><\/p>\n","protected":false},"excerpt":{"rendered":"<p>El jefe de Gobierno porte\u00f1o, Horacio Rodr\u00edguez Larreta, cuestion\u00f3 este martes la pol\u00edtica exterior del Gobierno y dijo que \u00abArgentina no puede tener de aliados a pa\u00edses que no respetan los derechos humanos, como Cuba y Venezuela\u00bb.<\/p>\n","protected":false},"author":2,"featured_media":18698,"comment_status":"open","ping_status":"open","sticky":false,"template":"","format":"standard","meta":{"jnews-multi-image_gallery":[],"jnews_single_post":[],"jnews_primary_category":[],"jnews_social_meta":[],"jnews_review":[],"enable_review":"","type":"","name":"","summary":"","brand":"","sku":"","good":[],"bad":[],"score_override":"","override_value":"","rating":[],"price":[],"jnews_override_counter":[],"jnews_post_split":[],"footnotes":""},"categories":[59],"tags":[86,44,2407,478,1550,45],"class_list":["post-18695","post","type-post","status-publish","format-standard","has-post-thumbnail","hentry","category-politica","tag-alberto-fernandez","tag-argentina","tag-cumbre-de-las-americas-2","tag-horacio-rodriguez-larreta","tag-nicolas-maduro-2","tag-noticias"],"amp_enabled":true,"_links":{"self":[{"href":"https:\/\/esreviral.com\/index.php?rest_route=\/wp\/v2\/posts\/18695"}],"collection":[{"href":"https:\/\/esreviral.com\/index.php?rest_route=\/wp\/v2\/posts"}],"about":[{"href":"https:\/\/esreviral.com\/index.php?rest_route=\/wp\/v2\/types\/post"}],"author":[{"embeddable":true,"href":"https:\/\/esreviral.com\/index.php?rest_route=\/wp\/v2\/users\/2"}],"replies":[{"embeddable":true,"href":"https:\/\/esreviral.com\/index.php?rest_route=%2Fwp%2Fv2%2Fcomments&post=18695"}],"version-history":[{"count":0,"href":"https:\/\/esreviral.com\/index.php?rest_route=\/wp\/v2\/posts\/18695\/revisions"}],"wp:featuredmedia":[{"embeddable":true,"href":"https:\/\/esreviral.com\/index.php?rest_route=\/"}],"wp:attachment":[{"href":"https:\/\/esreviral.com\/index.php?rest_route=%2Fwp%2Fv2%2Fmedia&parent=18695"}],"wp:term":[{"taxonomy":"category","embeddable":true,"href":"https:\/\/esreviral.com\/index.php?rest_route=%2Fwp%2Fv2%2Fcategories&post=18695"},{"taxonomy":"post_tag","embeddable":true,"href":"https:\/\/esreviral.com\/index.php?rest_route=%2Fwp%2Fv2%2Ftags&post=18695"}],"curies":[{"name":"wp","href":"https:\/\/api.w.org\/{rel}","templated":true}]}}