{"id":1864,"date":"2020-11-19T15:14:37","date_gmt":"2020-11-19T15:14:37","guid":{"rendered":"http:\/\/esreviral.com\/?p=1864"},"modified":"2020-11-19T15:14:37","modified_gmt":"2020-11-19T15:14:37","slug":"hasta-marzo-quedaran-congeladas-las-tarifas-de-servicios-publicos","status":"publish","type":"post","link":"https:\/\/esreviral.com\/?p=1864","title":{"rendered":"Hasta marzo quedaran congeladas las tarifas de servicios p\u00fablicos"},"content":{"rendered":"\n<p>Alberto Fern\u00e1ndez, declar\u00f3 en C5N que se mantendr\u00e1n los precios de los servicios p\u00fablicos hasta marzo cuando se retome la discusi\u00f3n pero adelant\u00f3 que no se \u00abdolarizaran\u00bb las tarifas como seg\u00fan \u00e9l, pas\u00f3 en el anterior Gobierno.<\/p>\n\n\n\n<p><strong>\u00abA partir de marzo empezaremos a discutir c\u00f3mo se corrigen\u00bb las tarifas<\/strong>, afirm\u00f3 el jefe de Estado, y pese a que la discusi\u00f3n no se abrir\u00e1 hasta el pr\u00f3ximo a\u00f1o, asever\u00f3 que \u00abhay algo que todos tienen que tener en claro, la dolarizaci\u00f3n de los servicios p\u00fablicos se termin\u00f3 en la Argentina\u00bb.<\/p>\n","protected":false},"excerpt":{"rendered":"<p>Lo anunci\u00f3 el presidente Fern\u00e1ndez quien afirm\u00f3 que en Argentina \u00abse termin\u00f3 la dolarizaci\u00f3n de los servicios p\u00fablicos\u00bb<\/p>\n","protected":false},"author":2,"featured_media":1865,"comment_status":"open","ping_status":"open","sticky":false,"template":"","format":"standard","meta":{"jnews-multi-image_gallery":[],"jnews_single_post":[],"jnews_primary_category":[],"jnews_social_meta":[],"jnews_review":[],"enable_review":"","type":"","name":"","summary":"","brand":"","sku":"","good":[],"bad":[],"score_override":"","override_value":"","rating":[],"price":[],"jnews_override_counter":[],"jnews_post_split":[],"footnotes":""},"categories":[58],"tags":[265,201,316],"class_list":["post-1864","post","type-post","status-publish","format-standard","has-post-thumbnail","hentry","category-argentina","tag-precios-congelados","tag-servicio-publico","tag-tarifas"],"amp_enabled":true,"_links":{"self":[{"href":"https:\/\/esreviral.com\/index.php?rest_route=\/wp\/v2\/posts\/1864"}],"collection":[{"href":"https:\/\/esreviral.com\/index.php?rest_route=\/wp\/v2\/posts"}],"about":[{"href":"https:\/\/esreviral.com\/index.php?rest_route=\/wp\/v2\/types\/post"}],"author":[{"embeddable":true,"href":"https:\/\/esreviral.com\/index.php?rest_route=\/wp\/v2\/users\/2"}],"replies":[{"embeddable":true,"href":"https:\/\/esreviral.com\/index.php?rest_route=%2Fwp%2Fv2%2Fcomments&post=1864"}],"version-history":[{"count":0,"href":"https:\/\/esreviral.com\/index.php?rest_route=\/wp\/v2\/posts\/1864\/revisions"}],"wp:featuredmedia":[{"embeddable":true,"href":"https:\/\/esreviral.com\/index.php?rest_route=\/"}],"wp:attachment":[{"href":"https:\/\/esreviral.com\/index.php?rest_route=%2Fwp%2Fv2%2Fmedia&parent=1864"}],"wp:term":[{"taxonomy":"category","embeddable":true,"href":"https:\/\/esreviral.com\/index.php?rest_route=%2Fwp%2Fv2%2Fcategories&post=1864"},{"taxonomy":"post_tag","embeddable":true,"href":"https:\/\/esreviral.com\/index.php?rest_route=%2Fwp%2Fv2%2Ftags&post=1864"}],"curies":[{"name":"wp","href":"https:\/\/api.w.org\/{rel}","templated":true}]}}