{"id":18611,"date":"2022-05-31T08:22:50","date_gmt":"2022-05-31T11:22:50","guid":{"rendered":"https:\/\/esreviral.com\/?p=18611"},"modified":"2022-05-31T08:22:50","modified_gmt":"2022-05-31T11:22:50","slug":"mira-el-video-de-como-clausuraron-un-un-sauna-en-villa-urquiza","status":"publish","type":"post","link":"https:\/\/esreviral.com\/?p=18611","title":{"rendered":"Mira el video de c\u00f3mo clausuraron un sauna en Villa Urquiza"},"content":{"rendered":"\n<p class=\"has-drop-cap\">El hecho ocurri\u00f3 cuando efectivos de la Divisi\u00f3n Delitos Contra la Salud y Seguridad Personal, junto con la AGC, realizaron una inspecci\u00f3n en un inmueble ubicado en Holmberg al 2300, donde al ingresar observaron a siete mujeres ejerciendo la prostituci\u00f3n con cinco clientes mayores de edad.<\/p>\n\n\n\n<p>Durante el procedimiento dieron con la encargada del lugar, una mujer de nacionalidad brasile\u00f1a de 38 a\u00f1os, quien result\u00f3 detenida por explotaci\u00f3n sexual por instrucci\u00f3n de la Unidad Fiscal de Flagrancia Norte, a cargo del Dr. Galvaire.<\/p>\n\n\n\n<p>Si bien las mujeres que se encontraban en el lugar no eran v\u00edctimas de trata de personas, la regentora fue aprehendida por explotaci\u00f3n laboral.<\/p>\n\n\n\n<p>Se incautaron nueve celulares, anotaciones varias, material relacionado con la prostituci\u00f3n, 22 mil pesos y 200 d\u00f3lares estadounidenses en efectivo. El lugar, en tanto, fue clausurado.<\/p>\n\n\n\n<figure class=\"wp-block-embed is-type-video is-provider-youtube wp-block-embed-youtube wp-embed-aspect-16-9 wp-has-aspect-ratio\"><div class=\"wp-block-embed__wrapper\">\n <div class=\"jeg_video_container jeg_video_content\"><iframe title=\"Clausura sauna en Villa Urquiza\" width=\"500\" height=\"281\" src=\"https:\/\/www.youtube.com\/embed\/_bGMgkL11Xk?feature=oembed\" frameborder=\"0\" allow=\"accelerometer; autoplay; clipboard-write; encrypted-media; gyroscope; picture-in-picture; web-share\" referrerpolicy=\"strict-origin-when-cross-origin\" allowfullscreen><\/iframe><\/div>\n<\/div><\/figure>\n\n\n\n<p class=\"has-text-align-right\"><strong><em>Polic\u00eda de CABA.-<\/em><\/strong><\/p>\n","protected":false},"excerpt":{"rendered":"<p>Tras un operativo realizado por la Polic\u00eda de la Ciudad y la Agencia Gubernamental de Control (AGC) fue clausurado un sauna y se detuvo a la encargada en el barrio de Villa Urquiza.<\/p>\n","protected":false},"author":2,"featured_media":18612,"comment_status":"open","ping_status":"open","sticky":false,"template":"","format":"standard","meta":{"jnews-multi-image_gallery":[],"jnews_single_post":[],"jnews_primary_category":[],"jnews_social_meta":[],"jnews_review":[],"enable_review":"","type":"","name":"","summary":"","brand":"","sku":"","good":[],"bad":[],"score_override":"","override_value":"","rating":[],"price":[],"jnews_override_counter":[],"jnews_post_split":[],"footnotes":""},"categories":[58],"tags":[44,810,45,2374,1898],"class_list":["post-18611","post","type-post","status-publish","format-standard","has-post-thumbnail","hentry","category-argentina","tag-argentina","tag-clausura","tag-noticias","tag-sauna","tag-villa-urquiza"],"amp_enabled":true,"_links":{"self":[{"href":"https:\/\/esreviral.com\/index.php?rest_route=\/wp\/v2\/posts\/18611"}],"collection":[{"href":"https:\/\/esreviral.com\/index.php?rest_route=\/wp\/v2\/posts"}],"about":[{"href":"https:\/\/esreviral.com\/index.php?rest_route=\/wp\/v2\/types\/post"}],"author":[{"embeddable":true,"href":"https:\/\/esreviral.com\/index.php?rest_route=\/wp\/v2\/users\/2"}],"replies":[{"embeddable":true,"href":"https:\/\/esreviral.com\/index.php?rest_route=%2Fwp%2Fv2%2Fcomments&post=18611"}],"version-history":[{"count":0,"href":"https:\/\/esreviral.com\/index.php?rest_route=\/wp\/v2\/posts\/18611\/revisions"}],"wp:featuredmedia":[{"embeddable":true,"href":"https:\/\/esreviral.com\/index.php?rest_route=\/"}],"wp:attachment":[{"href":"https:\/\/esreviral.com\/index.php?rest_route=%2Fwp%2Fv2%2Fmedia&parent=18611"}],"wp:term":[{"taxonomy":"category","embeddable":true,"href":"https:\/\/esreviral.com\/index.php?rest_route=%2Fwp%2Fv2%2Fcategories&post=18611"},{"taxonomy":"post_tag","embeddable":true,"href":"https:\/\/esreviral.com\/index.php?rest_route=%2Fwp%2Fv2%2Ftags&post=18611"}],"curies":[{"name":"wp","href":"https:\/\/api.w.org\/{rel}","templated":true}]}}