{"id":18590,"date":"2022-05-30T16:04:11","date_gmt":"2022-05-30T19:04:11","guid":{"rendered":"https:\/\/esreviral.com\/?p=18590"},"modified":"2022-05-30T16:04:11","modified_gmt":"2022-05-30T19:04:11","slug":"venezolano-quedo-subcampeon-en-la-vuelta-cordoba-en-la-categoria-ciclismo-adaptado","status":"publish","type":"post","link":"https:\/\/esreviral.com\/?p=18590","title":{"rendered":"Venezolano qued\u00f3 subcampe\u00f3n en la vuelta C\u00f3rdoba en la categor\u00eda ciclismo adaptado"},"content":{"rendered":"\n<p><strong><em>Carlos Iv\u00e1n Su\u00e1rez.- <\/em>Jairo Alexander Duarte Medina, dedica siete horas del d\u00eda a hacer delivery para subsistir y otras cinco a entrenar <\/strong>y ese esfuerzo vali\u00f3 este domingo, cuando el atleta paral\u00edmpico de la selecci\u00f3n nacional venezolana de paraciclismo,<strong> <\/strong>qued\u00f3 subcampe\u00f3n en la vuelta C\u00f3rdoba 2022, en la categor\u00eda ciclismo adaptado, donde participaron unos tres mil atletas. <\/p>\n\n\n\n<p><strong>Duarte Medina, tiene cuatro a\u00f1os aproximadamente en Argentina, a donde lleg\u00f3 junto a su esposa, Alice Varela, tambi\u00e9n atleta paral\u00edmpica, <\/strong>gracias a una invitaci\u00f3n para un tour de ciclismo que se realiz\u00f3 desde Vi\u00f1a del Mar, Chile, hasta Buenos Aires, en el que pedalearon todo un mes a beneficio de una fundaci\u00f3n de ni\u00f1os con desnutrici\u00f3n.<\/p>\n\n\n\n<div class=\"wp-block-image\"><figure class=\"alignright size-large is-resized\"><img fetchpriority=\"high\" decoding=\"async\" src=\"https:\/\/esreviral.com\/wp-content\/uploads\/2022\/05\/Captura-de-Pantalla-2022-05-30-a-las-16.01.37-708x1024.png\" alt=\"\" class=\"wp-image-18593\" width=\"408\" height=\"582\"\/><figcaption>Jairo Duarte, de 30 a\u00f1os de edad, oriundo de Mariara, estado Carabobo<\/figcaption><\/figure><\/div>\n\n\n\n<p><strong>\u00abDecidimos quedarnos aqu\u00ed en C\u00f3rdoba para poder seguir prepar\u00e1ndonos para nuestras competencias pero nos cost\u00f3 mucho entrenar y trabajar al mismo tiempo\u00bb,<\/strong> confiesa Alice, emocionada por el triunfo de su esposo. <\/p>\n\n\n\n<p>Ahora, el atleta de 30 a\u00f1os de edad, se prepara para el campeonato mundial en Canad\u00e1 y para los Juegos Panamericanos de Chile, <strong>rumbo a los Juegos Paral\u00edmpicos Paris 2024, <\/strong>donde representar\u00eda a Venezuela, por lo que requiere de patrocinios. <\/p>\n\n\n\n<p><strong><span style=\"background-color:#9a1b22\" class=\"td_text_highlight_marker\">Amor en dos ruedas<\/span><\/strong><\/p>\n\n\n\n<p><strong>Varela y Duarte se conocieron hace cinco a\u00f1os en Venezuela en medio de los entrenamientos en la selecci\u00f3n nacional. <\/strong>\u00c9l de Mariara, estado Carabobo y ella de T\u00e1chira pero la pasi\u00f3n por las bicicletas tambi\u00e9n los llev\u00f3 a una uni\u00f3n sentimental. <\/p>\n\n\n\n<p>Actualmente, <strong>esperan a su primog\u00e9nito que tiene cinco meses de gestaci\u00f3n pero una vez nazca,<\/strong> Alice retomar\u00e1 sus entrenamientos para buscar un cupo en los Juegos Paral\u00edmpicos Paris 2024. <\/p>\n\n\n\n<figure class=\"wp-block-image size-large\"><img decoding=\"async\" src=\"https:\/\/esreviral.com\/wp-content\/uploads\/2022\/05\/Captura-de-Pantalla-2022-05-30-a-las-15.56.56-1024x942.png\" alt=\"\" class=\"wp-image-18594\"\/><figcaption>Alice y Jairo esperan a su primog\u00e9nito quien tiene cinco meses de gestaci\u00f3n <\/figcaption><\/figure>\n","protected":false},"excerpt":{"rendered":"<p>Su esposa tambi\u00e9n es atleta paral\u00edmpica y esperan a su primog\u00e9nito al tiempo que se preparan para los Juegos Paral\u00edmpicos Paris 2024<\/p>\n","protected":false},"author":2,"featured_media":18591,"comment_status":"open","ping_status":"open","sticky":false,"template":"","format":"standard","meta":{"jnews-multi-image_gallery":[],"jnews_single_post":[],"jnews_primary_category":[],"jnews_social_meta":[],"jnews_review":[],"enable_review":"","type":"","name":"","summary":"","brand":"","sku":"","good":[],"bad":[],"score_override":"","override_value":"","rating":[],"price":[],"jnews_override_counter":[],"jnews_post_split":[],"footnotes":""},"categories":[48,54],"tags":[2366,2367,2368,45,67],"class_list":["post-18590","post","type-post","status-publish","format-standard","has-post-thumbnail","hentry","category-deportes","category-inmigracion","tag-alice-varela","tag-ciclismo-paralimpico","tag-jairo-alexander-duarte-medina","tag-noticias","tag-venezolanos-en-argentina"],"amp_enabled":true,"_links":{"self":[{"href":"https:\/\/esreviral.com\/index.php?rest_route=\/wp\/v2\/posts\/18590"}],"collection":[{"href":"https:\/\/esreviral.com\/index.php?rest_route=\/wp\/v2\/posts"}],"about":[{"href":"https:\/\/esreviral.com\/index.php?rest_route=\/wp\/v2\/types\/post"}],"author":[{"embeddable":true,"href":"https:\/\/esreviral.com\/index.php?rest_route=\/wp\/v2\/users\/2"}],"replies":[{"embeddable":true,"href":"https:\/\/esreviral.com\/index.php?rest_route=%2Fwp%2Fv2%2Fcomments&post=18590"}],"version-history":[{"count":0,"href":"https:\/\/esreviral.com\/index.php?rest_route=\/wp\/v2\/posts\/18590\/revisions"}],"wp:featuredmedia":[{"embeddable":true,"href":"https:\/\/esreviral.com\/index.php?rest_route=\/"}],"wp:attachment":[{"href":"https:\/\/esreviral.com\/index.php?rest_route=%2Fwp%2Fv2%2Fmedia&parent=18590"}],"wp:term":[{"taxonomy":"category","embeddable":true,"href":"https:\/\/esreviral.com\/index.php?rest_route=%2Fwp%2Fv2%2Fcategories&post=18590"},{"taxonomy":"post_tag","embeddable":true,"href":"https:\/\/esreviral.com\/index.php?rest_route=%2Fwp%2Fv2%2Ftags&post=18590"}],"curies":[{"name":"wp","href":"https:\/\/api.w.org\/{rel}","templated":true}]}}