{"id":1857,"date":"2020-11-19T14:55:24","date_gmt":"2020-11-19T14:55:24","guid":{"rendered":"http:\/\/esreviral.com\/?p=1857"},"modified":"2020-11-19T14:55:24","modified_gmt":"2020-11-19T14:55:24","slug":"luego-de-10-anos-eeuu-nombra-embajador-en-venezuela","status":"publish","type":"post","link":"https:\/\/esreviral.com\/?p=1857","title":{"rendered":"Luego de 10 a\u00f1os, EEUU nombra embajador en Venezuela"},"content":{"rendered":"\n<p><strong><em>Carlos Iv\u00e1n Su\u00e1rez.-<\/em><\/strong> Ser\u00e1 el diplom\u00e1tico James Story, el primer embajador norteamericano en Venezuela desde hace 10 a\u00f1os, as\u00ed lo confirm\u00f3 el senado de Estadoss Unidos, quien tambi\u00e9n inform\u00f3 que realizar\u00e1 sus actividades desde Bogot\u00e1, Colombia. <\/p>\n\n\n\n<p>El cargo estaba vac\u00edo desde el a\u00f1o 2010, cuando Venezuela y EEUU rompieron sus relaciones bilaterales por \u00f3rdenes de los expresidentes Obama y Ch\u00e1vez (+).<\/p>\n\n\n\n<p>Desde la embajada venezolana en Estados Unidos mostraron su satisfacci\u00f3n y felicitaron a Story.<\/p>\n\n\n\n<figure class=\"wp-block-embed-twitter wp-block-embed is-type-rich is-provider-twitter\"><div class=\"wp-block-embed__wrapper\">\n<blockquote class=\"twitter-tweet\" data-width=\"500\" data-dnt=\"true\"><p lang=\"es\" dir=\"ltr\">\u00a1Felicitaciones al Embajador James Story!, confirmado hoy por el Senado de los Estados Unidos. <a href=\"https:\/\/twitter.com\/hashtag\/EstamosUnidosVE?src=hash&amp;ref_src=twsrc%5Etfw\">#EstamosUnidosVE<\/a> <a href=\"https:\/\/t.co\/FrIrTUEMOO\">https:\/\/t.co\/FrIrTUEMOO<\/a><\/p>&mdash; Embajada de los EE.UU., Venezuela (@usembassyve) <a href=\"https:\/\/twitter.com\/usembassyve\/status\/1329255322834399232?ref_src=twsrc%5Etfw\">November 19, 2020<\/a><\/blockquote><script async src=\"https:\/\/platform.twitter.com\/widgets.js\" charset=\"utf-8\"><\/script>\n<\/div><\/figure>\n\n\n\n<p>El gobierno del presidente Donald Trump, finiquit\u00f3 relaciones definitivas en 2019 cuando reconoci\u00f3 a Juan Guaid\u00f3 como presidente interino de Venezuela y cambiaron al personal diplom\u00e1tico hasta Colombia. <\/p>\n","protected":false},"excerpt":{"rendered":"<p>El cargo permanec\u00eda vacante desde 2010, cuando Washington y Caracas rebajaron el nivel de sus relaciones bilaterales por orden de los entonces presidentes, Barack Obama y Hugo Ch\u00e1vez<\/p>\n","protected":false},"author":2,"featured_media":1858,"comment_status":"open","ping_status":"open","sticky":false,"template":"","format":"standard","meta":{"jnews-multi-image_gallery":[],"jnews_single_post":[],"jnews_primary_category":[],"jnews_social_meta":[],"jnews_review":[],"enable_review":"","type":"","name":"","summary":"","brand":"","sku":"","good":[],"bad":[],"score_override":"","override_value":"","rating":[],"price":[],"jnews_override_counter":[],"jnews_post_split":[],"footnotes":""},"categories":[88],"tags":[118,136,56],"class_list":["post-1857","post","type-post","status-publish","format-standard","has-post-thumbnail","hentry","category-internacionales","tag-embajada","tag-estados-unidos","tag-venezuela"],"amp_enabled":true,"_links":{"self":[{"href":"https:\/\/esreviral.com\/index.php?rest_route=\/wp\/v2\/posts\/1857"}],"collection":[{"href":"https:\/\/esreviral.com\/index.php?rest_route=\/wp\/v2\/posts"}],"about":[{"href":"https:\/\/esreviral.com\/index.php?rest_route=\/wp\/v2\/types\/post"}],"author":[{"embeddable":true,"href":"https:\/\/esreviral.com\/index.php?rest_route=\/wp\/v2\/users\/2"}],"replies":[{"embeddable":true,"href":"https:\/\/esreviral.com\/index.php?rest_route=%2Fwp%2Fv2%2Fcomments&post=1857"}],"version-history":[{"count":0,"href":"https:\/\/esreviral.com\/index.php?rest_route=\/wp\/v2\/posts\/1857\/revisions"}],"wp:featuredmedia":[{"embeddable":true,"href":"https:\/\/esreviral.com\/index.php?rest_route=\/"}],"wp:attachment":[{"href":"https:\/\/esreviral.com\/index.php?rest_route=%2Fwp%2Fv2%2Fmedia&parent=1857"}],"wp:term":[{"taxonomy":"category","embeddable":true,"href":"https:\/\/esreviral.com\/index.php?rest_route=%2Fwp%2Fv2%2Fcategories&post=1857"},{"taxonomy":"post_tag","embeddable":true,"href":"https:\/\/esreviral.com\/index.php?rest_route=%2Fwp%2Fv2%2Ftags&post=1857"}],"curies":[{"name":"wp","href":"https:\/\/api.w.org\/{rel}","templated":true}]}}