{"id":18559,"date":"2022-05-30T09:32:39","date_gmt":"2022-05-30T12:32:39","guid":{"rendered":"https:\/\/esreviral.com\/?p=18559"},"modified":"2022-05-30T09:32:39","modified_gmt":"2022-05-30T12:32:39","slug":"esta-semana-habra-mucho-frio-en-la-ciudad-debido-a-las-bajas-temperaturas","status":"publish","type":"post","link":"https:\/\/esreviral.com\/?p=18559","title":{"rendered":"Fr\u00edo polar en la ciudad se extender\u00e1 durante la semana"},"content":{"rendered":"\n<p class=\"has-drop-cap\">Este lunes se presenta en la ciudad de Buenos Aires y alrededores con una temperatura estimada en -1 grados de m\u00ednima y 12 grados de m\u00e1xima, cielo despejado por la ma\u00f1ana y parcialmente nublado a la tarde, y vientos que soplar\u00e1n del suroeste rotando al sur, inform\u00f3 el Servicio Meteorol\u00f3gico Nacional (SMN).<\/p>\n\n\n\n<p>Este martes, en tanto, se espera una temperatura m\u00ednima de 2 grados y una m\u00e1xima de 12, y cielo parcialmente nublado.<\/p>\n\n\n\n<p>Para el mi\u00e9rcoles se anuncia una jornada con cielo mayormente nublado y un ascenso de la temperatura con 5 grados de m\u00ednima y 13 grados de m\u00e1xima.<\/p>\n\n\n\n<p class=\"has-text-align-right\"><strong><em>Telam.-<\/em><\/strong><\/p>\n","protected":false},"excerpt":{"rendered":"<p>Con temperatura bajo cero comienza la semana que se mantendr\u00e1 fr\u00eda por lo menos hasta el mi\u00e9rcoles.<\/p>\n","protected":false},"author":2,"featured_media":18560,"comment_status":"open","ping_status":"open","sticky":false,"template":"","format":"standard","meta":{"jnews-multi-image_gallery":[],"jnews_single_post":[],"jnews_primary_category":[],"jnews_social_meta":[],"jnews_review":[],"enable_review":"","type":"","name":"","summary":"","brand":"","sku":"","good":[],"bad":[],"score_override":"","override_value":"","rating":[],"price":[],"jnews_override_counter":[],"jnews_post_split":[],"footnotes":""},"categories":[58],"tags":[44,1016,45,1850],"class_list":["post-18559","post","type-post","status-publish","format-standard","has-post-thumbnail","hentry","category-argentina","tag-argentina","tag-clima","tag-noticias","tag-servicio-meteorologico-nacional"],"amp_enabled":true,"_links":{"self":[{"href":"https:\/\/esreviral.com\/index.php?rest_route=\/wp\/v2\/posts\/18559"}],"collection":[{"href":"https:\/\/esreviral.com\/index.php?rest_route=\/wp\/v2\/posts"}],"about":[{"href":"https:\/\/esreviral.com\/index.php?rest_route=\/wp\/v2\/types\/post"}],"author":[{"embeddable":true,"href":"https:\/\/esreviral.com\/index.php?rest_route=\/wp\/v2\/users\/2"}],"replies":[{"embeddable":true,"href":"https:\/\/esreviral.com\/index.php?rest_route=%2Fwp%2Fv2%2Fcomments&post=18559"}],"version-history":[{"count":0,"href":"https:\/\/esreviral.com\/index.php?rest_route=\/wp\/v2\/posts\/18559\/revisions"}],"wp:featuredmedia":[{"embeddable":true,"href":"https:\/\/esreviral.com\/index.php?rest_route=\/"}],"wp:attachment":[{"href":"https:\/\/esreviral.com\/index.php?rest_route=%2Fwp%2Fv2%2Fmedia&parent=18559"}],"wp:term":[{"taxonomy":"category","embeddable":true,"href":"https:\/\/esreviral.com\/index.php?rest_route=%2Fwp%2Fv2%2Fcategories&post=18559"},{"taxonomy":"post_tag","embeddable":true,"href":"https:\/\/esreviral.com\/index.php?rest_route=%2Fwp%2Fv2%2Ftags&post=18559"}],"curies":[{"name":"wp","href":"https:\/\/api.w.org\/{rel}","templated":true}]}}