{"id":18440,"date":"2022-05-27T10:02:36","date_gmt":"2022-05-27T13:02:36","guid":{"rendered":"https:\/\/esreviral.com\/?p=18440"},"modified":"2022-05-27T10:02:36","modified_gmt":"2022-05-27T13:02:36","slug":"maduro-llego-a-cuba-para-participar-en-la-xxi-cumbre-del-alba","status":"publish","type":"post","link":"https:\/\/esreviral.com\/?p=18440","title":{"rendered":"Maduro lleg\u00f3 a Cuba para participar en la XXI Cumbre del ALBA"},"content":{"rendered":"\n<p class=\"has-drop-cap\">Nicol\u00e1s Maduro arrib\u00f3 la madrugada de este viernes a La Habana, Cuba, para participar en la XXI Cumbre del ALBA-TCP, inform\u00f3 en su cuenta de\u00a0Twitter.<\/p>\n\n\n\n<p>\u201cLlegamos a la cuna de la revoluci\u00f3n: La Habana, Cuba, para participar en la XXI Cumbre del ALBA- TCP, con el objetivo de seguir profundizando en la unidad y la integraci\u00f3n de los pueblos de Am\u00e9rica Latina y el Caribe. \u00a1Que viva la unidad de los pueblos!\u201d, expres\u00f3 el jefe del chavismo.<\/p>\n\n\n\n<figure class=\"wp-block-embed is-type-rich is-provider-twitter wp-block-embed-twitter\"><div class=\"wp-block-embed__wrapper\">\n<blockquote class=\"twitter-tweet\" data-width=\"500\" data-dnt=\"true\"><p lang=\"es\" dir=\"ltr\">Llegamos a la cuna de la Revoluci\u00f3n: La Habana, Cuba, para participar en la XXI Cumbre del ALBA- TCP, con el objetivo de seguir profundizando en la unidad y la integraci\u00f3n de los Pueblos de Am\u00e9rica Latina y el Caribe. \u00a1Que Viva la Unidad de los Pueblos! <a href=\"https:\/\/t.co\/Bs9hrARPZo\">pic.twitter.com\/Bs9hrARPZo<\/a><\/p>&mdash; Nicol\u00e1s Maduro (@NicolasMaduro) <a href=\"https:\/\/twitter.com\/NicolasMaduro\/status\/1530032937852354574?ref_src=twsrc%5Etfw\">May 27, 2022<\/a><\/blockquote><script async src=\"https:\/\/platform.twitter.com\/widgets.js\" charset=\"utf-8\"><\/script>\n<\/div><\/figure>\n\n\n\n<p>Seg\u00fan un an\u00e1lisis publicado por la agencia EFE, esta reuni\u00f3n de l\u00edderes es parte del pulso entre EE UU, de un lado, y Cuba, Nicaragua y Venezuela, de otro, a ra\u00edz de la decisi\u00f3n de Washington de excluirlos de la\u00a0Cumbre de las Am\u00e9ricas, afirmaron expertas.<\/p>\n\n\n\n<p>Aunque a corto plazo La Habana, Caracas y Managua se erigen como vencedores de esta puja \u2014por las cr\u00edticas que la decisi\u00f3n de EE UU suscit\u00f3 en Am\u00e9rica Latina\u2014, a largo plazo se entrev\u00e9 una erosi\u00f3n de la confianza regional y se evidencia la falta de un mecanismo vertebrador e incluyente en el hemisferio occidental, clave para afrontar desaf\u00edos como la migraci\u00f3n, el desarrollo econ\u00f3mico o el cambio clim\u00e1tico.<\/p>\n\n\n\n<p>Para la mexicana Mar\u00eda Cristina Rosas, acad\u00e9mica en la Facultad de Ciencias Pol\u00edticas y Sociales de la Universidad Nacional Aut\u00f3noma de M\u00e9xico (UNAM), la cumbre del ALBA tiene dos mensajes: \u00abEl primero es que, si EE UU hace exclusiones, ellos tambi\u00e9n tienen foros alternativos en donde se pueden reunir y excluir a Washington. El otro mensaje es que hay un sistema excluyente en toda la regi\u00f3n\u00bb.<\/p>\n\n\n\n<p>Claudia Mar\u00edn, investigadora especializada en Am\u00e9rica Latina del Centro de Investigaciones de Pol\u00edtica Internacional (CIPI) de Cuba, cree que la cumbre ser\u00e1 una \u00abratificaci\u00f3n de la soberan\u00eda nacional y regional, no compatible con pol\u00edticas injerencistas\u00bb porque Am\u00e9rica Latina y el Caribe no deben ser asumidas \u00abcomo patio trasero o delantero de ninguna potencia externa\u00bb.<\/p>\n\n\n\n<p>Rosas cree que Cuba, Venezuela y Nicaragua han ganado el pulso a EE UU y que Washington apenas tiene ya margen de maniobra o la posibilidad de una salida airosa: \u00abEn cualquier escenario EE UU quedar\u00e1 mal. Si los invita, se va a ver d\u00e9bil; y si no los invita, se expone a que los que dijeron que no iban cumplan con su palabra\u00bb.<\/p>\n\n\n\n<p class=\"has-text-align-right\"><strong><em>ElNacional.-<\/em><\/strong><\/p>\n","protected":false},"excerpt":{"rendered":"<p>Expertas consideran que la reuni\u00f3n de l\u00edderes es parte del pulso entre EE UU, de un lado, y Cuba, Nicaragua y Venezuela, de otro, a ra\u00edz de la decisi\u00f3n de Washington de excluirlos de la Cumbre de las Am\u00e9ricas<\/p>\n","protected":false},"author":2,"featured_media":18441,"comment_status":"open","ping_status":"open","sticky":false,"template":"","format":"standard","meta":{"jnews-multi-image_gallery":[],"jnews_single_post":[],"jnews_primary_category":[],"jnews_social_meta":[],"jnews_review":[],"enable_review":"","type":"","name":"","summary":"","brand":"","sku":"","good":[],"bad":[],"score_override":"","override_value":"","rating":[],"price":[],"jnews_override_counter":[],"jnews_post_split":[],"footnotes":""},"categories":[59],"tags":[957,2316,1068,45,56],"class_list":["post-18440","post","type-post","status-publish","format-standard","has-post-thumbnail","hentry","category-politica","tag-cuba","tag-cumbre-del-alba","tag-nicolas-maduro","tag-noticias","tag-venezuela"],"amp_enabled":true,"_links":{"self":[{"href":"https:\/\/esreviral.com\/index.php?rest_route=\/wp\/v2\/posts\/18440"}],"collection":[{"href":"https:\/\/esreviral.com\/index.php?rest_route=\/wp\/v2\/posts"}],"about":[{"href":"https:\/\/esreviral.com\/index.php?rest_route=\/wp\/v2\/types\/post"}],"author":[{"embeddable":true,"href":"https:\/\/esreviral.com\/index.php?rest_route=\/wp\/v2\/users\/2"}],"replies":[{"embeddable":true,"href":"https:\/\/esreviral.com\/index.php?rest_route=%2Fwp%2Fv2%2Fcomments&post=18440"}],"version-history":[{"count":0,"href":"https:\/\/esreviral.com\/index.php?rest_route=\/wp\/v2\/posts\/18440\/revisions"}],"wp:featuredmedia":[{"embeddable":true,"href":"https:\/\/esreviral.com\/index.php?rest_route=\/"}],"wp:attachment":[{"href":"https:\/\/esreviral.com\/index.php?rest_route=%2Fwp%2Fv2%2Fmedia&parent=18440"}],"wp:term":[{"taxonomy":"category","embeddable":true,"href":"https:\/\/esreviral.com\/index.php?rest_route=%2Fwp%2Fv2%2Fcategories&post=18440"},{"taxonomy":"post_tag","embeddable":true,"href":"https:\/\/esreviral.com\/index.php?rest_route=%2Fwp%2Fv2%2Ftags&post=18440"}],"curies":[{"name":"wp","href":"https:\/\/api.w.org\/{rel}","templated":true}]}}